{"id":11554,"date":"2013-01-17T20:33:36","date_gmt":"2013-01-17T19:33:36","guid":{"rendered":"http:\/\/rusoch.fr\/?p=11554"},"modified":"2013-01-28T14:12:33","modified_gmt":"2013-01-28T13:12:33","slug":"dni-russkoj-knigi","status":"publish","type":"post","link":"https:\/\/rusoch.fr\/fr\/news\/dni-russkoj-knigi.html","title":{"rendered":" Journ\u00e9es du livre russe et des litt\u00e9ratures russophopnes"},"content":{"rendered":"<p><br class=\"spacer_\" \/><\/p>\n<p><span class=\"hidden_text\">\u0412 \u044d\u0442\u043e\u043c \u0433\u043e\u0434\u0443 \u0414\u043d\u0438 \u0440\u0443\u0441\u0441\u043a\u043e\u0439 \u043a\u043d\u0438\u0433\u0438 \u043f\u0440\u043e\u0439\u0434\u0443\u0442 \u043f\u043e \u043d\u043e\u0432\u043e\u043c\u0443 \u0430\u0434\u0440\u0435\u0441\u0443. \u0420\u044f\u0434\u043e\u043c \u0441 \u0421\u043e\u0440\u0431\u043e\u043d\u043d\u043e\u0439 \u0438 \u043d\u0430\u043f\u0440\u043e\u0442\u0438\u0432 \u041f\u0430\u043d\u0442\u0435\u043e\u043d\u0430&nbsp;&mdash; \u0432 \u043c\u044d\u0440\u0438\u0438 V \u043e\u043a\u0440\u0443\u0433\u0430 \u041f\u0430\u0440\u0438\u0436\u0430.<\/span><\/p>\n<p><span lang=\"fr\">Cette ann\u00e9e les Journ\u00e9es du Livre Russe se d\u00e9rouleront les 15 et 16 f\u00e9vrier \u00e0 la Mairie du 5<sup>e<\/sup> arrondissement. \t\t\t    <br class=\"spacer_\" \/><\/span><\/p>\n<p><a href=\"http:\/\/rusoch.fr\/files\/2012\/12\/424127_535159686504042_1314075694_n.jpg\"><img class=\"shutterset\" title=\"424127_535159686504042_1314075694_n\" src=\"http:\/\/rusoch.fr\/files\/2012\/12\/424127_535159686504042_1314075694_n.jpg\" alt=\"424127_535159686504042_1314075694_n\" \/><\/a><\/p>\n<p><br class=\"spacer_\" \/><\/p>\n<p><span class=\"hidden_text\">15 \u0438 16 \u0444\u0435\u0432\u0440\u0430\u043b\u044f \u043d\u0430 \u043b\u0438\u0442\u0435\u0440\u0430\u0442\u0443\u0440\u043d\u043e\u0439 \u043f\u043b\u043e\u0449\u0430\u0434\u043a\u0435 \u0414\u043d\u0435\u0439 \u043e\u0436\u0438\u0434\u0430\u044e\u0442\u0441\u044f \u043f\u0438\u0441\u0430\u0442\u0435\u043b\u0438 \u0420\u043e\u0441\u0441\u0438\u0438 \u0438 \u0424\u0440\u0430\u043d\u0446\u0438\u0438: \u0411\u043e\u0440\u0438\u0441 \u0410\u043a\u0443\u043d\u0438\u043d, \u0410\u043d\u044c\u0435\u0441 \u0414\u0435\u0437\u0430\u0440\u0442, \u042e\u0440\u0438\u0439 \u0411\u0443\u0439\u0434\u0430, \u0412\u0430\u0441\u0438\u043b\u0438\u0439 \u0413\u043e\u043b\u043e\u0432\u0430\u043d\u043e\u0432, \u0410\u043d\u0434\u0440\u0435\u0439 \u041a\u0443\u0440\u043a\u043e\u0432, \u041c\u0430\u0439\u043b\u0438\u0441 \u0434\u0435 \u041a\u0435\u0440\u0430\u043d\u0433\u0430\u043b\u044c, \u0410\u043d\u0434\u0440\u0435\u0439 \u041c\u0430\u043a\u0438\u043d, \u0416\u0430\u043d-\u041f\u044c\u0435\u0440 \u041c\u0438\u043b\u043e\u0432\u0430\u043d\u043e\u0444\u0444, \u041e\u043b\u044c\u0433\u0430 \u0421\u0435\u0434\u0430\u043a\u043e\u0432\u0430.<\/span><\/p>\n<p><span class=\"hidden_text\">\u0412 \u043f\u0440\u043e\u0433\u0440\u0430\u043c\u043c\u0435 \u0414\u043d\u0435\u0439&nbsp;&mdash; \u0432\u044b\u0441\u0442\u0430\u0432\u043a\u0438, \u0442\u0435\u0430\u0442\u0440, \u043a\u0438\u043d\u043e.<\/span><\/p>\n<p><span class=\"hidden_text\"> <\/span><\/p>\n<p><span class=\"hidden_text\">16 \u0444\u0435\u0432\u0440\u0430\u043b\u044f \u0432 18.30 \u0432\u0440\u0443\u0447\u0435\u043d\u0438\u0435 \u043f\u0440\u0435\u043c\u0438\u0438 \u0420\u0443\u0441\u043e\u0444\u043e\u043d\u0438\u044f.<\/span><\/p>\n<p><span class=\"hidden_text\"> <br class=\"spacer_\" \/><\/span><\/p>\n<p><span class=\"hidden_text\">\u041f\u043e\u0434\u0440\u043e\u0431\u043d\u0430\u044f \u0438\u043d\u0444\u043e\u0440\u043c\u0430\u0446\u0438\u044f \u043d\u0430 \u0441\u0430\u0439\u0442\u0430\u0445:<a href=\"http:\/\/www.journeesdulivrerusse.fr\" target=\"_blank\"> www.journeesdulivrerusse.fr<\/a> \u0438 <a href=\"http:\/\/www.prix-russophonie.org\" target=\"_blank\">www.prix-russophonie.org<\/a> <br class=\"spacer_\" \/><\/span><\/p>\n<p><span lang=\"fr\">Le 14 f\u00e9vrier \u00e0 18h aura lieu une conf\u00e9rence \u00e0 la Bulac (Biblioth\u00e8que  Universitaire 65, rue des Grands Moulins 75013 m\u00e9tro Biblioth\u00e8que  Fran\u00e7ois Mitterrand) sur Asie Centrale : litt\u00e9rature et soci\u00e9t\u00e9 sous  l&#39;angle de la russophonie avec de nombreux \u00e9crivains d&#39;Asie Centrale. De  la m\u00eame r\u00e9gion du monde, un festivale de cin\u00e9ma se d\u00e9roulera au cin\u00e9ma  la Clef , m\u00b0 Censier Daubenton dans le 5\u00e8me parall\u00e8lement aux journ\u00e9es  du livre russe.<\/span><\/p>\n<p><span lang=\"fr\">La remise du Prix russophonie le samedi 16<\/span><span lang=\"fr\"><span lang=\"fr\"> f\u00e9vrier <\/span> \u00e0 18h30.<\/span><\/p>\n<p><span lang=\"fr\"> <\/span><\/p>\n<p><span lang=\"fr\">Tout est sur les sites internet \u00a0 <a href=\"http:\/\/www.journeesdulivrerusse.fr\" target=\"_blank\">www.journeesdulivrerusse.fr<\/a> et <a href=\"http:\/\/www.prix-russophonie.org\" target=\"_blank\">www.prix-russophonie.org<\/a><\/span><\/p>\n","protected":false},"excerpt":{"rendered":"<p>Cette ann\u00e9e les Journ\u00e9es du Livre Russe se d\u00e9rouleront les 15 et 16 f\u00e9vrier \u00e0 la Mairie du 5e arrondissement.\u2026<\/p>\n","protected":false},"author":2,"featured_media":0,"comment_status":"open","ping_status":"open","sticky":false,"template":"","format":"standard","meta":[],"categories":[1],"tags":[],"aioseo_notices":[],"_links":{"self":[{"href":"https:\/\/rusoch.fr\/fr\/wp-json\/wp\/v2\/posts\/11554"}],"collection":[{"href":"https:\/\/rusoch.fr\/fr\/wp-json\/wp\/v2\/posts"}],"about":[{"href":"https:\/\/rusoch.fr\/fr\/wp-json\/wp\/v2\/types\/post"}],"author":[{"embeddable":true,"href":"https:\/\/rusoch.fr\/fr\/wp-json\/wp\/v2\/users\/2"}],"replies":[{"embeddable":true,"href":"https:\/\/rusoch.fr\/fr\/wp-json\/wp\/v2\/comments?post=11554"}],"version-history":[{"count":0,"href":"https:\/\/rusoch.fr\/fr\/wp-json\/wp\/v2\/posts\/11554\/revisions"}],"wp:attachment":[{"href":"https:\/\/rusoch.fr\/fr\/wp-json\/wp\/v2\/media?parent=11554"}],"wp:term":[{"taxonomy":"category","embeddable":true,"href":"https:\/\/rusoch.fr\/fr\/wp-json\/wp\/v2\/categories?post=11554"},{"taxonomy":"post_tag","embeddable":true,"href":"https:\/\/rusoch.fr\/fr\/wp-json\/wp\/v2\/tags?post=11554"}],"curies":[{"name":"wp","href":"https:\/\/api.w.org\/{rel}","templated":true}]}}