{"id":14552,"date":"2013-08-07T14:00:24","date_gmt":"2013-08-07T13:00:24","guid":{"rendered":"http:\/\/rusoch.fr\/?p=14552"},"modified":"2013-08-07T14:12:44","modified_gmt":"2013-08-07T13:12:44","slug":"et-la-bretagne-submergea-le-bois-de-boulogne","status":"publish","type":"post","link":"https:\/\/rusoch.fr\/fr\/news\/et-la-bretagne-submergea-le-bois-de-boulogne.html","title":{"rendered":"Et la Bretagne \u00absubmergea\u00bb le bois de Boulogne"},"content":{"rendered":"<p><br class=\"spacer_\" \/><\/p>\n<p>Comme le dit un proverbe breton \u00abQuand les 7 vents soufflent ensemble, la temp\u00eate va se d\u00e9cha\u00eener!\u00bb<\/p>\n<p>\u00abQuel vent a apport\u00e9 ici autant de monde?\u00a0\u00bb me demandais-je ce dimanche-l\u00e0 dans une des longues files d&#39;attente \u00e0 l&#39;entr\u00e9e du Jardin d&#39;Acclimatation\u00a0; je n&#39;avais jamais vu un tel attroupement dans ce parc. Une joyeuse ambiance r\u00e9gnait derri\u00e8re les grilles du jardin. Le festival <strong>\u00ab\u00a0La Bretagne \u00e0 Paris\u00a0\u00bb<\/strong> battait son plein. Quand les sons de cornemuses, des bombardes et des tambours retentirent, les personnes dans la file d&#39;attente commenc\u00e8rent \u00e0 s&#39;impatienter et observaient avec tristesse \u00e0 travers\u00a0les barreaux comment le groupe de musiciens aux habits bleus qui se tenaient au-dessous du drapeau breton aux rayures noires-blanches commen\u00e7ait sa parade festive \u00e0 travers le parc. Finalement nos inqui\u00e9tudes disparurent tr\u00e8s vite puisque cette musique bretonne allait nous accompagner tout au fil de notre promenade.<!--more--><\/p>\n<p><br class=\"spacer_\" \/><\/p>\n<p><a href=\"http:\/\/rusoch.fr\/files\/2013\/05\/dsc_0255.jpg\"><img class=\"shutterset\" title=\"dsc_0255\" src=\"http:\/\/rusoch.fr\/files\/2013\/05\/dsc_0255-470x400.jpg\" alt=\"dsc_0255\" \/><\/a><\/p>\n<p><br class=\"spacer_\" \/><\/p>\n<p>A c\u00f4t\u00e9 de la file d&#39;attente devant l&#39;entr\u00e9e, il y avait une grande carte de <em>Bretagne<\/em> gr\u00e2ce \u00e0 laquelle nous avons appris que dans cette r\u00e9gion \u00e0 l&#39;ouest de la France vivent 4,5 millions d&#39;habitants, qu&#39;elle r\u00e9unit 800 \u00eeles, que les c\u00f4tes sont bord\u00e9es par l&#39;Oc\u00e9an sur plus de 1100 km et qu&#39;elle contient le plus grand ensemble m\u00e9galithique du monde. La carte, \u00e9tal\u00e9e tel un tapis servait de divertissement pour les enfants, qui \u00e0 ma grande stup\u00e9faction, connaissaient la r\u00e9gion. Les enfants sautaient de ville en ville sur la carte d\u00e8s que leurs m\u00e8res pronon\u00e7aient un nom de ville. Il paraissait clair \u00e0 tous qu&#39;ils \u00e9taient des enfants issus de familles bretonnes. Cela me rappela soudain que dans mon entourage \u00e0 Paris il y a toujours eu beaucoup de descendants de Bretons\u00a0: c&#39;est-\u00e0-dire que mes amis bretons portent leurs racines avec fiert\u00e9 non pas pour se sentir sup\u00e9rieur aux autres mais au contraire comme pour se moquer d&#39;eux-m\u00eames et dire \u00ab\u00a0ne me jugez pas, je suis breton\u00a0\u00bb.<\/p>\n<p><br class=\"spacer_\" \/><\/p>\n<p><a href=\"http:\/\/rusoch.fr\/files\/2013\/05\/dsc_0954.jpg\"><img class=\"shutterset\" title=\"dsc_0954\" src=\"http:\/\/rusoch.fr\/files\/2013\/05\/dsc_0954-561x400.jpg\" alt=\"dsc_0954\" \/><\/a><\/p>\n<p><br class=\"spacer_\" \/><\/p>\n<p>C&#39;est incroyable comment <em>les Bretons<\/em>, qui ont \u00e9t\u00e9 emport\u00e9s par les vents de l&#39;histoire loin de leurs berceau de granite n&#39;aient pas perdu leurs traditions ni oubli\u00e9 leurs origines mais transmettent la m\u00e9moire de leur patrie de g\u00e9n\u00e9ration en g\u00e9n\u00e9ration bien qu&#39;ils l&#39;aient quitt\u00e9e il y a fort longtemps. Je ne connais aucune autre r\u00e9gion de France o\u00f9 les gens r\u00e9sistent avec autant d&#39;obstination et de pers\u00e9v\u00e9rance au nivellement et \u00e0 la tonsure \u00ab \u00e0 la fran\u00e7aise\u00a0\u00bb, o\u00f9 non seulement les vieillards gardent les traditions de leurs a\u00efeuls mais o\u00f9 les jeunes aussi sont fiers de leur appartenance \u00e0 cette ancienne tribu celte.<\/p>\n<p>D\u00e8s que nous sommes entr\u00e9s dans le parc, nous sommes d&#39;abord all\u00e9s vers la grande sc\u00e8ne d&#39;o\u00f9 retentissaient des m\u00e9lodies de Bretagne, qui emmenaient notre imagination vers les c\u00f4tes Atlantiques avec leurs l\u00e9gendes de druides et leurs tristes histoires de f\u00e9es et de sir\u00e8nes. Et voil\u00e0 que les cornemuses, les bombardes de diff\u00e9rentes tailles, les gros tambours commenc\u00e8rent \u00e0 jouer une musique entra\u00eenante et qu&#39;une partie du public&nbsp;&mdash; sans se faire prier- se mit soudain \u00e0 danser en face de nous tout en formant un cercle en se tenant par les petits doigts\u00a0; connaissant l&#39;encha\u00eenement ils se mirent soit par paires soit en ronde. S&#39;incruster dans une telle ronde n&#39;est pas une mince affaire, il faut conna\u00eetre l&#39;ordre, le rythme et la chor\u00e9graphie.<\/p>\n<p><br class=\"spacer_\" \/><\/p>\n<p><a href=\"http:\/\/rusoch.fr\/files\/2013\/05\/dsc_0753.jpg\"><img class=\"shutterset\" title=\"dsc_0753\" src=\"http:\/\/rusoch.fr\/files\/2013\/05\/dsc_0753-513x400.jpg\" alt=\"dsc_0753\" \/><\/a><\/p>\n<p><br class=\"spacer_\" \/><\/p>\n<p>Mais il y avait aussi une autre sc\u00e8ne plus loin, un peu plus basse et d&#39;o\u00f9 les artistes descendaient simplement dans le pr\u00e9 vert pour entrer dans la danse, se m\u00e9langeant avec le public. Sur cette sc\u00e8ne, les artistes expliquaient les quelques \u00ab\u00a0secrets\u00bb des danses bretonnes et montraient les gestes simples\u00a0: il faut donc, dans une des danses traditionnelles s&#39;accrocher chacun avec ses deux voisins par l&#39;auriculaire et tourner deux fois les mains vers l&#39;avant et deux fois en arri\u00e8re. A un certain moment dans ce pr\u00e9, il y avait tellement de volontaires pour danser que les artistes commenc\u00e8rent de guider la foule en serpentant en spirale pour qu&#39;il y ait de la place pour tout le monde. L&#39;objectif de mon appareil photo n&#39;arrivait pas \u00e0 embrasser tout le champ et on ne voit qu&#39;une petite partie de cette joyeuse ronde. Il faut noter que les danseurs dans le pr\u00e9 n&#39;\u00e9taient pas tous d&#39;origine bretonne.<\/p>\n<p><br class=\"spacer_\" \/><\/p>\n<p><a href=\"http:\/\/rusoch.fr\/files\/2013\/05\/dsc_0783.jpg\"><img class=\"shutterset\" title=\"dsc_0783\" src=\"http:\/\/rusoch.fr\/files\/2013\/05\/dsc_0783-597x400.jpg\" alt=\"dsc_0783\" \/><\/a><\/p>\n<p><br class=\"spacer_\" \/><\/p>\n<p><strong>\u00ab\u00a0Une \u00eele\u00a0\u00bb bretonne \u00e0 Paris<\/strong><\/p>\n<p>Lors du festival \u00ab<em>La Bretagne \u00e0 Paris\u00bb<\/em>&nbsp;&mdash; \u00abBreizh e Paris\u00bb qui, h\u00e9las, arrivait \u00e0 sa fin, 500 artistes ont \u00e9t\u00e9 mobilis\u00e9s (musiciens, danseurs, conteurs) de diff\u00e9rentes villes bretonnes, ainsi que de Paris et d&#39;Ile-de-France. Il s&#39;av\u00e8re qu&#39;\u00e0 Paris et en banlieue, selon les donn\u00e9es de l&#39;association \u00ab\u00a0Paris breton\u00a0\u00bb, vivent plus d&#39;un million de personnes originaires de <em>Bretagne<\/em>. Leurs anc\u00eatres ont depuis fort longtemps un lien avec la capitale\u00a0: soit ils travaillaient dans la garde du Roi, soit ils \u00e9taient marins ou missionnaires qui partaient en voyages vers des pays lointains depuis la France.<\/p>\n<p>Le plus fort flux des \u00e9migr\u00e9es bretons a d\u00e9but\u00e9 au 19<sup>\u00e8me<\/sup> si\u00e8cle quand apr\u00e8s les r\u00e9volutions et durant les guerres napol\u00e9oniennes la France se d\u00e9tourna de la mer et la laissa \u00e0 l&#39;Angleterre, arr\u00eata toutes les march\u00e9s et tous les liens \u00e9conomiques entre les pays du sud et du nord, interdit l&#39;exportation des tissus de lin en Angleterre. Les marins bretons perdirent alors leur utilit\u00e9. Vers 1872 il y eut un pic d\u00e9mographique dans la r\u00e9gion qui atteignait les 3 millions d&#39;habitants. Les hommes bretons commenc\u00e8rent \u00e0 partir pour du travail saisonnier \u00e0 la capitale o\u00f9 on les appr\u00e9ciait pour leurs fortes mains et un petit salaire\u00a0; on les exploitait dans les travaux p\u00e9nibles&nbsp;&mdash; la construction en ville, le creusement des tranch\u00e9es, la r\u00e9fection de routes.<\/p>\n<p><br class=\"spacer_\" \/><\/p>\n<p><a href=\"http:\/\/rusoch.fr\/files\/2013\/05\/dsc_1148.jpg\"><img class=\"shutterset\" title=\"dsc_1148\" src=\"http:\/\/rusoch.fr\/files\/2013\/05\/dsc_1148-560x400.jpg\" alt=\"dsc_1148\" \/><\/a><\/p>\n<p><br class=\"spacer_\" \/><\/p>\n<p>D\u00e8s que les premiers trains atteignirent la <em>Bretagne<\/em>, toute de suite commen\u00e7a la migration en masse de<em> Bretons <\/em>vers la capitale. Avec le chemin de fer commen\u00e7a \u00e9galement l&#39;exportation de gros blocs de granite gris, d\u00e9corations de pierre pour les travaux grandioses du pr\u00e9fet Haussmann. Les m\u00eames trains en direction de la capitale amen\u00e8rent la main-d&#39;\u0153uvre, ma\u00e7ons, graveurs loin de leurs ch\u00e8res c\u00f4tes rocheuses. De 1893 \u00e0 1911, 200\u00a0000 Bretons quitt\u00e8rent leurs p\u00e9nates et s&#39;install\u00e8rent pour toujours \u00e0 Paris. En outre, ils se sont principalement install\u00e9s autour de la gare Montparnasse o\u00f9 les d\u00e9posaient leurs trains.<\/p>\n<p>On notera aussi que par hasard cette gare porte le nom d&#39;un <em>Breton<\/em> c\u00e9l\u00e8bre, Fulgence Bienven\u00fce, le \u00abp\u00e8re\u00bb du m\u00e9tro parisien. Voil\u00e0 pourquoi dans les 14<sup>\u00e8me<\/sup> et 15<sup>\u00e8me<\/sup> arrondissements il y a la plus forte concentration de la capitale en cr\u00eaperies, caf\u00e9s et bars bretons o\u00f9 flotte le drapeau aux rayures noires et blanches.<\/p>\n<p>D&#39;ailleurs, aujourd&#39;hui les maires des 6<sup>\u00e8me<\/sup>, 15<sup>\u00e8me<\/sup>, 16<sup>\u00e8me<\/sup> et 19<sup>\u00e8me<\/sup> arrondissements de Paris sont bretons.<\/p>\n<p>Les Bretons ne coupent pas leurs liens avec leur patrie historique. A Paris et en banlieue il existe environ 100 associations bretonnes actives, groupes de diff\u00e9rents types, ensembles de musiciens. Il existe m\u00eame \u00e0 Paris une \u00e9cole o\u00f9 les enfants apprennent les deux langues&nbsp;&mdash; fran\u00e7ais et breton.<\/p>\n<p>La langue bretonne fait partie du groupe des langues indo-europ\u00e9ennes. Cette langue est dans la liste de l&#39;UNESCO parmi les langues menac\u00e9es de disparition.<\/p>\n<p><br class=\"spacer_\" \/><\/p>\n<p><a href=\"http:\/\/rusoch.fr\/files\/2013\/05\/dsc_0710.jpg\"><img class=\"shutterset\" title=\"dsc_0710\" src=\"http:\/\/rusoch.fr\/files\/2013\/05\/dsc_0710-583x400.jpg\" alt=\"dsc_0710\" \/><\/a><\/p>\n<p><br class=\"spacer_\" \/><\/p>\n<p><strong>\u00ab\u00a0Made in Bretagne\u00a0\u00bb<\/strong><\/p>\n<p>Sur les deux sc\u00e8nes se produisaient en alternance des collectifs d&#39;artistes, en costumes traditionnels. Des jeunes filles, des femmes m\u00fbres montraient avec fiert\u00e9 leurs incroyables tenues de couleurs diff\u00e9rentes, avec des broderies, des dentelles, des tabliers de soie. On se demandait comment leurs coiffes tenaient sur leurs t\u00eates. Chaque village poss\u00e8de son propre costume, ses ornements insolites, ses dentelles originales. La plupart des v\u00eatements se sont gard\u00e9s avec beaucoup de soins pendant 100 ans\u00a0!<\/p>\n<p>Les hommes aussi ont de la chance\u00a0: sur leurs costumes coquets se trouvent des broderies originales sur deux rangs, des boutons brillants de m\u00e9tal ou d&#39;os. On nous montrait les costumes qui ont \u00e9t\u00e9 port\u00e9s lors des f\u00eates et des jours de march\u00e9s. On aurait dit que les enfants sur sc\u00e8ne sortaient de films historiques et ils faisaient aussi la d\u00e9monstration de leurs v\u00eatements h\u00e9rit\u00e9s de leurs arri\u00e8re grands-p\u00e8res et arri\u00e8re grand-m\u00e8res.<\/p>\n<p>\u00ab\u00a0Je couds moi-m\u00eame mes costumes, mais les broderies et les dentelles sont anciennes et datent du d\u00e9but du 20<sup>\u00e8me<\/sup> si\u00e8cle,&nbsp;&mdash; m&#39;expliquait une femme du collectif \u00abCercle Celtique Kan Breizh\u00a0\u00bb de Rambouillet,&nbsp;&mdash; on envoie chaque ann\u00e9e les dentelles en Bretagne pour les blanchir et empeser\u00a0\u00bb.<a name=\"_GoBack\"><\/a><\/p>\n<p>Son compagnon de danse M. Dujardin voulait ajouter autre chose: \u00ab\u00a0Nous participons aux diff\u00e9rents concours de danses bretonnes. Regardez-nous sur Youtube... Sachez que dans notre groupe nous avons une femme russe. Notre culture et nos danses lui plaisent\u00a0!\u00a0\u00bb<\/p>\n<p><br class=\"spacer_\" \/><\/p>\n<p><a href=\"http:\/\/rusoch.fr\/files\/2013\/05\/dsc_0910.jpg\"><img class=\"shutterset\" title=\"dsc_0910\" src=\"http:\/\/rusoch.fr\/files\/2013\/05\/dsc_0910-578x400.jpg\" alt=\"dsc_0910\" \/><\/a><\/p>\n<p><br class=\"spacer_\" \/><\/p>\n<p>Quand le programme musical s&#39;approcha de la fin, nous nous dirige\u00e2mes vers un village breton o\u00f9 nous pouvions d\u00e9guster de d\u00e9licieuses cr\u00eapes et galettes de sarrasin ou alors acheter des c\u00e9l\u00e8bres biscuits bretons, des sardines, des soupes de poisson.<\/p>\n<p><br class=\"spacer_\" \/><\/p>\n<p><a href=\"http:\/\/rusoch.fr\/files\/2013\/05\/dsc_0073.jpg\"><img class=\"shutterset\" title=\"dsc_0073\" src=\"http:\/\/rusoch.fr\/files\/2013\/05\/dsc_0073-600x360.jpg\" alt=\"dsc_0073\" \/><\/a><\/p>\n<p><br class=\"spacer_\" \/><\/p>\n<p>Ici on pouvait admirer ou acheter de la bijouterie, des cosm\u00e9tiques, des sacs fabriqu\u00e9s avec de vraies voiles. Tous ces produits \u00e9taient <em>\u00ab\u00a0Made in Bretagne\u00a0\u00bb<\/em>. Bien \u00e9videmment il n&#39;est pas possible d&#39;imaginer <em>la Bretagne<\/em> sans les fameuses marini\u00e8res\u00a0! Nous trouv\u00e2mes le stand de la c\u00e9l\u00e8bre marque \u00ab\u00a0Armorlux\u00a0\u00bb qui est comme le phare solitaire qui illumine les ruines du textile fran\u00e7ais. Des marini\u00e8res de toutes les couleurs et de toutes les tailles sont confectionn\u00e9es en France! Et pour mieux nous convaincre on a install\u00e9 une machine \u00e0 couture o\u00f9 une jeune fille coud diff\u00e9rents motifs. Elle peut m\u00eame coudre tout ce que l&#39;acheteur lui demande.<\/p>\n<p>Dans ce \u00ab\u00a0village\u00a0\u00bb les musiciens fatigu\u00e9s ont rang\u00e9 leurs cornemuses et bombardes et se sont pos\u00e9s dans le bar en mangeant des huitres ou buvant de la bi\u00e8re bretonne et du breizh cola.<\/p>\n<p>Seulement les spectateurs ne se pressaient pas pour s&#39;en aller, et sous la musique bretonne enregistr\u00e9e ils continuaient de danser et de mener les rondes.<\/p>\n<p>Nous sort\u00eemes du parc et une pens\u00e9e traversa mon esprit\u00a0: c&#39;est bien que le peuple breton endurci sous \u00ables sept vents\u00bb comme un rochet de granite ne se soit pas dessoud\u00e9, ni ne se soit pli\u00e9 sous les coups de l&#39;histoire ...<\/p>\n","protected":false},"excerpt":{"rendered":"<p>Comme le dit un proverbe breton \u00abQuand les 7 vents soufflent ensemble, la temp\u00eate va se d\u00e9cha\u00eener!\u00bb \u00abQuel vent a\u2026<\/p>\n","protected":false},"author":2,"featured_media":0,"comment_status":"open","ping_status":"open","sticky":false,"template":"","format":"standard","meta":[],"categories":[1],"tags":[1731,1730],"aioseo_notices":[],"_links":{"self":[{"href":"https:\/\/rusoch.fr\/fr\/wp-json\/wp\/v2\/posts\/14552"}],"collection":[{"href":"https:\/\/rusoch.fr\/fr\/wp-json\/wp\/v2\/posts"}],"about":[{"href":"https:\/\/rusoch.fr\/fr\/wp-json\/wp\/v2\/types\/post"}],"author":[{"embeddable":true,"href":"https:\/\/rusoch.fr\/fr\/wp-json\/wp\/v2\/users\/2"}],"replies":[{"embeddable":true,"href":"https:\/\/rusoch.fr\/fr\/wp-json\/wp\/v2\/comments?post=14552"}],"version-history":[{"count":0,"href":"https:\/\/rusoch.fr\/fr\/wp-json\/wp\/v2\/posts\/14552\/revisions"}],"wp:attachment":[{"href":"https:\/\/rusoch.fr\/fr\/wp-json\/wp\/v2\/media?parent=14552"}],"wp:term":[{"taxonomy":"category","embeddable":true,"href":"https:\/\/rusoch.fr\/fr\/wp-json\/wp\/v2\/categories?post=14552"},{"taxonomy":"post_tag","embeddable":true,"href":"https:\/\/rusoch.fr\/fr\/wp-json\/wp\/v2\/tags?post=14552"}],"curies":[{"name":"wp","href":"https:\/\/api.w.org\/{rel}","templated":true}]}}