{"id":14905,"date":"2013-09-16T00:59:42","date_gmt":"2013-09-15T23:59:42","guid":{"rendered":"http:\/\/rusoch.fr\/?p=14905"},"modified":"2014-09-20T10:40:05","modified_gmt":"2014-09-20T09:40:05","slug":"romanovy-i-parizh","status":"publish","type":"post","link":"https:\/\/rusoch.fr\/fr\/events\/romanovy-i-parizh.html","title":{"rendered":" Les Romanov"},"content":{"rendered":"<p><span class=\"hidden_text\">\u0412 \u0440\u0435\u0437\u0438\u0434\u0435\u043d\u0446\u0438\u0438 \u043f\u043e\u0441\u043b\u0430 \u0420\u043e\u0441\u0441\u0438\u0438 \u0432\u043e \u0424\u0440\u0430\u043d\u0446\u0438\u0438 \u0432 \u0440\u0430\u043c\u043a\u0430\u0445 \u0414\u043d\u0435\u0439 \u043d\u0430\u0441\u043b\u0435\u0434\u0438\u044f \u043f\u0440\u043e\u0445\u043e\u0434\u0438\u0442 \u0432\u044b\u0441\u0442\u0430\u0432\u043a\u0430, \u043f\u043e\u0441\u0432\u044f\u0449\u0435\u043d\u043d\u0430\u044f 400-\u043b\u0435\u0442\u0438\u044e \u0414\u043e\u043c\u0430 \u0420\u043e\u043c\u0430\u043d\u043e\u0432\u044b\u0445.<\/span><\/p>\n<p><span class=\"hidden_text\">\u042d\u043a\u0441\u043f\u043e\u043d\u0430\u0442\u044b \u043b\u044e\u0431\u0435\u0437\u043d\u043e \u043f\u0440\u0435\u0434\u043e\u0441\u0442\u0430\u0432\u0438\u043b\u0438 \u041c\u0443\u0437\u0435\u0439 \u0438\u0441\u0442\u043e\u0440\u0438\u0438 \u041c\u043e\u0441\u043a\u0432\u044b, \u0420\u0443\u0441\u0441\u043a\u0438\u0439 \u0434\u043e\u043c \u0432 \u0421\u0435\u043d\u0442-\u0416\u0435\u043d\u0435\u0432\u044c\u0435\u0432-\u0434\u0435-\u0411\u0443\u0430, \u0440\u0443\u0441\u0441\u043a\u0438\u0435 \u0438 \u0444\u0440\u0430\u043d\u0446\u0443\u0437\u0441\u043a\u0438\u0435 \u043a\u043e\u043b\u043b\u0435\u043a\u0446\u0438\u043e\u043d\u0435\u0440\u044b. \u041a\u043e\u043c\u0438\u0441\u0441\u0430\u0440\u043e\u043c \u0432\u044b\u0441\u0442\u0430\u0432\u043a\u0438 \u0432\u044b\u0441\u0442\u0443\u043f\u0438\u043b \u0421\u0438\u0440\u0438\u043b \u0411\u0443\u043b\u0435.<\/span><\/p>\n<p><span class=\"hidden_text\"><em>\u00ab\u0420\u0443\u0441\u0441\u043a\u0438\u0439 \u043e\u0447\u0435\u0432\u0438\u0434\u0435\u0446\u00bb<\/em> \u043f\u0440\u043e\u0448\u0435\u043b \u043f\u043e \u0437\u0430\u043b\u0430\u043c \u0432\u0435\u043b\u0438\u043a\u043e\u043b\u0435\u043f\u043d\u043e\u0433\u043e \u043e\u0441\u043e\u0431\u043d\u044f\u043a\u0430 XVII \u0432\u0435\u043a\u0430&nbsp;&mdash; \u0414\u0432\u043e\u0440\u0446\u0430 \u0434&#39;\u042d\u0441\u0442\u0440\u0435.<\/span><\/p>\n<p><span lang=\"fr\">Dans le cadre des Journ\u00e9es du patrimoine, l&#39;H\u00f4tel d&#39;Estr\u00e9es, l&#39;actuelle r\u00e9sidence de l&#39;ambassadeur de la Russie en France accueille l&#39;exposition consacr\u00e9e aux Romanov.<\/span><\/p>\n<p><span lang=\"fr\"> Cette manifestation culturelle c\u00e9l\u00e8bre le 400-\u00e8me anniversaire de l&#39;accession au tr\u00f4ne de Russie du premier d&#39;entre eux, sous le titre du tsar Michel I, qui va devenir le fondateur de l&#39;une des plus puissantes dynasties d&#39;Europe. <\/span><\/p>\n<p><span lang=\"fr\"><em>L&#39;Observateur Russe<\/em> a visit\u00e9 l&#39;exposition.<br \/>\n<\/span><\/p>\n<p><span class=\"hidden_text\"><!--more--><\/span><\/p>\n<p><div style=\"width: 551px\" class=\"wp-caption alignnone\"><a href=\"http:\/\/rusoch.fr\/files\/2013\/09\/400-romanoff-002.jpg\"><img loading=\"lazy\" class=\"shutterset \" alt=\"400-romanoff-002\" src=\"http:\/\/rusoch.fr\/files\/2013\/09\/400-romanoff-002-541x400.jpg\" width=\"541\" height=\"400\" \/><\/a><p class=\"wp-caption-text\">\u0424.\u041a\u0430\u0443\u043b\u044c\u0431\u0430\u0445, \u041f\u0430\u0440\u0430\u0434\u043d\u044b\u0439 \u043f\u043e\u0440\u0442\u0440\u0435\u0442 \u0438\u043c\u043f\u0435\u0440\u0430\u0442\u0440\u0438\u0446\u044b \u0410\u043b\u0435\u043a\u0441\u0430\u043d\u0434\u0440\u044b \u0424\u0435\u0434\u043e\u0440\u043e\u0432\u043d\u044b, 1913 | F.Kaulbach, Grand portrait de l&#39;imp\u00e9ratrice Alexandra Fedorovna de Russie, 1913. \u00a9Boris Guessel<\/p><\/div><br \/>\n<div style=\"width: 276px\" class=\"wp-caption alignnone\"><a href=\"http:\/\/rusoch.fr\/files\/2013\/09\/400-romanoff-024.jpg\"><img loading=\"lazy\" class=\"shutterset \" alt=\"400-romanoff-024\" src=\"http:\/\/rusoch.fr\/files\/2013\/09\/400-romanoff-024-266x400.jpg\" width=\"266\" height=\"400\" \/><\/a><p class=\"wp-caption-text\">&laquo;\u041f\u043e\u0440\u0442\u0440\u0435\u0442 \u0438\u043c\u043f\u0435\u0440\u0430\u0442\u043e\u0440\u0430 \u041d\u0438\u043a\u043e\u043b\u0430\u044f II&raquo;, \u0418\u0437 \u0441\u043e\u0431\u0440\u0430\u043d\u0438\u044f \u0420\u0443\u0441\u0441\u043a\u043e\u0433\u043e \u0434\u043e\u043c\u0430 \u0432 \u0421\u0435\u043d\u0442-\u0416\u0435\u043d\u0435\u0432\u044c\u0435\u0432-\u0434\u0435-\u0411\u0443\u0430, \u0440\u0430\u043d\u0435\u0435 \u043a\u0430\u0440\u0442\u0438\u043d\u0430 \u0432\u0438\u0441\u0435\u043b\u0430 \u043d\u0430\u0434 \u0442\u0440\u043e\u043d\u043e\u043c \u0432 \u043f\u043e\u0441\u043e\u043b\u044c\u0441\u0442\u0432\u0435 \u0420\u043e\u0441\u0441\u0438\u0438 \u0432 \u041f\u0430\u0440\u0438\u0436\u0435 | L&#39;empereur Nicolas II. Ce tableau se trouvait \u00e0 l&#39;origine expos\u00e9 derri\u00e8re le tr\u00f4ne imp\u00e9riale \u00e0 l&#39;ambassade de Russie \u00e0 Paris. Collection Maison Russe de Sainte Genevi\u00e8ve des Bois. \u00a9Boris Guessel<\/p><\/div><br \/>\n<div style=\"width: 610px\" class=\"wp-caption alignnone\"><a href=\"http:\/\/rusoch.fr\/files\/2013\/09\/400-romanoff-069.jpg\"><img loading=\"lazy\" class=\"shutterset \" alt=\"400-romanoff-069\" src=\"http:\/\/rusoch.fr\/files\/2013\/09\/400-romanoff-069-600x399.jpg\" width=\"600\" height=\"399\" \/><\/a><p class=\"wp-caption-text\">\u041a\u043e\u043f\u0438\u044f \u0441 \u0440\u0430\u0431\u043e\u0442\u044b \u041b.\u042d\u0440\u0441\u0430\u043d\u0430 &laquo;\u041f\u0435\u0442\u0440 I \u0438 \u041b\u044e\u0434\u043e\u0432\u0438\u043a XV&raquo;, 2008 |Reproduction de l&#39;oeuvre de L.Hersent &laquo;Pierre I et Louis XV&raquo;, 2008. \u00a9Boris Guessel<\/p><\/div><br \/>\n<div style=\"width: 610px\" class=\"wp-caption alignnone\"><a href=\"http:\/\/rusoch.fr\/files\/2013\/09\/400-romanoff-035.jpg\"><img loading=\"lazy\" class=\"shutterset\" alt=\"400-romanoff-035\" src=\"http:\/\/rusoch.fr\/files\/2013\/09\/400-romanoff-035-600x399.jpg\" width=\"600\" height=\"399\" \/><\/a><p class=\"wp-caption-text\">\u00a9Boris Guessel<\/p><\/div><br \/>\n<div style=\"width: 610px\" class=\"wp-caption alignnone\"><a href=\"http:\/\/rusoch.fr\/files\/2013\/09\/400-romanoff-039.jpg\"><img loading=\"lazy\" class=\"shutterset \" alt=\"400-romanoff-039\" src=\"http:\/\/rusoch.fr\/files\/2013\/09\/400-romanoff-039-600x399.jpg\" width=\"600\" height=\"399\" \/><\/a><p class=\"wp-caption-text\">\u0418\u043c\u043f\u0435\u0440\u0430\u0442\u043e\u0440 \u041d\u0438\u043a\u043e\u043b\u0430\u0439 I, XIX \u0432\u0435\u043a| Nicolas I, Empereur de Russie XIX si\u00e8cle. \u00a9Boris Guessel<\/p><\/div><br \/>\n<div style=\"width: 610px\" class=\"wp-caption alignnone\"><a href=\"http:\/\/rusoch.fr\/files\/2013\/09\/400-romanoff-074.jpg\"><img loading=\"lazy\" class=\"shutterset \" alt=\"400-romanoff-074\" src=\"http:\/\/rusoch.fr\/files\/2013\/09\/400-romanoff-074-600x399.jpg\" width=\"600\" height=\"399\" \/><\/a><p class=\"wp-caption-text\">\u041f\u0430\u0440\u0430\u0434\u043d\u043e\u0435 \u0431\u043b\u044e\u0434\u043e XVII \u0432\u0435\u043a\u0430 | Grand plat d&#39;honneur \u00e0 d\u00e9cor de l&#39;aigle imp\u00e9rial des Romanoff, XVII si\u00e8cle. \u00a9Boris Guessel<\/p><\/div><br \/>\n<div style=\"width: 610px\" class=\"wp-caption alignnone\"><a href=\"http:\/\/rusoch.fr\/files\/2013\/09\/400-romanoff-086.jpg\"><img loading=\"lazy\" class=\"shutterset\" alt=\"400-romanoff-086\" src=\"http:\/\/rusoch.fr\/files\/2013\/09\/400-romanoff-086-600x399.jpg\" width=\"600\" height=\"399\" \/><\/a><p class=\"wp-caption-text\">\u0412 \u043e\u0434\u043d\u043e\u043c \u0438\u0437 \u0437\u0430\u043b\u043e\u0432 \u0440\u0435\u0437\u0438\u0434\u0435\u043d\u0446\u0438\u0438 | Dans un salon de l&#39;H\u00f4tel d&#39;Estr\u00e9es. \u00a9Boris Guessel<\/p><\/div><\/p>\n<p>&nbsp;<\/p>\n<address><span class=\"hidden_text\">\u0414\u043e 22 \u0441\u0435\u043d\u0442\u044f\u0431\u0440\u044f<\/span><\/address>\n<address><span class=\"hidden_text\">\u0427\u0430\u0441\u044b \u0440\u0430\u0431\u043e\u0442\u044b <a href=\"http:\/\/rusoch.fr\/files\/2012\/12\/communique-de-presse.pdf\">\u0437\u0434\u0435\u0441\u044c <\/a><\/span><\/address>\n<address><span lang=\"fr\"><a href=\"http:\/\/rusoch.fr\/files\/2012\/12\/communique-de-presse.pdf\"> Plus d&#39;information <\/a><br class=\"spacer_\" \/><\/span><\/address>\n","protected":false},"excerpt":{"rendered":"<p>Dans le cadre des Journ\u00e9es du patrimoine, l&#39;H\u00f4tel d&#39;Estr\u00e9es, l&#39;actuelle r\u00e9sidence de l&#39;ambassadeur de la Russie en France accueille l&#39;exposition\u2026<\/p>\n","protected":false},"author":2,"featured_media":14922,"comment_status":"open","ping_status":"open","sticky":false,"template":"","format":"standard","meta":[],"categories":[6],"tags":[1747],"aioseo_notices":[],"_links":{"self":[{"href":"https:\/\/rusoch.fr\/fr\/wp-json\/wp\/v2\/posts\/14905"}],"collection":[{"href":"https:\/\/rusoch.fr\/fr\/wp-json\/wp\/v2\/posts"}],"about":[{"href":"https:\/\/rusoch.fr\/fr\/wp-json\/wp\/v2\/types\/post"}],"author":[{"embeddable":true,"href":"https:\/\/rusoch.fr\/fr\/wp-json\/wp\/v2\/users\/2"}],"replies":[{"embeddable":true,"href":"https:\/\/rusoch.fr\/fr\/wp-json\/wp\/v2\/comments?post=14905"}],"version-history":[{"count":0,"href":"https:\/\/rusoch.fr\/fr\/wp-json\/wp\/v2\/posts\/14905\/revisions"}],"wp:featuredmedia":[{"embeddable":true,"href":"https:\/\/rusoch.fr\/fr\/wp-json\/wp\/v2\/media\/14922"}],"wp:attachment":[{"href":"https:\/\/rusoch.fr\/fr\/wp-json\/wp\/v2\/media?parent=14905"}],"wp:term":[{"taxonomy":"category","embeddable":true,"href":"https:\/\/rusoch.fr\/fr\/wp-json\/wp\/v2\/categories?post=14905"},{"taxonomy":"post_tag","embeddable":true,"href":"https:\/\/rusoch.fr\/fr\/wp-json\/wp\/v2\/tags?post=14905"}],"curies":[{"name":"wp","href":"https:\/\/api.w.org\/{rel}","templated":true}]}}