{"id":15688,"date":"2013-11-05T14:39:01","date_gmt":"2013-11-05T13:39:01","guid":{"rendered":"http:\/\/rusoch.fr\/?p=15688"},"modified":"2013-11-06T20:36:51","modified_gmt":"2013-11-06T19:36:51","slug":"les-saisons-theatrales-de-saint-petersbourg-a-marseille","status":"publish","type":"post","link":"https:\/\/rusoch.fr\/fr\/news\/les-saisons-theatrales-de-saint-petersbourg-a-marseille.html","title":{"rendered":"Les Saisons Th\u00e9\u00e2trales de Saint P\u00e9tersbourg\u00bb \u00e0 Marseille"},"content":{"rendered":"<p><br class=\"spacer_\" \/><\/p>\n<p align=\"center\"><strong> <\/strong><\/p>\n<p><strong> <\/strong><\/p>\n<p>Du 18 au 29 Novembre 2013, dans le cadre des \u00abSaisons Th\u00e9\u00e2trales de Saint-P\u00e9tersbourg\u00bb \u00e0 Marseille sur les sc\u00e8ne de l&#39;Op\u00e9ra Municipal de Marseille et du Th\u00e9\u00e2tre Toursky seront pr\u00e9sent\u00e9s les quatre meilleurs spectacles<em> <\/em>des Th\u00e9\u00e2tres Saint-P\u00e9tersbourg, et un Concert de Gala des \u00e9toiles du Ballet de\u00a0 Saint-P\u00e9tersbourg, le Mariinsky, ainsi qu&#39;une exposition de marionnettes. <!--more--><\/p>\n<p><br class=\"spacer_\" \/><\/p>\n<p><a href=\"http:\/\/rusoch.fr\/files\/2013\/11\/showbill2.jpg\"><img class=\"shutterset\" title=\"showbill2\" src=\"http:\/\/rusoch.fr\/files\/2013\/11\/showbill2-280x400.jpg\" alt=\"showbill2\" \/><\/a><br class=\"spacer_\" \/><\/p>\n<p><br class=\"spacer_\" \/><\/p>\n<p><a href=\"http:\/\/rusoch.fr\/files\/2012\/02\/afisha_360_5851-1.jpg\"><img class=\"shutterset\" title=\"afisha_360_5851-1\" src=\"http:\/\/rusoch.fr\/files\/2012\/02\/afisha_360_5851-1-264x400.jpg\" alt=\"afisha_360_5851-1\" \/><\/a><\/p>\n<p><br class=\"spacer_\" \/><\/p>\n<p>Le projet \u00ables Saisons Th\u00e9\u00e2trales de Saint-P\u00e9tersbourg\u00bb, que nous appelons aussi \u00ab le Miroir de Saint-P\u00e9tersbourg th\u00e9\u00e2tral \u00bb et aussi \u00abla Fen\u00eatre de Saint-P\u00e9tersbourg vers l&#39;Europe\u00bb , a \u00e9t\u00e9 cr\u00e9\u00e9 en 2007.<\/p>\n<p>Ce Festival se d\u00e9roule chaque ann\u00e9e et a d\u00e9j\u00e0 \u00e9t\u00e9 re\u00e7u avec succ\u00e8s \u00e0 Prague, Helsinki, Milan, Tel-Aviv, Ha\u00effa, Berlin et Dresde.<\/p>\n<p>Gr\u00e2ce \u00e0 cet \u00e9v\u00e9nement exceptionnel Saint-P\u00e9tersbourg se positionne non seulement comme une ville europ\u00e9enne en plein d\u00e9veloppement, mais comme la capitale culturelle de Russie.<\/p>\n<p>L&#39;Id\u00e9e du festival est n\u00e9e dans une des plus grandes entreprises de production de St P\u00e9tersbourg, \u00ab\u00a0N\u00e9va&nbsp;&mdash; Art\u00a0\u00bb, et a re\u00e7u le soutien du Gouvernement de St P\u00e9tersbourg. Chaque festival se d\u00e9roule sous le patronage du Gouverneur de St P\u00e9tersbourg et des Maires des Villes h\u00f4tesses.<\/p>\n<p>\u00abLes Saisons Th\u00e9\u00e2trales de St P\u00e9tersbourg\u00bb vont pr\u00e9senter au public fran\u00e7ais le meilleur que propose notre Ville dans ce domaine.<\/p>\n<p>A l&#39;affiche du Festival, le public pourra d\u00e9couvrir des spectacles brillants\u00a0:<\/p>\n<p>le spectacle <strong>\u00abR\u00eave de l&#39;Oncle\u00bb<\/strong> du c\u00e9l\u00e8bre Grand Th\u00e9\u00e2tre Dramatique Tovstonogov,<\/p>\n<p>le spectacle avant-gardiste <strong>\u00abLear\u00bb<\/strong> du Th\u00e9\u00e2tre novateur \u00abLe Foyer des com\u00e9diens\u00bb,<\/p>\n<p>le drame psychologique <strong>\u00abSalle Num\u00e9ro 6\u00bb<\/strong> du th\u00e9\u00e2tre de chambre \u00abl&#39;Entrepriza russe d&#39;Andre\u00ef Mironov\u00bb<\/p>\n<p>une com\u00e9die touchante <strong>\u00abLes r\u00eaves de l&#39;amour ou Le mariage de Balzaminov\u00bb<\/strong> du jeune Th\u00e9\u00e2tre \u00abl&#39;Atelier\u00bb sous la direction de Grigori Kozlov.<\/p>\n<p><br class=\"spacer_\" \/><\/p>\n<p>Pour le jeune public et le public familial du Festival est aussi pr\u00e9sent\u00e9e une exposition originale de marionnettes, <strong>\u00abLa collection dor\u00e9e\u00bb<\/strong>, avec des \u0153uvres issues des meilleurs th\u00e9\u00e2tres de St P\u00e9tersbourg.<\/p>\n<p>Parmi les \u00e9v\u00e9nements exceptionnels de ce Festival il y aura \u00e9galement <strong>le Concert de Gala des Etoiles du ballet de St P\u00e9tersbourg<\/strong>, des interpr\u00e8tes virtuoses, laur\u00e9ats de prix et de Concours internationaux. Le directeur artistique du concert de Gala est Vladimir Chkliarov, le plus jeune danseur \u00e9toile du Th\u00e9\u00e2tre Mariinsky.<\/p>\n<p><br class=\"spacer_\" \/><\/p>\n","protected":false},"excerpt":{"rendered":"<p>Du 18 au 29 Novembre 2013, dans le cadre des \u00abSaisons Th\u00e9\u00e2trales de Saint-P\u00e9tersbourg\u00bb \u00e0 Marseille sur les sc\u00e8ne de\u2026<\/p>\n","protected":false},"author":2,"featured_media":0,"comment_status":"open","ping_status":"open","sticky":false,"template":"","format":"standard","meta":[],"categories":[1],"tags":[],"aioseo_notices":[],"_links":{"self":[{"href":"https:\/\/rusoch.fr\/fr\/wp-json\/wp\/v2\/posts\/15688"}],"collection":[{"href":"https:\/\/rusoch.fr\/fr\/wp-json\/wp\/v2\/posts"}],"about":[{"href":"https:\/\/rusoch.fr\/fr\/wp-json\/wp\/v2\/types\/post"}],"author":[{"embeddable":true,"href":"https:\/\/rusoch.fr\/fr\/wp-json\/wp\/v2\/users\/2"}],"replies":[{"embeddable":true,"href":"https:\/\/rusoch.fr\/fr\/wp-json\/wp\/v2\/comments?post=15688"}],"version-history":[{"count":0,"href":"https:\/\/rusoch.fr\/fr\/wp-json\/wp\/v2\/posts\/15688\/revisions"}],"wp:attachment":[{"href":"https:\/\/rusoch.fr\/fr\/wp-json\/wp\/v2\/media?parent=15688"}],"wp:term":[{"taxonomy":"category","embeddable":true,"href":"https:\/\/rusoch.fr\/fr\/wp-json\/wp\/v2\/categories?post=15688"},{"taxonomy":"post_tag","embeddable":true,"href":"https:\/\/rusoch.fr\/fr\/wp-json\/wp\/v2\/tags?post=15688"}],"curies":[{"name":"wp","href":"https:\/\/api.w.org\/{rel}","templated":true}]}}