{"id":16424,"date":"2013-12-23T00:50:38","date_gmt":"2013-12-22T23:50:38","guid":{"rendered":"http:\/\/rusoch.fr\/?p=16424"},"modified":"2013-12-19T14:41:02","modified_gmt":"2013-12-19T13:41:02","slug":"prazdnichnyj-parizh","status":"publish","type":"post","link":"https:\/\/rusoch.fr\/fr\/politique\/prazdnichnyj-parizh.html","title":{"rendered":" Paris en f\u00eate"},"content":{"rendered":"<p><br class=\"spacer_\" \/><\/p>\n<p><span class=\"hidden_text\">\u042d\u0442\u043e\u0442 \u0433\u043e\u0440\u043e\u0434 \u043a\u0440\u0430\u0441\u0438\u0432 \u0432\u043e \u0432\u0441\u0435 \u0432\u0440\u0435\u043c\u0435\u043d\u0430. \u0412 \u043b\u044e\u0431\u0443\u044e \u043f\u043e\u0433\u043e\u0434\u0443. \u0414\u043d\u0435\u043c \u0438 \u043d\u043e\u0447\u044c\u044e.<\/span><\/p>\n<p><span class=\"hidden_text\">\u041d\u043e \u0420\u043e\u0436\u0434\u0435\u0441\u0442\u0432\u043e \u0438 \u041d\u043e\u0432\u044b\u0439 \u0433\u043e\u0434&nbsp;&mdash; \u043f\u0440\u0430\u0437\u0434\u043d\u0438\u043a\u0438, \u043a\u043e\u0442\u043e\u0440\u044b\u0435 \u043d\u0435 \u0441\u0440\u0430\u0432\u043d\u044f\u044e\u0442\u0441\u044f \u043d\u0438 \u0441 \u043a\u0430\u043a\u0438\u043c\u0438 \u0434\u0440\u0443\u0433\u0438\u043c\u0438.<\/span><\/p>\n<p><span class=\"hidden_text\">\u00ab<em>\u0420\u0443\u0441\u0441\u043a\u0438\u0439 \u043e\u0447\u0435\u0432\u0438\u0434\u0435\u0446<\/em>\u00bb \u043f\u0440\u043e\u0433\u0443\u043b\u044f\u043b\u0441\u044f \u043f\u043e \u0431\u0443\u043b\u044c\u0432\u0430\u0440\u0430\u043c \u0438 \u043f\u043b\u043e\u0449\u0430\u0434\u044f\u043c, \u0437\u0430\u0433\u043b\u044f\u043d\u0443\u043b \u0432 \u043a\u0430\u0444\u0435 \u0438 \u043c\u0430\u0433\u0430\u0437\u0438\u043d\u044b.<\/span><\/p>\n<p><span lang=\"fr\"> <\/span><\/p>\n<p><span lang=\"fr\">Cette ville est belle \u00e0 tout moment. Par tous les temps. De jour comme de nuit.<\/span><\/p>\n<p><span lang=\"fr\">Mais No\u00ebl et le Nouvel An sont des f\u00eates qui n&#39;ont pas d&#39;\u00e9gales.<\/span><\/p>\n<p><span lang=\"fr\">L&#39;Observateur Russe s&#39;est promen\u00e9 le long des boulevards et sur les places, en jetant un coup d&#39;\u0153il dans les caf\u00e9s et les magasins.<\/span><\/p>\n<p><br class=\"spacer_\" \/><\/p>\n<p><!--more--><\/p>\n<p><div style=\"width: 610px\" class=\"wp-caption alignnone\"><a href=\"http:\/\/rusoch.fr\/files\/2013\/12\/_y7m4697-11.jpg\"><img loading=\"lazy\" class=\"shutterset\" src=\"http:\/\/rusoch.fr\/files\/2013\/12\/_y7m4697-11-600x392.jpg\" alt=\"_y7m4697-11\" width=\"600\" height=\"392\" \/><\/a><p class=\"wp-caption-text\">\u0415\u043b\u0438\u0441\u0435\u0439\u0441\u043a\u0438\u0435 \u043f\u043e\u043b\u044f | Champs Elys\u00e9es \u00a9Vladimir Bazan<\/p><\/div><\/p>\n<p><br class=\"spacer_\" \/><\/p>\n<p><div style=\"width: 610px\" class=\"wp-caption alignnone\"><a href=\"http:\/\/rusoch.fr\/files\/2013\/12\/_y7m4634.jpg\"><img loading=\"lazy\" class=\"shutterset\" src=\"http:\/\/rusoch.fr\/files\/2013\/12\/_y7m4634-600x387.jpg\" alt=\"_y7m4634\" width=\"600\" height=\"387\" \/><\/a><p class=\"wp-caption-text\">\u0412\u0438\u0442\u0440\u0438\u043d\u0430 \u043c\u0430\u0433\u0430\u0437\u0438\u043d\u0430 | La vitrine du magasin \u00a9Vladimir Bazan<\/p><\/div><\/p>\n<p><br class=\"spacer_\" \/><\/p>\n<p><div style=\"width: 582px\" class=\"wp-caption alignnone\"><a href=\"http:\/\/rusoch.fr\/files\/2013\/12\/gare-saint-lazare-_y7m4559.jpg\"><img loading=\"lazy\" class=\"shutterset\" src=\"http:\/\/rusoch.fr\/files\/2013\/12\/gare-saint-lazare-_y7m4559-572x400.jpg\" alt=\"gare-saint-lazare-_y7m4559\" width=\"572\" height=\"400\" \/><\/a><p class=\"wp-caption-text\">\u0412\u043e\u043a\u0437\u0430\u043b \u0421\u0435\u043d-\u041b\u0430\u0437\u0430\u0440 | Gare Saint Lazare \u00a9Vladimir Bazan<\/p><\/div><\/p>\n<p><br class=\"spacer_\" \/><\/p>\n<p><div style=\"width: 610px\" class=\"wp-caption alignnone\"><a href=\"http:\/\/rusoch.fr\/files\/2013\/12\/_y7m4848.jpg\"><img loading=\"lazy\" class=\"shutterset\" src=\"http:\/\/rusoch.fr\/files\/2013\/12\/_y7m4848-600x400.jpg\" alt=\"_y7m4848\" width=\"600\" height=\"400\" \/><\/a><p class=\"wp-caption-text\"> \u00a9Vladimir Bazan<\/p><\/div><\/p>\n<p><br class=\"spacer_\" \/><\/p>\n<p><div style=\"width: 494px\" class=\"wp-caption alignnone\"><a href=\"http:\/\/rusoch.fr\/files\/2013\/12\/place-de-la-concorde-_y7m4703.jpg\"><img loading=\"lazy\" class=\"shutterset\" src=\"http:\/\/rusoch.fr\/files\/2013\/12\/place-de-la-concorde-_y7m4703-484x400.jpg\" alt=\"place-de-la-concorde-_y7m4703\" width=\"484\" height=\"400\" \/><\/a><p class=\"wp-caption-text\"> \u041f\u043b\u043e\u0449\u0430\u0434\u044c \u0421\u043e\u0433\u043b\u0430\u0441\u0438\u044f | Place de la Concorde \u00a9Vladimir Bazan<\/p><\/div><\/p>\n<p><br class=\"spacer_\" \/><\/p>\n<p><div style=\"width: 580px\" class=\"wp-caption alignnone\"><a href=\"http:\/\/rusoch.fr\/files\/2013\/12\/rue-mouffetard-_y7m4809.jpg\"><img loading=\"lazy\" class=\"shutterset\" src=\"http:\/\/rusoch.fr\/files\/2013\/12\/rue-mouffetard-_y7m4809-570x400.jpg\" alt=\"rue-mouffetard-_y7m4809\" width=\"570\" height=\"400\" \/><\/a><p class=\"wp-caption-text\">\u041d\u0430 \u0443\u043b\u0438\u0446\u0435 \u041c\u0443\u0444\u0442\u0430\u0440 | Dans la rue Mouffetard \u00a9Vladimir Bazan<\/p><\/div><\/p>\n<p><br class=\"spacer_\" \/><\/p>\n<p><div style=\"width: 610px\" class=\"wp-caption alignnone\"><a href=\"http:\/\/rusoch.fr\/files\/2013\/12\/printemps-_y7m4580.jpg\"><img loading=\"lazy\" class=\"shutterset\" src=\"http:\/\/rusoch.fr\/files\/2013\/12\/printemps-_y7m4580-600x375.jpg\" alt=\"printemps-_y7m4580\" width=\"600\" height=\"375\" \/><\/a><p class=\"wp-caption-text\">\u0412 \u043c\u0430\u0433\u0430\u0437\u0438\u043d\u0435 Printemps | Au magasin Printemps  \u00a9Vladimir Bazan<\/p><\/div><\/p>\n<p><br class=\"spacer_\" \/><\/p>\n<p><div style=\"width: 471px\" class=\"wp-caption alignnone\"><a href=\"http:\/\/rusoch.fr\/files\/2013\/12\/rue-mouffetard-_y7m4818-1.jpg\"><img loading=\"lazy\" class=\"shutterset\" src=\"http:\/\/rusoch.fr\/files\/2013\/12\/rue-mouffetard-_y7m4818-1-461x400.jpg\" alt=\"rue-mouffetard-_y7m4818-1\" width=\"461\" height=\"400\" \/><\/a><p class=\"wp-caption-text\">\u041d\u0430 \u0443\u043b\u0438\u0446\u0435 \u041c\u0443\u0444\u0442\u0430\u0440 | Dans la rue Mouffetard \u00a9Vladimir Bazan<\/p><\/div><\/p>\n<p><br class=\"spacer_\" \/><\/p>\n<p><div style=\"width: 518px\" class=\"wp-caption alignnone\"><a href=\"http:\/\/rusoch.fr\/files\/2013\/12\/_y7m4761-1.jpg\"><img loading=\"lazy\" class=\"shutterset\" src=\"http:\/\/rusoch.fr\/files\/2013\/12\/_y7m4761-1-508x400.jpg\" alt=\"_y7m4761-1\" width=\"508\" height=\"400\" \/><\/a><p class=\"wp-caption-text\"> \u00a9Vladimir Bazan<\/p><\/div><\/p>\n<p><br class=\"spacer_\" \/><\/p>\n<p><div style=\"width: 594px\" class=\"wp-caption alignnone\"><a href=\"http:\/\/rusoch.fr\/files\/2013\/12\/boulevard-haussmann-_y7m4572.jpg\"><img loading=\"lazy\" class=\"shutterset\" src=\"http:\/\/rusoch.fr\/files\/2013\/12\/boulevard-haussmann-_y7m4572-584x400.jpg\" alt=\"boulevard-haussmann-_y7m4572\" width=\"584\" height=\"400\" \/><\/a><p class=\"wp-caption-text\"> \u0411\u0443\u043b\u044c\u0432\u0430\u0440 \u041e\u0441\u043c\u0430\u043d | Boulevard Haussmann \u00a9Vladimir Bazan<\/p><\/div><\/p>\n<p><br class=\"spacer_\" \/><\/p>\n<p><div style=\"width: 449px\" class=\"wp-caption alignnone\"><a href=\"http:\/\/rusoch.fr\/files\/2013\/12\/place-vendome-_y7m4687.jpg\"><img loading=\"lazy\" class=\"shutterset\" src=\"http:\/\/rusoch.fr\/files\/2013\/12\/place-vendome-_y7m4687-439x400.jpg\" alt=\"place-vendome-_y7m4687\" width=\"439\" height=\"400\" \/><\/a><p class=\"wp-caption-text\"> \u0412\u0430\u043d\u0434\u043e\u043c\u0441\u043a\u0430\u044f \u043f\u043b\u043e\u0449\u0430\u0434\u044c | Place Vendome \u00a9Vladimir Bazan<\/p><\/div><\/p>\n<p><br class=\"spacer_\" \/><\/p>\n<p><div style=\"width: 582px\" class=\"wp-caption alignnone\"><a href=\"http:\/\/rusoch.fr\/files\/2013\/12\/_y7m4647.jpg\"><img loading=\"lazy\" class=\"shutterset\" src=\"http:\/\/rusoch.fr\/files\/2013\/12\/_y7m4647-572x400.jpg\" alt=\"_y7m4647\" width=\"572\" height=\"400\" \/><\/a><p class=\"wp-caption-text\">\u00a9Vladimir Bazan<\/p><\/div><\/p>\n<p><br class=\"spacer_\" \/><\/p>\n<p><div style=\"width: 610px\" class=\"wp-caption alignnone\"><a href=\"http:\/\/rusoch.fr\/files\/2013\/12\/_y7m4752.jpg\"><img loading=\"lazy\" class=\"shutterset\" src=\"http:\/\/rusoch.fr\/files\/2013\/12\/_y7m4752-600x310.jpg\" alt=\"_y7m4752\" width=\"600\" height=\"310\" \/><\/a><p class=\"wp-caption-text\">\u0423 \u043c\u044d\u0440\u0438\u0438 V \u043e\u043a\u0440\u0443\u0433\u0430 | La mairie du V arrondissement \u00a9Vladimir Bazan<\/p><\/div><\/p>\n<p><br class=\"spacer_\" \/><\/p>\n<p><div style=\"width: 610px\" class=\"wp-caption alignnone\"><a href=\"http:\/\/rusoch.fr\/files\/2013\/12\/rue-pascal-_y7m4834.jpg\"><img loading=\"lazy\" class=\"shutterset\" src=\"http:\/\/rusoch.fr\/files\/2013\/12\/rue-pascal-_y7m4834-600x259.jpg\" alt=\"rue-pascal-_y7m4834\" width=\"600\" height=\"259\" \/><\/a><p class=\"wp-caption-text\"> \u0423\u043b\u0438\u0446\u0430 \u041f\u0430\u0441\u043a\u0430\u043b\u044f | Rue Pascal \u00a9Vladimir Bazan<\/p><\/div><\/p>\n<p><br class=\"spacer_\" \/><\/p>\n<p><div style=\"width: 567px\" class=\"wp-caption alignnone\"><a href=\"http:\/\/rusoch.fr\/files\/2013\/12\/place-vendome-_y7m4653.jpg\"><img loading=\"lazy\" class=\"shutterset\" src=\"http:\/\/rusoch.fr\/files\/2013\/12\/place-vendome-_y7m4653-557x400.jpg\" alt=\"place-vendome-_y7m4653\" width=\"557\" height=\"400\" \/><\/a><p class=\"wp-caption-text\">\u0412\u0430\u043d\u0434\u043e\u043c\u0441\u043a\u0430\u044f \u043f\u043b\u043e\u0449\u0430\u0434\u044c | Place Vendome \u00a9Vladimir Bazan<\/p><\/div><\/p>\n<p><br class=\"spacer_\" \/><\/p>\n<p><div style=\"width: 562px\" class=\"wp-caption alignnone\"><a href=\"http:\/\/rusoch.fr\/files\/2013\/12\/rue-de-caumartin-_y7m4578.jpg\"><img loading=\"lazy\" class=\"shutterset\" src=\"http:\/\/rusoch.fr\/files\/2013\/12\/rue-de-caumartin-_y7m4578-552x400.jpg\" alt=\"rue-de-caumartin-_y7m4578\" width=\"552\" height=\"400\" \/><\/a><p class=\"wp-caption-text\">\u0423\u043b\u0438\u0446\u0430  \u0421aumartin | Rue de \u0421aumartin \u00a9Vladimir Bazan<\/p><\/div><\/p>\n<p><br class=\"spacer_\" \/><\/p>\n<p><div style=\"width: 436px\" class=\"wp-caption alignnone\"><a href=\"http:\/\/rusoch.fr\/files\/2013\/12\/tour-eiffel.jpg\"><img loading=\"lazy\" class=\"shutterset\" src=\"http:\/\/rusoch.fr\/files\/2013\/12\/tour-eiffel-426x400.jpg\" alt=\"tour-eiffel\" width=\"426\" height=\"400\" \/><\/a><p class=\"wp-caption-text\">\u0421\u0438\u043c\u0432\u043e\u043b \u041f\u0430\u0440\u0438\u0436\u0430 | Symbole de Paris \u00a9Vladimir Bazan<\/p><\/div><\/p>\n<p><br class=\"spacer_\" \/><\/p>\n<p><div style=\"width: 542px\" class=\"wp-caption alignnone\"><a href=\"http:\/\/rusoch.fr\/files\/2013\/12\/rue-mouffetard-_y7m4800.jpg\"><img loading=\"lazy\" class=\"shutterset\" src=\"http:\/\/rusoch.fr\/files\/2013\/12\/rue-mouffetard-_y7m4800-532x400.jpg\" alt=\"rue-mouffetard-_y7m4800\" width=\"532\" height=\"400\" \/><\/a><p class=\"wp-caption-text\">\u0423\u043b\u0438\u0446\u0430 \u041c\u0443\u0444\u0442\u0430\u0440 | Rue Mouffetard \u00a9Vladimir Bazan<\/p><\/div><\/p>\n<p><br class=\"spacer_\" \/><\/p>\n","protected":false},"excerpt":{"rendered":"<p>Cette ville est belle \u00e0 tout moment. Par tous les temps. De jour comme de nuit. Mais No\u00ebl et le\u2026<\/p>\n","protected":false},"author":2,"featured_media":0,"comment_status":"open","ping_status":"open","sticky":false,"template":"","format":"standard","meta":[],"categories":[4],"tags":[13,341],"aioseo_notices":[],"_links":{"self":[{"href":"https:\/\/rusoch.fr\/fr\/wp-json\/wp\/v2\/posts\/16424"}],"collection":[{"href":"https:\/\/rusoch.fr\/fr\/wp-json\/wp\/v2\/posts"}],"about":[{"href":"https:\/\/rusoch.fr\/fr\/wp-json\/wp\/v2\/types\/post"}],"author":[{"embeddable":true,"href":"https:\/\/rusoch.fr\/fr\/wp-json\/wp\/v2\/users\/2"}],"replies":[{"embeddable":true,"href":"https:\/\/rusoch.fr\/fr\/wp-json\/wp\/v2\/comments?post=16424"}],"version-history":[{"count":0,"href":"https:\/\/rusoch.fr\/fr\/wp-json\/wp\/v2\/posts\/16424\/revisions"}],"wp:attachment":[{"href":"https:\/\/rusoch.fr\/fr\/wp-json\/wp\/v2\/media?parent=16424"}],"wp:term":[{"taxonomy":"category","embeddable":true,"href":"https:\/\/rusoch.fr\/fr\/wp-json\/wp\/v2\/categories?post=16424"},{"taxonomy":"post_tag","embeddable":true,"href":"https:\/\/rusoch.fr\/fr\/wp-json\/wp\/v2\/tags?post=16424"}],"curies":[{"name":"wp","href":"https:\/\/api.w.org\/{rel}","templated":true}]}}