{"id":16747,"date":"2014-01-18T07:52:46","date_gmt":"2014-01-18T06:52:46","guid":{"rendered":"http:\/\/rusoch.fr\/?p=16747"},"modified":"2017-07-10T10:37:29","modified_gmt":"2017-07-10T09:37:29","slug":"centr-na-branli","status":"publish","type":"post","link":"https:\/\/rusoch.fr\/fr\/events\/centr-na-branli.html","title":{"rendered":"Le centre culturel et spirituel russe du quai Branly"},"content":{"rendered":"<p><span lang=\"fr\"> Les plans du Centre culturel et religieux russe qui devrait s&#39;\u00e9lever \u00e0 l&#39;horizon 2015 sur le quai Branly, \u00e0 quelques encablures de la Tour Eiffel, ont \u00e9t\u00e9 pr\u00e9sent\u00e9s au public dans la r\u00e9sidence parisienne de l&#39;ambassadeur de Russie en France.<\/span><\/p>\n<p><!--more--><\/p>\n<p><div style=\"width: 610px\" class=\"wp-caption alignnone\"><a href=\"http:\/\/rusoch.fr\/files\/2014\/01\/news_40_image.jpg\"><img loading=\"lazy\" class=\"shutterset\" src=\"http:\/\/rusoch.fr\/files\/2014\/01\/news_40_image-600x385.jpg\" alt=\"news_40_image\" width=\"600\" height=\"385\" \/><\/a><p class=\"wp-caption-text\">\u041c\u0430\u043a\u0435\u0442 \u0431\u0443\u0434\u0443\u0449\u0435\u0433\u043e \u0426\u0435\u043d\u0442\u0440\u0430. Photo: www.wilmotte.com<\/p><\/div><\/p>\n<p>&nbsp;<\/p>\n<p><span lang=\"fr\">Cette nouvelle entreprise est comparable dans ses dimensions et dans ses ambitions \u00e0 celle qui fut men\u00e9e \u00e0 la fin du XIX<sup>\u00e8me<\/sup> si\u00e8cle lors de la construction du pont Alexandre III : ce pont enjambant la Seine reste le plus beau des 34 ponts que compte Paris.<\/span><\/p>\n<p><span lang=\"fr\"> C&#39;est avec une attention particuli\u00e8re que l&#39;\u00a0\u00ab\u00a0<em>Observateur Russe <\/em>\u00bb s&#39;est pench\u00e9 sur les derni\u00e8res d\u00e9cisions prises par la F\u00e9d\u00e9ration de Russie concernant l&#39;\u00e9dification d&#39;un tel complexe sur les berges de la Seine o\u00f9 les fonctions spirituelles et culturelles qu&#39;il devra remplir pourraient trouver une r\u00e9sonance particuli\u00e8rement int\u00e9ressante. <br class=\"spacer_\" \/><\/span><\/p>\n<p><div style=\"width: 543px\" class=\"wp-caption alignnone\"><a href=\"http:\/\/rusoch.fr\/files\/2014\/01\/presse.jpg\"><img loading=\"lazy\" class=\"shutterset \" src=\"http:\/\/rusoch.fr\/files\/2014\/01\/presse-533x400.jpg\" alt=\"presse\" width=\"533\" height=\"400\" \/><\/a><p class=\"wp-caption-text\">\u0412.\u0418.\u041a\u043e\u0436\u0438\u043d \u0438 \u0416-\u041c.\u0412\u0438\u043b\u044c\u043c\u043e\u0442\u0442 \u043d\u0430 \u043f\u0440\u0435\u0437\u0435\u043d\u0442\u0430\u0446\u0438\u0438 \u043f\u0440\u043e\u0435\u043a\u0442\u0430 | V.Kojine et J. -M.Wilmotte \u00a9Elena Iakounine<\/p><\/div><\/p>\n<p><span lang=\"fr\">Rappelons qu&#39;en f\u00e9vrier 2010, la F\u00e9d\u00e9ration de Russie avait officiellement remport\u00e9 l&#39;appel d&#39;offres mettant en jeu la fameuse parcelle situ\u00e9e en plein c\u0153ur de Paris. D\u00e8s 2011, elle lan\u00e7ait \u00e0 son tour un concours \u00e0 l&#39;issue duquel elle esp\u00e9rait trouver le meilleur projet architectural pour un hypoth\u00e9tique centre culturel et spirituel. Plus de 100 cabinets d&#39;architectes r\u00e9pondirent \u00e0 cet appel \u00e0 candidatures mais c&#39;est finalement le projet de l&#39;ing\u00e9nieur franco-espagnol Manuel Nunez-Yankovski qui fut retenu. Malheureusement, c&#39;\u00e9tait sans compter sur l&#39;intervention des services d\u00e9l\u00e9gu\u00e9s \u00e0 l&#39;urbanisme de la ville de Paris. Selon eux, le projet choisi ne pouvait \u00eatre concr\u00e9tis\u00e9 \u00e9tant donn\u00e9 le manque d&#39;harmonie que son architecture atypique risquait de produire sur l&#39;apparence g\u00e9n\u00e9rale des berges de la Seine, inscrites au patrimoine culturel de l&#39;UNESCO. <\/span><\/p>\n<p><div style=\"width: 543px\" class=\"wp-caption alignnone\"><a href=\"http:\/\/rusoch.fr\/files\/2014\/01\/cimg3052.jpg\"><img loading=\"lazy\" class=\"shutterset \" src=\"http:\/\/rusoch.fr\/files\/2014\/01\/cimg3052-533x400.jpg\" alt=\"cimg3052\" width=\"533\" height=\"400\" \/><\/a><p class=\"wp-caption-text\">\u0416-\u041c.\u0412\u0438\u043b\u044c\u043c\u043e\u0442\u0442 \u043d\u0430 \u043f\u0440\u0435\u0437\u0435\u043d\u0442\u0430\u0446\u0438\u0438 \u043f\u0440\u043e\u0435\u043a\u0442\u0430 | J. -M. Wilmotte pr\u00e9sente le projet \u00a9Elena Iakounine<\/p><\/div><\/p>\n<p>&nbsp;<\/p>\n<p>&nbsp;<\/p>\n<p><span lang=\"fr\">La F\u00e9d\u00e9ration de Russie n&#39;eut alors d&#39;autres choix que de retirer sa demande de permis de construire. Des consultations avec des experts fran\u00e7ais furent organis\u00e9es pour tenter de trouver une issue rapide au probl\u00e8me. En mars 2013, un groupe de travail franco-russe s&#39;attelait \u00e0 la d\u00e9licate t\u00e2che de retravailler le projet initial de Nunez-Yankovski pour le rendre conforme aux exigences de la Mairie de Paris. Mais ces am\u00e9nagements se r\u00e9v\u00e9l\u00e8rent vite irr\u00e9alisables: la Russie se serait alors expos\u00e9e \u00e0 un refus cat\u00e9gorique et d\u00e9finitif.<\/span><\/p>\n<p><span lang=\"fr\">Au lieu de cela, les experts composant ce groupe de travail d\u00e9cid\u00e8rent de r\u00e9examiner le projet de l&#39;architecte <em>Jean-Michel Wilmotte<\/em>, arriv\u00e9 second lors du concours de 2011. En septembre 2013, les nouveaux plans furent envoy\u00e9s au patriarche Kirill, repr\u00e9sentant l&#39;Eglise Orthodoxe Russe, pour approbation. Finalement, le patriarche donnait son aval apr\u00e8s avoir, selon les paroles de <em>Jean-Michel Wilmotte<\/em>, minutieusement examin\u00e9 les \u00e9bauches et y avoir personnellement apport\u00e9 des corrections. La demande de permis de construire \u00e9tait alors envoy\u00e9e aux autorit\u00e9s fran\u00e7aises. Le 24 d\u00e9cembre 2013, alors que le pays s&#39;appr\u00eate \u00e0 f\u00eater le No\u00ebl catholique, l&#39;ambassadeur de Russie en France re\u00e7ut officiellement le permis de construire autorisant la F\u00e9d\u00e9ration de Russie \u00e0 commencer les travaux.<\/span><\/p>\n<p><span lang=\"fr\">Le 17 janvier 2014, un contrat avec l&#39;entreprise \u00ab\u00a0Bouygues B\u00e2timent\u00a0\u00bb est souscrit pour la r\u00e9alisation des premiers niveaux du centre culturel et spirituel. La pr\u00e9sentation du projet au public et aux journalistes fut l&#39;occasion pour M. <em>Vladimir Kojine<\/em>, chef de l&#39;intendance du Kremlin, de rappeler son souhait de construction rapide afin d&#39;\u00e9viter que les travaux d&#39;am\u00e9nagement n&#39;encombrent la ville de Paris ou pire encore, n&#39;en ternissent la beaut\u00e9. Les ing\u00e9nieurs devront donc faire tout leur possible pour achever les travaux dans le temps qui leur est imparti, c&#39;est-\u00e0-dire deux ans maximum. Dans le m\u00eame temps, M. <em>Kojine<\/em> s&#39;est vu remettre une tablette tactile sur laquelle le directeur de Bouygues s&#39;est engag\u00e9 \u00e0 publier au jour le jour un aper\u00e7u d\u00e9taill\u00e9 de l&#39;avancement des travaux, photographies \u00e0 l&#39;appui.<\/span><\/p>\n<p><span lang=\"fr\"><em>Vladimir<\/em> <em>Kojine<\/em> a affirm\u00e9 que seul le patriarche Kirill, repr\u00e9sentant l&#39;Eglise Orthodoxe de Russie, pouvait r\u00e9pondre \u00e0 la question \u00ab\u00a0\u00e0 quel saint ou \u00e0 quelle f\u00eate religieuse sera consacr\u00e9e l&#39;\u00e9glise\u00a0?\u00a0\u00bb. Il a ensuite pr\u00e9cis\u00e9 que si la construction de l&#39;\u00e9glise avait \u00e9t\u00e9 confi\u00e9e \u00e0 une compagnie fran\u00e7aise, la d\u00e9coration int\u00e9rieure serait enti\u00e8rement assur\u00e9e par une entreprise sp\u00e9cialis\u00e9e de Saint-P\u00e9tersbourg.<\/span><\/p>\n<p><span lang=\"fr\">Un peu plus tard, c&#39;est au tour de l&#39;architecte <em>Jean-Michel Wilmotte <\/em>de r\u00e9pondre aux questions des journalistes. Baguette de conf\u00e9rencier \u00e0 la main, il pr\u00e9sente son projet\u00a0: les 5.000 m\u00e8tres carr\u00e9s que compte le terrain accueilleront une \u00e9glise orthodoxe \u00e0 cinq coupoles, un b\u00e2timent r\u00e9serv\u00e9 \u00e0 l&#39;administration paroissiale, un centre culturel destin\u00e9 \u00e0 accueillir les rencontres et \u00e9v\u00e9nements franco-russes et une \u00e9cole primaire bilingue.<\/span><\/p>\n<p><span lang=\"fr\">Le complexe culturel et spirituel du quai Branly sera b\u00e2ti en \u00ab\u00a0pierre de Paris\u00a0\u00bb, traditionnellement utilis\u00e9e en France pour les constructions de grande ampleur telle que Notre-Dame de Paris. La plupart des immeubles d&#39;habitations que l&#39;on retrouve le long des Grands Boulevards ou sur les bords de Seine ont d&#39;ailleurs \u00e9t\u00e9 construits \u00e0 partir de ce mat\u00e9riau si embl\u00e9matique de la capitale fran\u00e7aise. Le cahier des charges imposait \u00e9galement au projet de M. <em>Wilmotte<\/em> une hauteur limite \u00e0 ne pas d\u00e9passer \u00e9tant donn\u00e9 la proximit\u00e9 avec la Tour Eiffel et le centre historique de Paris. Le point culminant de l&#39;ensemble architectural se situera donc \u00e0 35 m\u00e8tres au dessus du sol, \u00e0 l&#39;extr\u00e9mit\u00e9 de la croix qui surmonte le bulbe principal de l&#39;\u00e9glise. Les autres b\u00e2timents ne d\u00e9passeront pas 16 m\u00e8tres de hauteur. Touche finale\u00a0: le complexe sera ceint d&#39;un jardin.<\/span><\/p>\n<p><span lang=\"fr\">\u00ab\u00a0Depuis la naissance de ce projet, nous ne poursuivons qu&#39;un seul objectif\u00a0: que cette \u00e9glise scelle l&#39;amiti\u00e9 qu&#39;ont su se t\u00e9moigner la Russie et la France pendant tant d&#39;ann\u00e9es\u00a0\u00bb affirme <em>Vladimir Kojine<\/em> en guise de conclusion.<\/span><\/p>\n<p><a href=\"http:\/\/rusoch.fr\/files\/2014\/01\/.jpg\"><img class=\"shutterset\" src=\"http:\/\/rusoch.fr\/files\/2014\/01\/.jpg-533x400.jpg\" alt=\"\" \/><\/a><\/p>\n<p><span lang=\"fr\">La maquette du nouveau projet sera expos\u00e9e au public le 18 et le 19 janvier dans la r\u00e9sidence de l&#39;Ambassadeur de Russie en France au 79 rue de Grenelle, dans le 7<sup>\u00e8me<\/sup> arrondissement de Paris. Entr\u00e9e libre de 10h \u00e0 18h. <\/span><\/p>","protected":false},"excerpt":{"rendered":"<p>D\u00e9sol\u00e9, cet article est seulement disponible en Russe.<\/p>\n","protected":false},"author":2,"featured_media":16754,"comment_status":"open","ping_status":"open","sticky":false,"template":"","format":"standard","meta":[],"categories":[6],"tags":[1908,1906,1907,1344,117,1901,341],"aioseo_notices":[],"_links":{"self":[{"href":"https:\/\/rusoch.fr\/fr\/wp-json\/wp\/v2\/posts\/16747"}],"collection":[{"href":"https:\/\/rusoch.fr\/fr\/wp-json\/wp\/v2\/posts"}],"about":[{"href":"https:\/\/rusoch.fr\/fr\/wp-json\/wp\/v2\/types\/post"}],"author":[{"embeddable":true,"href":"https:\/\/rusoch.fr\/fr\/wp-json\/wp\/v2\/users\/2"}],"replies":[{"embeddable":true,"href":"https:\/\/rusoch.fr\/fr\/wp-json\/wp\/v2\/comments?post=16747"}],"version-history":[{"count":0,"href":"https:\/\/rusoch.fr\/fr\/wp-json\/wp\/v2\/posts\/16747\/revisions"}],"wp:featuredmedia":[{"embeddable":true,"href":"https:\/\/rusoch.fr\/fr\/wp-json\/wp\/v2\/media\/16754"}],"wp:attachment":[{"href":"https:\/\/rusoch.fr\/fr\/wp-json\/wp\/v2\/media?parent=16747"}],"wp:term":[{"taxonomy":"category","embeddable":true,"href":"https:\/\/rusoch.fr\/fr\/wp-json\/wp\/v2\/categories?post=16747"},{"taxonomy":"post_tag","embeddable":true,"href":"https:\/\/rusoch.fr\/fr\/wp-json\/wp\/v2\/tags?post=16747"}],"curies":[{"name":"wp","href":"https:\/\/api.w.org\/{rel}","templated":true}]}}