{"id":16945,"date":"2014-01-28T20:56:11","date_gmt":"2014-01-28T19:56:11","guid":{"rendered":"http:\/\/rusoch.fr\/?p=16945"},"modified":"2015-04-03T18:09:56","modified_gmt":"2015-04-03T17:09:56","slug":"v-parizhe-o-blokade","status":"publish","type":"post","link":"https:\/\/rusoch.fr\/fr\/mond\/v-parizhe-o-blokade.html","title":{"rendered":"  Comm\u00e9moration \u00e0 Paris du 70e anniversaire de la fin du si\u00e8ge de Leningrad"},"content":{"rendered":"<p><span class=\"hidden_text\">\u0424\u0440\u0430\u043d\u043a\u043e-\u0440\u043e\u0441\u0441\u0438\u0439\u0441\u043a\u0438\u0439 \u043b\u0438\u0442\u0435\u0440\u0430\u0442\u0443\u0440\u043d\u044b\u0439 \u043a\u043e\u043c\u0438\u0442\u0435\u0442 \u0432\u043e \u0433\u043b\u0430\u0432\u0435 \u0441 \u0418\u0440\u0438\u043d\u043e\u0439 \u0420\u0435\u043a\u0448\u0430\u043d \u0435\u0449\u0435 \u0433\u043e\u0434 \u043d\u0430\u0437\u0430\u0434 \u0437\u0430\u0434\u0443\u043c\u0430\u043b \u043f\u043e\u043a\u0430\u0437\u0430\u0442\u044c \u043f\u0430\u0440\u0438\u0436\u0430\u043d\u0430\u043c \u0444\u043e\u0442\u043e\u0432\u044b\u0441\u0442\u0430\u0432\u043a\u0443, \u043f\u0440\u0438\u0443\u0440\u043e\u0447\u0435\u043d\u043d\u0443\u044e \u043a 70-\u043b\u0435\u0442\u0438\u044e \u0441\u043d\u044f\u0442\u0438\u044f \u0431\u043b\u043e\u043a\u0430\u0434\u044b \u041b\u0435\u043d\u0438\u043d\u0433\u0440\u0430\u0434\u0430. \u0418 \u043f\u043b\u043e\u0449\u0430\u0434\u043a\u0430 \u0434\u043b\u044f \u043c\u0435\u0440\u043e\u043f\u0440\u0438\u044f\u0442\u0438\u044f \u0431\u044b\u043b\u0430 \u0432\u044b\u0431\u0440\u0430\u043d\u0430 \u0441\u0430\u043c\u0430\u044f \u0434\u043e\u0441\u0442\u043e\u0439\u043d\u0430\u044f.<\/span><\/p>\n<p><span class=\"hidden_text\">\u041f\u0435\u0440\u0435\u0433\u043e\u0432\u043e\u0440\u044b \u0441 \u0430\u0434\u043c\u0438\u043d\u0438\u0441\u0442\u0440\u0430\u0446\u0438\u0435\u0439 \u0433\u043e\u0440\u043e\u0434\u0430 \u0448\u043b\u0438 \u0434\u043e\u043b\u0433\u043e \u0438 \u0437\u0430\u043a\u043e\u043d\u0447\u0438\u043b\u0438\u0441\u044c \u0432\u0435\u0436\u043b\u0438\u0432\u044b\u043c \u043e\u0442\u043a\u0430\u0437\u043e\u043c.<\/span><\/p>\n<p><span class=\"hidden_text\">\u0418 \u0432\u0441\u0435 \u0436\u0435 \u0432\u044b\u0441\u0442\u0430\u0432\u043a\u0430 \u0441\u043e\u0441\u0442\u043e\u044f\u043b\u0430\u0441\u044c. \u0412 \u043c\u044d\u0440\u0438\u0438 6 \u043e\u043a\u0440\u0443\u0433\u0430 \u0441\u0442\u043e\u043b\u0438\u0446\u044b, \u0440\u043e\u0432\u043d\u043e \u0432 \u0442\u043e\u0442 \u0434\u0435\u043d\u044c, \u043a\u043e\u0433\u0434\u0430 \u0432 1944 \u0433\u043e\u0434\u0443 \u043a\u043e\u043b\u044c\u0446\u043e \u043e\u043a\u0440\u0443\u0436\u0435\u043d\u0438\u044f \u0432\u043e\u043a\u0440\u0443\u0433 \u0433\u043e\u0440\u043e\u0434\u0430 \u0431\u044b\u043b\u043e \u043f\u0440\u043e\u0440\u0432\u0430\u043d\u043e.<\/span><\/p>\n<p><span lang=\"fr\"> Il y a un an le Comit\u00e9 litt\u00e9raire franco-russe et sa pr\u00e9sidente Irina Rekchan ont eu l&#39;id\u00e9e d&#39;une exposition exceptionnelle de photos sur l&#39;\u00e9v\u00e9nement central de l&#39;histoire moderne de la Russie&nbsp;&mdash; le blocus de Leningrad. Pour l&#39;\u00e9v\u00e8nement ils ont trouv\u00e9 un lieu prestigieux. Les n\u00e9gociations avec l&#39;administration de la ville ont \u00e9t\u00e9 longues et ont abouti \u00e0 un refus bien poli.<\/span><\/p>\n<p><span lang=\"fr\">Mais l&#39;exposition a vu le jour \u00e0 la Mairie du 6e arrondissement de Paris le jour m\u00eame o\u00f9 il y a 70 ans le blocus a \u00e9t\u00e9 lev\u00e9.<\/span><\/p>\n<p><!--more--><\/p>\n<p><div style=\"width: 610px\" class=\"wp-caption alignnone\"><a href=\"http:\/\/rusoch.fr\/files\/2014\/01\/a-img_1690.jpg\"><img loading=\"lazy\" class=\"shutterset\" alt=\"a-img_1690\" src=\"http:\/\/rusoch.fr\/files\/2014\/01\/a-img_1690-600x396.jpg\" width=\"600\" height=\"396\" \/><\/a><p class=\"wp-caption-text\">\u00a9Vladimir Bazan<\/p><\/div><br \/>\n<div style=\"width: 536px\" class=\"wp-caption alignnone\"><a href=\"http:\/\/rusoch.fr\/files\/2014\/01\/a-img_1729.jpg\"><img loading=\"lazy\" class=\"shutterset\" alt=\"a-img_1729\" src=\"http:\/\/rusoch.fr\/files\/2014\/01\/a-img_1729-526x400.jpg\" width=\"526\" height=\"400\" \/><\/a><p class=\"wp-caption-text\">\u00a9Vladimir Bazan<\/p><\/div><br \/>\n<div style=\"width: 610px\" class=\"wp-caption alignnone\"><a href=\"http:\/\/rusoch.fr\/files\/2014\/01\/a-img_1682.jpg\"><img loading=\"lazy\" class=\"shutterset\" alt=\"a-img_1682\" src=\"http:\/\/rusoch.fr\/files\/2014\/01\/a-img_1682-600x346.jpg\" width=\"600\" height=\"346\" \/><\/a><p class=\"wp-caption-text\">\u00a9Vladimir Bazan<\/p><\/div><br \/>\n<div style=\"width: 448px\" class=\"wp-caption alignnone\"><a href=\"http:\/\/rusoch.fr\/files\/2014\/01\/a-img_1683.jpg\"><img loading=\"lazy\" class=\"shutterset\" alt=\"a-img_1683\" src=\"http:\/\/rusoch.fr\/files\/2014\/01\/a-img_1683-438x400.jpg\" width=\"438\" height=\"400\" \/><\/a><p class=\"wp-caption-text\">\u00a9Vladimir Bazan<\/p><\/div><br \/>\n<div style=\"width: 586px\" class=\"wp-caption alignnone\"><a href=\"http:\/\/rusoch.fr\/files\/2014\/01\/a-img_1685.jpg\"><img loading=\"lazy\" class=\"shutterset\" alt=\"a-img_1685\" src=\"http:\/\/rusoch.fr\/files\/2014\/01\/a-img_1685-576x400.jpg\" width=\"576\" height=\"400\" \/><\/a><p class=\"wp-caption-text\">\u00a9Vladimir Bazan<\/p><\/div><br \/>\n<div style=\"width: 610px\" class=\"wp-caption alignnone\"><a href=\"http:\/\/rusoch.fr\/files\/2014\/01\/a-img_1687.jpg\"><img loading=\"lazy\" class=\"shutterset\" alt=\"a-img_1687\" src=\"http:\/\/rusoch.fr\/files\/2014\/01\/a-img_1687-600x397.jpg\" width=\"600\" height=\"397\" \/><\/a><p class=\"wp-caption-text\">\u00a9Vladimir Bazan<\/p><\/div><br \/>\n<div style=\"width: 610px\" class=\"wp-caption alignnone\"><a href=\"http:\/\/rusoch.fr\/files\/2014\/01\/a-img_1692.jpg\"><img loading=\"lazy\" class=\"shutterset\" alt=\"a-img_1692\" src=\"http:\/\/rusoch.fr\/files\/2014\/01\/a-img_1692-600x372.jpg\" width=\"600\" height=\"372\" \/><\/a><p class=\"wp-caption-text\">\u00a9Vladimir Bazan<\/p><\/div><br \/>\n<div style=\"width: 610px\" class=\"wp-caption alignnone\"><a href=\"http:\/\/rusoch.fr\/files\/2014\/01\/a-img_1721.jpg\"><img loading=\"lazy\" class=\"shutterset\" alt=\"a-img_1721\" src=\"http:\/\/rusoch.fr\/files\/2014\/01\/a-img_1721-600x398.jpg\" width=\"600\" height=\"398\" \/><\/a><p class=\"wp-caption-text\">\u00a9Vladimir Bazan<\/p><\/div><br \/>\n<div style=\"width: 610px\" class=\"wp-caption alignnone\"><a href=\"http:\/\/rusoch.fr\/files\/2014\/01\/a-mer-6-e.jpg\"><img loading=\"lazy\" class=\"shutterset\" alt=\"a-mer-6-e\" src=\"http:\/\/rusoch.fr\/files\/2014\/01\/a-mer-6-e-600x381.jpg\" width=\"600\" height=\"381\" \/><\/a><p class=\"wp-caption-text\">\u0418.\u0420\u0435\u043a\u0448\u0430\u043d \u0438 \u0410.\u041e\u0440\u043b\u043e\u0432, \u043f\u043e\u0441\u043e\u043b \u0420\u043e\u0441\u0441\u0438\u0438 \u0432\u043e \u0424\u0440\u0430\u043d\u0446\u0438\u0438 (\u0441\u043f\u0440\u0430\u0432\u0430) \u00a9Vladimir Bazan<\/p><\/div><\/p>\n<p><span class=\"hidden_text\">\u0411\u043b\u043e\u043a\u0430\u0434\u0430 \u0433\u043e\u0440\u043e\u0434\u0430 \u0434\u043b\u0438\u043b\u0430\u0441\u044c \u0441 8 \u0441\u0435\u043d\u0442\u044f\u0431\u0440\u044f 1941 \u043f\u043e 27 \u044f\u043d\u0432\u0430\u0440\u044f 1944 \u0433\u043e\u0434\u0430.<\/span><\/p>\n<address>\u00a0<span class=\"hidden_text\">\u0412\u044b\u0441\u0442\u0430\u0432\u043a\u0430 \u043f\u0440\u0435\u0434\u043e\u0441\u0442\u0430\u0432\u043b\u0435\u043d\u0430 \u0421\u0430\u043d\u043a\u0442-\u041f\u0435\u0442\u0435\u0440\u0431\u0443\u0440\u0433\u043e\u043c.<\/span><\/address>\n<p><span lang=\"fr\">Le blocus de Leningrad, en URSS, a dur\u00e9 officiellement 872 jours. La ville a \u00e9t\u00e9 encercl\u00e9e par les nazis du 8 septembre 1941 au 27 janvier 1944. Une trag\u00e9die humaine, pass\u00e9e un peu inaper\u00e7ue en Europe parmi toutes les atrocit\u00e9s de la seconde guerre mondiale.<\/span><span lang=\"fr\"><br \/>\n<\/span><\/p>\n<address><span lang=\"fr\"> L&#39;exposition est pr\u00eat\u00e9e par la ville de Saint&nbsp;&mdash; Petersbourg.<\/span><\/address>\n","protected":false},"excerpt":{"rendered":"<p>Il y a un an le Comit\u00e9 litt\u00e9raire franco-russe et sa pr\u00e9sidente Irina Rekchan ont eu l&#39;id\u00e9e d&#39;une exposition exceptionnelle\u2026<\/p>\n","protected":false},"author":2,"featured_media":16958,"comment_status":"open","ping_status":"open","sticky":false,"template":"","format":"standard","meta":[],"categories":[8],"tags":[],"aioseo_notices":[],"_links":{"self":[{"href":"https:\/\/rusoch.fr\/fr\/wp-json\/wp\/v2\/posts\/16945"}],"collection":[{"href":"https:\/\/rusoch.fr\/fr\/wp-json\/wp\/v2\/posts"}],"about":[{"href":"https:\/\/rusoch.fr\/fr\/wp-json\/wp\/v2\/types\/post"}],"author":[{"embeddable":true,"href":"https:\/\/rusoch.fr\/fr\/wp-json\/wp\/v2\/users\/2"}],"replies":[{"embeddable":true,"href":"https:\/\/rusoch.fr\/fr\/wp-json\/wp\/v2\/comments?post=16945"}],"version-history":[{"count":0,"href":"https:\/\/rusoch.fr\/fr\/wp-json\/wp\/v2\/posts\/16945\/revisions"}],"wp:featuredmedia":[{"embeddable":true,"href":"https:\/\/rusoch.fr\/fr\/wp-json\/wp\/v2\/media\/16958"}],"wp:attachment":[{"href":"https:\/\/rusoch.fr\/fr\/wp-json\/wp\/v2\/media?parent=16945"}],"wp:term":[{"taxonomy":"category","embeddable":true,"href":"https:\/\/rusoch.fr\/fr\/wp-json\/wp\/v2\/categories?post=16945"},{"taxonomy":"post_tag","embeddable":true,"href":"https:\/\/rusoch.fr\/fr\/wp-json\/wp\/v2\/tags?post=16945"}],"curies":[{"name":"wp","href":"https:\/\/api.w.org\/{rel}","templated":true}]}}