{"id":17684,"date":"2014-03-08T10:38:47","date_gmt":"2014-03-08T09:38:47","guid":{"rendered":"http:\/\/rusoch.fr\/?p=17684"},"modified":"2014-03-10T20:02:44","modified_gmt":"2014-03-10T19:02:44","slug":"kandidaty-v-prezidenty-ukrainy-priexali-vo-franciyu","status":"publish","type":"post","link":"https:\/\/rusoch.fr\/fr\/mond\/kandidaty-v-prezidenty-ukrainy-priexali-vo-franciyu.html","title":{"rendered":"  Ukraine : les candidats \u00e0 la pr\u00e9sidentielle \u00e0 Paris"},"content":{"rendered":"\n<div class=\"hidden_text\">\u0412\u0441\u0442\u0440\u0435\u0447\u0430 \u0441 \u0412\u0438\u0442\u0430\u043b\u0438\u0435\u043c \u041a\u043b\u0438\u0447\u043a\u043e, \u041f\u0435\u0442\u0440\u043e \u041f\u043e\u0440\u043e\u0448\u0435\u043d\u043a\u043e \u0438 \u043f\u0440\u0435\u0434\u0441\u0442\u0430\u0432\u0438\u0442\u0435\u043b\u044f\u043c\u0438 \u0433\u0440\u0430\u0436\u0434\u0430\u043d\u0441\u043a\u043e\u0433\u043e \u043e\u0431\u0449\u0435\u0441\u0442\u0432\u0430 \u043f\u0440\u043e\u0448\u043b\u0430 \u0432 \u043a\u0438\u043d\u043e\u0442\u0435\u0430\u0442\u0440\u0435 \u0421\u0435\u043d-\u0416\u0435\u0440\u043c\u0435\u043d-\u0434\u0435-\u041f\u0440\u0435 7 \u043c\u0430\u0440\u0442\u0430.<\/div>\n<p>Une d\u00e9l\u00e9gation de la soci\u00e9t\u00e9 civile ukrainienne et les deux candidats \u00e0 l\u2019\u00e9lection pr\u00e9sidentielle <strong>Petro Porochenko<\/strong> et <strong>Vitali Klitschko<\/strong> au cin\u00e9ma de Saint-Germain-des-Pr\u00e9s le 7 mars<strong>.<\/strong><\/p>\n<p><div id=\"attachment_17685\" style=\"width: 610px\" class=\"wp-caption alignnone\"><a href=\"http:\/\/rusoch.fr\/files\/2014\/03\/UKR-IMG_2763-1.jpg\"><img aria-describedby=\"caption-attachment-17685\" loading=\"lazy\" class=\"size-large wp-image-17685\" alt=\"\" src=\"http:\/\/rusoch.fr\/files\/2014\/03\/UKR-IMG_2763-1-600x400.jpg\" width=\"600\" height=\"400\" srcset=\"https:\/\/rusoch.fr\/files\/2014\/03\/UKR-IMG_2763-1-600x400.jpg 600w, https:\/\/rusoch.fr\/files\/2014\/03\/UKR-IMG_2763-1.jpg 900w\" sizes=\"(max-width: 600px) 100vw, 600px\" \/><\/a><p id=\"caption-attachment-17685\" class=\"wp-caption-text\">\u0412\u0438\u0442\u0430\u043b\u0438\u0439 \u041a\u043b\u0438\u0447\u043a\u043e | Vitali Klitschko \u00a9Vladimir Bazan<\/p><\/div><\/p>\n<p>&nbsp;<\/p>\n<p><div id=\"attachment_17686\" style=\"width: 454px\" class=\"wp-caption alignnone\"><a href=\"http:\/\/rusoch.fr\/files\/2014\/03\/UKR-Porochenko-IMG_2713.jpg\"><img aria-describedby=\"caption-attachment-17686\" loading=\"lazy\" class=\" wp-image-17686\" alt=\"UKR  Porochenko IMG_2713\" src=\"http:\/\/rusoch.fr\/files\/2014\/03\/UKR-Porochenko-IMG_2713-444x400.jpg\" width=\"444\" height=\"400\" srcset=\"https:\/\/rusoch.fr\/files\/2014\/03\/UKR-Porochenko-IMG_2713-444x400.jpg 444w, https:\/\/rusoch.fr\/files\/2014\/03\/UKR-Porochenko-IMG_2713.jpg 666w\" sizes=\"(max-width: 444px) 100vw, 444px\" \/><\/a><p id=\"caption-attachment-17686\" class=\"wp-caption-text\">\u041f\u0435\u0442\u0440\u043e \u041f\u043e\u0440\u043e\u0448\u0435\u043d\u043a\u043e | Petro Porochenko \u00a9Vladimir Bazan<\/p><\/div><\/p>\n<p>&nbsp;<\/p>\n<p><div id=\"attachment_17687\" style=\"width: 548px\" class=\"wp-caption alignnone\"><a href=\"http:\/\/rusoch.fr\/files\/2014\/03\/UKR-Lecia-Zhukovskaia.jpg\"><img aria-describedby=\"caption-attachment-17687\" loading=\"lazy\" class=\"size-large wp-image-17687\" alt=\"UKR  \" src=\"http:\/\/rusoch.fr\/files\/2014\/03\/UKR-Lecia-Zhukovskaia-538x400.jpg\" width=\"538\" height=\"400\" srcset=\"https:\/\/rusoch.fr\/files\/2014\/03\/UKR-Lecia-Zhukovskaia-538x400.jpg 538w, https:\/\/rusoch.fr\/files\/2014\/03\/UKR-Lecia-Zhukovskaia.jpg 807w\" sizes=\"(max-width: 538px) 100vw, 538px\" \/><\/a><p id=\"caption-attachment-17687\" class=\"wp-caption-text\">\u041b\u0435\u0441\u044f \u0416\u0443\u043a\u043e\u0432\u0441\u043a\u0430\u044f | Lecia Zhukovskaia \u00a9Vladimir Bazan<\/p><\/div><\/p>\n<p>&nbsp;<\/p>\n<p><div id=\"attachment_17688\" style=\"width: 347px\" class=\"wp-caption alignnone\"><a href=\"http:\/\/rusoch.fr\/files\/2014\/03\/UKR-Liza-Chapochnik-IMG_2749-1.jpg\"><img aria-describedby=\"caption-attachment-17688\" loading=\"lazy\" class=\"size-large wp-image-17688\" alt=\"UKR   IMG_2749-1\" src=\"http:\/\/rusoch.fr\/files\/2014\/03\/UKR-Liza-Chapochnik-IMG_2749-1-337x400.jpg\" width=\"337\" height=\"400\" srcset=\"https:\/\/rusoch.fr\/files\/2014\/03\/UKR-Liza-Chapochnik-IMG_2749-1-337x400.jpg 337w, https:\/\/rusoch.fr\/files\/2014\/03\/UKR-Liza-Chapochnik-IMG_2749-1.jpg 600w\" sizes=\"(max-width: 337px) 100vw, 337px\" \/><\/a><p id=\"caption-attachment-17688\" class=\"wp-caption-text\">\u041b\u0438\u0437\u0430 \u0428\u0430\u043f\u043e\u0448\u043d\u0438\u043a | Liza Chapochnik \u00a9Vladimir Bazan<\/p><\/div><\/p>\n<p>&nbsp;<\/p>\n<p><div id=\"attachment_17689\" style=\"width: 595px\" class=\"wp-caption alignnone\"><a href=\"http:\/\/rusoch.fr\/files\/2014\/03\/UKR-Levy-IMG_2681-1.jpg\"><img aria-describedby=\"caption-attachment-17689\" loading=\"lazy\" class=\"size-large wp-image-17689\" alt=\"UKR Levy  IMG_2681-1\" src=\"http:\/\/rusoch.fr\/files\/2014\/03\/UKR-Levy-IMG_2681-1-585x400.jpg\" width=\"585\" height=\"400\" srcset=\"https:\/\/rusoch.fr\/files\/2014\/03\/UKR-Levy-IMG_2681-1-585x400.jpg 585w, https:\/\/rusoch.fr\/files\/2014\/03\/UKR-Levy-IMG_2681-1.jpg 878w\" sizes=\"(max-width: 585px) 100vw, 585px\" \/><\/a><p id=\"caption-attachment-17689\" class=\"wp-caption-text\">\u0411\u0435\u0440\u043d\u0430\u0440 \u0410\u043d\u0440\u0438 \u041b\u0435\u0432\u0438 | Bernard Henry Levi \u00a9Vladimir Bazan<\/p><\/div><\/p>\n<p>&nbsp;<\/p>\n<p><div id=\"attachment_17690\" style=\"width: 484px\" class=\"wp-caption alignnone\"><a href=\"http:\/\/rusoch.fr\/files\/2014\/03\/UKR-Galia-Ackerman-IMG_2739.jpg\"><img aria-describedby=\"caption-attachment-17690\" loading=\"lazy\" class=\"size-large wp-image-17690\" alt=\"UKR  IMG_2739\" src=\"http:\/\/rusoch.fr\/files\/2014\/03\/UKR-Galia-Ackerman-IMG_2739-474x400.jpg\" width=\"474\" height=\"400\" srcset=\"https:\/\/rusoch.fr\/files\/2014\/03\/UKR-Galia-Ackerman-IMG_2739-474x400.jpg 474w, https:\/\/rusoch.fr\/files\/2014\/03\/UKR-Galia-Ackerman-IMG_2739.jpg 711w\" sizes=\"(max-width: 474px) 100vw, 474px\" \/><\/a><p id=\"caption-attachment-17690\" class=\"wp-caption-text\">\u0413\u0430\u043b\u0438\u043d\u0430 \u0410\u043a\u0435\u0440\u043c\u0430\u043d |Galia Ackerman \u00a9Vladimir Bazan<\/p><\/div><\/p>\n<p>&nbsp;<\/p>\n<p><div id=\"attachment_17691\" style=\"width: 610px\" class=\"wp-caption alignnone\"><a href=\"http:\/\/rusoch.fr\/files\/2014\/03\/Ukr-1-1.jpg\"><img aria-describedby=\"caption-attachment-17691\" loading=\"lazy\" class=\" wp-image-17691\" alt=\"Ukr 1-1\" src=\"http:\/\/rusoch.fr\/files\/2014\/03\/Ukr-1-1-600x252.jpg\" width=\"600\" height=\"252\" srcset=\"https:\/\/rusoch.fr\/files\/2014\/03\/Ukr-1-1-600x252.jpg 600w, https:\/\/rusoch.fr\/files\/2014\/03\/Ukr-1-1.jpg 1427w\" sizes=\"(max-width: 600px) 100vw, 600px\" \/><\/a><p id=\"caption-attachment-17691\" class=\"wp-caption-text\">\u0412 \u0437\u0430\u043b\u0435 | Dans la salle \u00a9Vladimir Bazan<\/p><\/div><\/p>\n<p>&nbsp;<\/p>\n<div class=\"hidden_text\">\u0412 \u044d\u0442\u043e\u0442 \u0436\u0435 \u0434\u0435\u043d\u044c \u043f\u0440\u0435\u0437\u0438\u0434\u0435\u043d\u0442 \u0424\u0440\u0430\u043d\u0446\u0438\u0438 \u0424\u0440\u0430\u043d\u0441\u0443\u0430 \u041e\u043b\u043b\u0430\u043d\u0434 \u043f\u0440\u0438\u043d\u044f\u043b \u0432 \u0415\u043b\u0438\u0441\u0435\u0439\u0441\u043a\u043e\u043c \u0434\u0432\u043e\u0440\u0446\u0435 \u0434\u0435\u043b\u0435\u0433\u0430\u0446\u0438\u044e \u0423\u043a\u0440\u0430\u0438\u043d\u044b.<\/div>\n<p>Le m\u00eame jour ils \u00e9taient accueillis par le pr\u00e9sident de la R\u00e9publique Fran\u00e7ois Hollande.<\/p>\n<p>&nbsp;<\/p>\n","protected":false},"excerpt":{"rendered":"<p>Le m\u00eame jour ils \u00e9taient accueillis par le pr\u00e9sident de la R\u00e9publique Fran\u00e7ois Hollande. &nbsp;<\/p>\n","protected":false},"author":2,"featured_media":17691,"comment_status":"open","ping_status":"open","sticky":false,"template":"","format":"standard","meta":[],"categories":[8],"tags":[],"aioseo_notices":[],"_links":{"self":[{"href":"https:\/\/rusoch.fr\/fr\/wp-json\/wp\/v2\/posts\/17684"}],"collection":[{"href":"https:\/\/rusoch.fr\/fr\/wp-json\/wp\/v2\/posts"}],"about":[{"href":"https:\/\/rusoch.fr\/fr\/wp-json\/wp\/v2\/types\/post"}],"author":[{"embeddable":true,"href":"https:\/\/rusoch.fr\/fr\/wp-json\/wp\/v2\/users\/2"}],"replies":[{"embeddable":true,"href":"https:\/\/rusoch.fr\/fr\/wp-json\/wp\/v2\/comments?post=17684"}],"version-history":[{"count":0,"href":"https:\/\/rusoch.fr\/fr\/wp-json\/wp\/v2\/posts\/17684\/revisions"}],"wp:featuredmedia":[{"embeddable":true,"href":"https:\/\/rusoch.fr\/fr\/wp-json\/wp\/v2\/media\/17691"}],"wp:attachment":[{"href":"https:\/\/rusoch.fr\/fr\/wp-json\/wp\/v2\/media?parent=17684"}],"wp:term":[{"taxonomy":"category","embeddable":true,"href":"https:\/\/rusoch.fr\/fr\/wp-json\/wp\/v2\/categories?post=17684"},{"taxonomy":"post_tag","embeddable":true,"href":"https:\/\/rusoch.fr\/fr\/wp-json\/wp\/v2\/tags?post=17684"}],"curies":[{"name":"wp","href":"https:\/\/api.w.org\/{rel}","templated":true}]}}