{"id":19389,"date":"2014-07-06T00:38:32","date_gmt":"2014-07-05T23:38:32","guid":{"rendered":"http:\/\/rusoch.fr\/?p=19389"},"modified":"2014-07-03T19:21:18","modified_gmt":"2014-07-03T18:21:18","slug":"mezhdunarodnaya-yarmarka-foto-v-bevre-51-foire-internationale-de-la-photo-a-bievres","status":"publish","type":"post","link":"https:\/\/rusoch.fr\/fr\/mond\/mezhdunarodnaya-yarmarka-foto-v-bevre-51-foire-internationale-de-la-photo-a-bievres.html","title":{"rendered":"51 Foire Internationale de la Photo \u00e0 Bi\u00e8vres"},"content":{"rendered":"\n<div class=\"hidden_text\">\u0417\u043d\u0430\u043c\u0435\u043d\u0438\u0442\u044b\u0439 \u0444\u0440\u0430\u043d\u0446\u0443\u0437\u0441\u043a\u0438\u0439 \u0444\u043e\u0442\u043e\u0433\u0440\u0430\u0444 \u041d\u0430\u0434\u0430\u0440 \u043f\u0440\u043e\u0432\u0435\u043b \u043d\u0430\u0434 \u0411\u044c\u0435\u0432\u0440\u043e\u043c \u043f\u0435\u0440\u0432\u0443\u044e \u0430\u044d\u0440\u043e\u0444\u043e\u0442\u043e\u0441\u044a\u0435\u043c\u043a\u0443.\u00a0 \u041f\u043e\u0434\u043d\u044f\u043b\u0441\u044f \u043d\u0430 \u0432\u043e\u0437\u0434\u0443\u0448\u043d\u043e\u043c \u0448\u0430\u0440\u0435 \u0438 \u0441\u043d\u044f\u043b. \u0418\u0431\u043e \u0431\u044b\u043b \u0435\u0449\u0435 \u0438 \u0432\u043e\u0437\u0434\u0443\u0445\u043e\u043f\u043b\u0430\u0432\u0430\u0442\u0435\u043b\u0435\u043c. \u041e\u043d \u0436\u0435, \u043a\u0441\u0442\u0430\u0442\u0438, \u043e\u0434\u043d\u0438\u043c \u0438\u0437 \u043f\u0435\u0440\u0432\u044b\u0445 \u0441\u0444\u043e\u0442\u043e\u0433\u0440\u0430\u0444\u0438\u0440\u043e\u0432\u0430\u043b \u0422\u0443\u0440\u0433\u0435\u043d\u0435\u0432\u0430.<\/div>\n<div class=\"hidden_text\">\u0422\u0430\u043a \u0432\u043e\u0442 \u043e \u0411\u044c\u0435\u0432\u0440\u0435: \u0432 \u044d\u0442\u043e\u043c \u0433\u043e\u0434\u0443 \u0442\u0430\u043c \u043f\u0440\u043e\u0448\u043b\u0430 \u0443\u0436\u0435 51 \u043c\u0435\u0436\u0434\u0443\u043d\u0430\u0440\u043e\u0434\u043d\u0430\u044f \u044f\u0440\u043c\u0430\u0440\u043a\u0430 \u0444\u043e\u0442\u043e\u0433\u0440\u0430\u0444\u0438\u0438 \u0438 \u043f\u0440\u043e\u0447\u0435\u0439 \u0430\u043c\u0443\u043d\u0438\u0446\u0438\u0438 \u0444\u043e\u0442\u043e\u0433\u0440\u0430\u0444\u043e\u0432 \u043e\u0442 \u041d\u0430\u0434\u0430\u0440\u0430 \u0434\u043e \u043d\u0430\u0448\u0438\u0445 \u0434\u043d\u0435\u0439.<\/div>\n<p>En 1964, Jean et Andr\u00e9 Fage, fondateurs du Photoclub de Paris Val-de-Bi\u00e8vre, ont cr\u00e9\u00e9 la Foire et le mus\u00e9e fran\u00e7ais de la Photographie. Depuis la Foire n\u2019a rien perdu de sa renomm\u00e9e internationale et de son aura.<\/p>\n<p>Aujourd\u2019hui, la Foire est organis\u00e9e \u00e0 l\u2019initiative du Photoclub de Paris Val-de-Bi\u00e8vre avec le concours de la Mairie de Bi\u00e8vres, du Conseil G\u00e9n\u00e9ral de l\u2019Essonne, et du mus\u00e9e fran\u00e7ais de la Photographie.<\/p>\n<p><!--more--><\/p>\n<p><div id=\"attachment_19398\" style=\"width: 610px\" class=\"wp-caption alignnone\"><a href=\"http:\/\/rusoch.fr\/files\/2014\/07\/bievres-8-06-2014-049-bis-Copie.jpg\"><img aria-describedby=\"caption-attachment-19398\" loading=\"lazy\" class=\" wp-image-19398\" alt=\"\" src=\"http:\/\/rusoch.fr\/files\/2014\/07\/bievres-8-06-2014-049-bis-Copie-600x335.jpg\" width=\"600\" height=\"335\" srcset=\"https:\/\/rusoch.fr\/files\/2014\/07\/bievres-8-06-2014-049-bis-Copie-600x335.jpg 600w, https:\/\/rusoch.fr\/files\/2014\/07\/bievres-8-06-2014-049-bis-Copie.jpg 1336w\" sizes=\"(max-width: 600px) 100vw, 600px\" \/><\/a><p id=\"caption-attachment-19398\" class=\"wp-caption-text\">\u041f\u0435\u0440\u0435\u0434\u0432\u0438\u0436\u043d\u0430\u044f \u0444\u043e\u0442\u043e\u043b\u0430\u0431\u043e\u0440\u0430\u0442\u043e\u0440\u0438\u044f | Laboratoire d\u00e9ambulant Photo:Boris Guessel<\/p><\/div><\/p>\n<div class=\"hidden_text\">\u041d\u0430\u0447\u0430\u043b\u043e \u0431\u044c\u0435\u0432\u0440\u0441\u043a\u0438\u043c \u0444\u043e\u0442\u043e\u0434\u043d\u044f\u043c \u0431\u044b\u043b\u043e \u043f\u043e\u043b\u043e\u0436\u0435\u043d\u043e \u0432 1964 \u0433\u043e\u0434\u0430 \u0416\u0430\u043d\u043e\u043c \u0438 \u0410\u043d\u0434\u0440\u0435 \u0424\u0430\u0436\u0435, \u043a\u043e\u0442\u043e\u0440\u044b\u0435 \u043f\u043e\u043c\u0438\u043c\u043e \u0432\u044b\u0441\u0442\u0430\u0432\u043a\u0438-\u043f\u0440\u043e\u0434\u0430\u0436\u0438 \u043e\u0441\u043d\u043e\u0432\u0430\u043b\u0438 \u0432 \u0433\u043e\u0440\u043e\u0434\u0435 \u0444\u043e\u0442\u043e\u043a\u043b\u0443\u0431 \u0438 \u0444\u0440\u0430\u043d\u0446\u0443\u0437\u0441\u043a\u0438\u0439 \u041c\u0443\u0437\u0435\u0439 \u0444\u043e\u0442\u043e\u0433\u0440\u0430\u0444\u0438\u0438.<\/div>\n<div class=\"hidden_text\">\u0412 \u0438\u044e\u043d\u044c\u0441\u043a\u0438\u0435 \u0434\u043d\u0438 \u0432 \u0411\u044c\u0435\u0432\u0440 \u0441\u044a\u0435\u0437\u0436\u0430\u044e\u0442\u0441\u044f \u043f\u0440\u043e\u0444\u0435\u0441\u0441\u0438\u043e\u043d\u0430\u043b\u044b, \u043b\u044e\u0431\u0438\u0442\u0435\u043b\u0438 \u0438 \u043a\u043e\u043b\u043b\u0435\u043a\u0446\u0438\u043e\u043d\u0435\u0440\u044b. \u041f\u0440\u0438\u0445\u043e\u0434\u044f\u0442 \u0436\u0438\u0442\u0435\u043b\u0438 \u0441\u043e \u0432\u0441\u0435\u0439 \u043e\u043a\u0440\u0443\u0433\u0438, \u0447\u0442\u043e\u0431\u044b \u043f\u043e\u0441\u043b\u0443\u0448\u0430\u0442\u044c \u043b\u0435\u043a\u0446\u0438\u0438 \u0438 \u043f\u043e\u0443\u0447\u0430\u0441\u0442\u0432\u043e\u0432\u0430\u0442\u044c \u0432 \u0440\u0430\u0431\u043e\u0442\u0435 \u0440\u0430\u0437\u043d\u044b\u0445 \u043a\u0440\u0443\u0436\u043a\u043e\u0432 \u0438 \u0430\u0442\u0435\u043b\u044c\u0435. \u0413\u043b\u0430\u0432\u043d\u0430\u044f \u0437\u0430\u0434\u0430\u0447\u0430 \u2013 \u043f\u0440\u0435\u0434\u0441\u0442\u0430\u0432\u0438\u0442\u044c \u0444\u043e\u0442\u043e\u0433\u0440\u0430\u0444\u0438\u044e \u043a\u0430\u043a \u0432\u0438\u0434 \u0438\u0441\u043a\u0443\u0441\u0441\u0442\u0432\u0430 \u0438 \u0432\u043c\u0435\u0441\u0442\u0435 \u0441 \u0442\u0435\u043c \u043a\u0430\u043a \u043d\u0430\u0438\u0431\u043e\u043b\u0435\u0435 \u043f\u0440\u0430\u043a\u0442\u0438\u043a\u0443\u0435\u043c\u043e\u0435 \u043c\u0430\u0441\u0441\u043e\u0432\u043e\u0435 \u043a\u0443\u043b\u044c\u0442\u0443\u0440\u043d\u043e\u0435 \u0432\u0440\u0435\u043c\u044f\u043f\u0440\u0435\u043f\u0440\u043e\u0432\u043e\u0436\u0434\u0435\u043d\u0438\u0435 (\u0434\u0435\u0439\u0441\u0442\u0432\u0438\u0442\u0435\u043b\u044c\u043d\u043e, \u043a\u0442\u043e \u0441\u0435\u0439\u0447\u0430\u0441 \u043d\u0435 \u0441\u043d\u0438\u043c\u0430\u0435\u0442?)<\/div>\n<p>Cet \u00e9v\u00e9nement s\u2019int\u00e9resse \u00e0 tous les aspects de la photographie et accueille plusieurs milliers de visiteurs : march\u00e9, expositions, conf\u00e9rences, lectures de portfolio, ateliers\u2026 C\u2019est le rendez-vous des photographes professionnels ou amateurs, des collectionneurs du monde entier.<\/p>\n<p>Son objectif\u00a0: consacrer la photographie comme un art tout en c\u00e9l\u00e9brant ce qui est aujourd\u2019hui la premi\u00e8re pratique culturelle des Fran\u00e7ais.<\/p>\n<p><div id=\"attachment_19400\" style=\"width: 610px\" class=\"wp-caption alignnone\"><a href=\"http:\/\/rusoch.fr\/files\/2014\/07\/montage_Boris_Guessel.jpg\"><img aria-describedby=\"caption-attachment-19400\" loading=\"lazy\" class=\"size-medium wp-image-19400\" alt=\"\" src=\"http:\/\/rusoch.fr\/files\/2014\/07\/montage_Boris_Guessel-600x322.jpg\" width=\"600\" height=\"322\" srcset=\"https:\/\/rusoch.fr\/files\/2014\/07\/montage_Boris_Guessel-600x322.jpg 600w, https:\/\/rusoch.fr\/files\/2014\/07\/montage_Boris_Guessel.jpg 1417w\" sizes=\"(max-width: 600px) 100vw, 600px\" \/><\/a><p id=\"caption-attachment-19400\" class=\"wp-caption-text\">\u0424\u043e\u0442\u043e \u043f\u043e \u0441\u0442\u0430\u0440\u0438\u043d\u043a\u0435 | Photo \u00e0 l&#39;ancienne. Montage photo :Boris Guessel<\/p><\/div><\/p>\n<div class=\"hidden_text\">\u0412 \u044d\u0442\u043e\u043c \u0433\u043e\u0434\u0443 \u0442\u0440\u0438\u0441\u0442\u0430 \u0441\u0442\u0435\u043d\u0434\u043e\u0432 \u0441 \u0444\u043e\u0442\u043e\u0433\u0440\u0430\u0444\u0438\u0447\u0435\u0441\u043a\u0438\u043c \u0430\u043d\u0442\u0438\u043a\u0432\u0430\u0440\u0438\u0430\u0442\u043e\u043c \u0438 \u043f\u0440\u043e\u0441\u0442\u043e \u0443\u0441\u0442\u0430\u0440\u0435\u0432\u0448\u0435\u0439 \u0442\u0435\u0445\u043d\u0438\u043a\u043e\u0439 \u0440\u0430\u0441\u0442\u044f\u043d\u0443\u043b\u0438\u0441\u044c \u043d\u0430 \u043f\u043b\u043e\u0449\u0430\u0434\u0438 \u0432 \u0434\u0432\u0430 \u0433\u0435\u043a\u0442\u0430\u0440\u0430.<\/div>\n<p>Cette ann\u00e9e, le march\u00e9 de l\u2019Occasion et des Antiquit\u00e9s photographiques a accueilli 300 exposants sur 2 hectares. Riche et vari\u00e9, c\u2019est l\u2019un des march\u00e9s parmi les plus importants d\u2019Europe. Lanternes magiques, appareils st\u00e9r\u00e9oscopiques c\u00f4toient cam\u00e9ras et appareils photos. Les photos anciennes, parfois encore dans leurs albums d\u2019origine, procurent l\u2019\u00e9motion. Les publicit\u00e9s, objets publicitaires, affiches, livres sur le cin\u00e9ma et la photographie deviennent pi\u00e8ces de collection. Il faut fouiller, chercher parmi ces tr\u00e9sors, le chineur ne revient jamais bredouille.<\/p>\n<p><div id=\"attachment_19401\" style=\"width: 610px\" class=\"wp-caption alignnone\"><a href=\"http:\/\/rusoch.fr\/files\/2014\/07\/bievres-8-06-2014-023.jpg\"><img aria-describedby=\"caption-attachment-19401\" loading=\"lazy\" class=\" wp-image-19401\" alt=\"\" src=\"http:\/\/rusoch.fr\/files\/2014\/07\/bievres-8-06-2014-023-600x400.jpg\" width=\"600\" height=\"400\" srcset=\"https:\/\/rusoch.fr\/files\/2014\/07\/bievres-8-06-2014-023-600x400.jpg 600w, https:\/\/rusoch.fr\/files\/2014\/07\/bievres-8-06-2014-023.jpg 1181w\" sizes=\"(max-width: 600px) 100vw, 600px\" \/><\/a><p id=\"caption-attachment-19401\" class=\"wp-caption-text\">\u0410\u043d\u0442\u0438\u043a\u0432\u0430\u0440\u0438\u0430\u0442 | Antiquit\u00e9s. Photo:Boris Guessel<\/p><\/div><\/p>\n<p>&nbsp;<\/p>\n<p><div id=\"attachment_19402\" style=\"width: 610px\" class=\"wp-caption alignnone\"><a href=\"http:\/\/rusoch.fr\/files\/2014\/07\/VincentTuloup2012.jpg\"><img aria-describedby=\"caption-attachment-19402\" loading=\"lazy\" class=\"size-medium wp-image-19402\" alt=\"\" src=\"http:\/\/rusoch.fr\/files\/2014\/07\/VincentTuloup2012-600x386.jpg\" width=\"600\" height=\"386\" srcset=\"https:\/\/rusoch.fr\/files\/2014\/07\/VincentTuloup2012-600x386.jpg 600w, https:\/\/rusoch.fr\/files\/2014\/07\/VincentTuloup2012.jpg 1181w\" sizes=\"(max-width: 600px) 100vw, 600px\" \/><\/a><p id=\"caption-attachment-19402\" class=\"wp-caption-text\">\u0424\u043e\u0442\u043e\u0430\u0442\u0435\u043b\u044c\u0435 \u043d\u0430 \u044f\u0440\u043c\u0430\u0440\u043a\u0435 | Studio \u00e9ph\u00e9m\u00e8re. Photo: Boris Guessel<\/p><\/div><\/p>\n<p>&nbsp;<\/p>\n<p><div id=\"attachment_19403\" style=\"width: 610px\" class=\"wp-caption alignnone\"><a href=\"http:\/\/rusoch.fr\/files\/2014\/07\/DominiqueTuilard.jpg\"><img aria-describedby=\"caption-attachment-19403\" loading=\"lazy\" class=\"size-medium wp-image-19403\" alt=\"\" src=\"http:\/\/rusoch.fr\/files\/2014\/07\/DominiqueTuilard-600x400.jpg\" width=\"600\" height=\"400\" srcset=\"https:\/\/rusoch.fr\/files\/2014\/07\/DominiqueTuilard-600x400.jpg 600w, https:\/\/rusoch.fr\/files\/2014\/07\/DominiqueTuilard.jpg 1181w\" sizes=\"(max-width: 600px) 100vw, 600px\" \/><\/a><p id=\"caption-attachment-19403\" class=\"wp-caption-text\">DominiqueTuilard. Photo:Boris Guesssel<\/p><\/div><\/p>\n<p>&nbsp;<\/p>\n<p><div id=\"attachment_19404\" style=\"width: 610px\" class=\"wp-caption alignnone\"><a href=\"http:\/\/rusoch.fr\/files\/2014\/07\/SophieLeRoux.jpg\"><img aria-describedby=\"caption-attachment-19404\" loading=\"lazy\" class=\"size-medium wp-image-19404\" alt=\"\" src=\"http:\/\/rusoch.fr\/files\/2014\/07\/SophieLeRoux-600x400.jpg\" width=\"600\" height=\"400\" srcset=\"https:\/\/rusoch.fr\/files\/2014\/07\/SophieLeRoux-600x400.jpg 600w, https:\/\/rusoch.fr\/files\/2014\/07\/SophieLeRoux.jpg 1181w\" sizes=\"(max-width: 600px) 100vw, 600px\" \/><\/a><p id=\"caption-attachment-19404\" class=\"wp-caption-text\">Sophie Le Roux. Photo:Boris Guesssel<\/p><\/div><\/p>\n<p>&nbsp;<\/p>\n<div class=\"hidden_text\">\u0412\u0441\u044f \u0438\u043d\u0444\u043e\u0440\u043c\u0430\u0446\u0438\u044f \u043d\u0430 \u0441\u0430\u0439\u0442\u0435:<a href=\"http:\/\/www.foirephoto-bievres.com\/\">http:\/\/www.foirephoto-bievres.com<\/a><\/div>\n<p>Informations sur le site\u00a0: <a href=\"http:\/\/www.foirephoto-bievres.com\/\">http:\/\/www.foirephoto-bievres.com<\/a><\/p>\n<p>&nbsp;<\/p>\n","protected":false},"excerpt":{"rendered":"<p>En 1964, Jean et Andr\u00e9 Fage, fondateurs du Photoclub de Paris Val-de-Bi\u00e8vre, ont cr\u00e9\u00e9 la Foire et le mus\u00e9e fran\u00e7ais\u2026<\/p>\n","protected":false},"author":2,"featured_media":19404,"comment_status":"open","ping_status":"open","sticky":false,"template":"","format":"standard","meta":[],"categories":[8],"tags":[],"aioseo_notices":[],"_links":{"self":[{"href":"https:\/\/rusoch.fr\/fr\/wp-json\/wp\/v2\/posts\/19389"}],"collection":[{"href":"https:\/\/rusoch.fr\/fr\/wp-json\/wp\/v2\/posts"}],"about":[{"href":"https:\/\/rusoch.fr\/fr\/wp-json\/wp\/v2\/types\/post"}],"author":[{"embeddable":true,"href":"https:\/\/rusoch.fr\/fr\/wp-json\/wp\/v2\/users\/2"}],"replies":[{"embeddable":true,"href":"https:\/\/rusoch.fr\/fr\/wp-json\/wp\/v2\/comments?post=19389"}],"version-history":[{"count":0,"href":"https:\/\/rusoch.fr\/fr\/wp-json\/wp\/v2\/posts\/19389\/revisions"}],"wp:featuredmedia":[{"embeddable":true,"href":"https:\/\/rusoch.fr\/fr\/wp-json\/wp\/v2\/media\/19404"}],"wp:attachment":[{"href":"https:\/\/rusoch.fr\/fr\/wp-json\/wp\/v2\/media?parent=19389"}],"wp:term":[{"taxonomy":"category","embeddable":true,"href":"https:\/\/rusoch.fr\/fr\/wp-json\/wp\/v2\/categories?post=19389"},{"taxonomy":"post_tag","embeddable":true,"href":"https:\/\/rusoch.fr\/fr\/wp-json\/wp\/v2\/tags?post=19389"}],"curies":[{"name":"wp","href":"https:\/\/api.w.org\/{rel}","templated":true}]}}