{"id":19495,"date":"2014-07-10T00:10:08","date_gmt":"2014-07-09T23:10:08","guid":{"rendered":"http:\/\/rusoch.fr\/?p=19495"},"modified":"2014-07-09T20:06:53","modified_gmt":"2014-07-09T19:06:53","slug":"yanina-pokazyvaet-modeli-v-parizhe","status":"publish","type":"post","link":"https:\/\/rusoch.fr\/fr\/events\/yanina-pokazyvaet-modeli-v-parizhe.html","title":{"rendered":" Yanina \u00e0 Paris"},"content":{"rendered":"\n<div class=\"hidden_text\">\u0421 6 \u043f\u043e 11 \u0438\u044e\u043b\u044f 2014 \u0432 \u041f\u0430\u0440\u0438\u0436\u0435 \u043f\u0440\u043e\u0445\u043e\u0434\u0438\u0442 \u041d\u0435\u0434\u0435\u043b\u044f \u0412\u044b\u0441\u043e\u043a\u043e\u0439 \u043c\u043e\u0434\u044b.<\/div>\n<div class=\"hidden_text\">\u0412 \u0420\u0430\u043c\u043a\u0430\u0445 \u041d\u0435\u0434\u0435\u043b\u0438 \u043d\u0430 \u0430\u0432\u0435\u043d\u044e \u0424\u0440\u0430\u043d\u043a\u043b\u0438\u043d\u0430 \u0420\u0443\u0437\u0432\u0435\u043b\u044c\u0442\u0430, \u043d\u0430\u043f\u0440\u043e\u0442\u0438\u0432 \u0414\u0432\u043e\u0440\u0446\u0430 \u043e\u0442\u043a\u0440\u044b\u0442\u0438\u0439 \u043f\u0440\u043e\u0448\u0435\u043b \u043f\u043e\u043a\u0430\u0437 \u043c\u043e\u0434\u0435\u043b\u0435\u0439<em> \u042e\u043b\u0438\u0438 \u042f\u043d\u0438\u043d\u043e\u0439<\/em>.<\/div>\n<div class=\"hidden_text\">\u00ab\u00a0<i>\u0420\u0443\u0441\u0441\u043a\u0438\u0439<\/i><i> <\/i><i>\u043e\u0447\u0435\u0432\u0438\u0434\u0435\u0446<\/i>\u00bb \u043f\u043e\u043b\u0443\u0447\u0438\u043b \u043f\u0440\u0438\u0433\u043b\u0430\u0448\u0435\u043d\u0438\u0435.<\/div>\n<p>La semaine des d\u00e9fil\u00e9es de Haute couture se tient \u00e0 Paris du 6 au 11 juillet 2014<\/p>\n<p>Dans le cadre de Fashion week la maison Yanina a d\u00e9voil\u00e9 sa collection dans un somptueux lieu sur l\u2019avenue Franklin Roosevelt face au Palais de la D\u00e9couverte.<\/p>\n<p>\u00ab\u00a0<i>L\u2019Observateur russe\u00a0<\/i>\u00bb \u00e9tait parmi les invit\u00e9s.<\/p>\n<p><!--more--><\/p>\n<p><a href=\"http:\/\/rusoch.fr\/files\/2014\/07\/DSC01071.jpg\"><img loading=\"lazy\" class=\"alignnone size-medium wp-image-19500\" alt=\"DSC01071&amp;\" src=\"http:\/\/rusoch.fr\/files\/2014\/07\/DSC01071-600x400.jpg\" width=\"600\" height=\"400\" srcset=\"https:\/\/rusoch.fr\/files\/2014\/07\/DSC01071-600x400.jpg 600w, https:\/\/rusoch.fr\/files\/2014\/07\/DSC01071.jpg 1000w\" sizes=\"(max-width: 600px) 100vw, 600px\" \/><\/a><\/p>\n<div class=\"hidden_text\">\u041a\u043e\u043b\u043b\u0435\u043a\u0446\u0438\u044f \u041c\u043e\u0434\u043d\u043e\u0433\u043e \u0434\u043e\u043c\u0430 <em>Yanina<\/em> \u0441\u0435\u0437\u043e\u043d\u0430 \u043e\u0441\u0435\u043d\u044c-\u0437\u0438\u043c\u0430 2014&mdash;2015 \u2013 \u0434\u0430\u043d\u044c \u0438 \u0440\u0435\u0432\u0435\u0440\u0430\u043d\u0441 \u0438\u0441\u043a\u0443\u0441\u0441\u0442\u0432\u0443 \u0448\u0438\u0442\u044c\u044f.<\/div>\n<div class=\"hidden_text\">\u0418\u0441\u043a\u043b\u044e\u0447\u0438\u0442\u0435\u043b\u044c\u043d\u043e\u0441\u0442\u044c \u0438 \u043c\u0430\u0441\u0442\u0435\u0440\u0441\u0442\u0432\u043e.<\/div>\n<div class=\"hidden_text\">\u0413\u0430\u0440\u043c\u043e\u043d\u0438\u0447\u043d\u044b\u0439 \u043f\u0435\u0440\u0435\u0445\u043e\u0434 \u043e\u0442 \u0442\u0440\u0430\u0434\u0438\u0446\u0438\u0438 \u043a \u0441\u043e\u0432\u0440\u0435\u043c\u0435\u043d\u043d\u043e\u0441\u0442\u0438.<\/div>\n<p>La collection automne-hiver 2014&mdash;2015 de la maison<em> Yanina <\/em>est un hommage \u00e0 la broderie.<\/p>\n<p>De l\u2019exceptionnel et du savoir-faire.<\/p>\n<p>Le passage harmonieux de la tradition \u00e0 la modernit\u00e9.<\/p>\n<p><a href=\"http:\/\/youtu.be\/RyS916WtdWQ\" target=\"_blank\">[RyS916WtdWQ]<\/a><\/p>\n<div class=\"hidden_text\">\u0421\u0438\u044f\u043d\u0438\u0435 \u043c\u043e\u043b\u043e\u0434\u043e\u0441\u0442\u0438, \u043a\u043e\u0442\u043e\u0440\u043e\u0439 \u043a \u043b\u0438\u0446\u0443 \u0438\u0441\u043a\u0443\u0441\u0441\u0442\u0432\u043e \u0441\u0442\u0430\u0440\u0438\u043d\u043d\u044b\u0445 \u0440\u0435\u043c\u0435\u0441\u0435\u043b.<\/div>\n<div class=\"hidden_text\">\u0412\u044b\u0441\u043e\u043a\u0430\u044f \u043c\u043e\u0434\u0430, \u043a\u043e\u0442\u043e\u0440\u0443\u044e \u043d\u043e\u0441\u044f\u0442 \u2013 \u0442\u0430\u043a\u043e\u0432\u0430 \u0438\u0434\u0435\u044f, \u0432\u043e\u043f\u043b\u043e\u0449\u0435\u043d\u043d\u0430\u044f \u0432 \u043c\u043e\u043d\u043e\u0445\u0440\u043e\u043c\u043d\u043e\u0439 \u043a\u043e\u043b\u043b\u0435\u043a\u0446\u0438\u0438.<\/div>\n<p>Le savoir-faire ancestraux des artisans est revu \u00e0 travers un prisme juv\u00e9nile.<\/p>\n<p>La ligne directrice est le r\u00eave d\u2019une haute couture qui se porte, elle se traduit \u00e0 travers une collection r\u00e9solument monochrome.<\/p>\n<p><a href=\"http:\/\/youtu.be\/wE6lGBc5LoM\" target=\"_blank\">[wE6lGBc5LoM]<\/a><\/p>\n<div class=\"hidden_text\">\u0412 \u043a\u0430\u0436\u0434\u043e\u0439 \u043c\u043e\u0434\u0435\u043b\u0438 \u2013 \u043f\u043e\u0442\u0440\u044f\u0441\u0430\u044e\u0449\u0438\u0439 \u0442\u0430\u043b\u0430\u043d\u0442 \u0437\u043e\u043b\u043e\u0442\u043e\u0448\u0432\u0435\u0435\u043a \u0438 \u0432\u044b\u0448\u0438\u0432\u0430\u043b\u044c\u0449\u0438\u0446.<\/div>\n<div class=\"hidden_text\">\u0412 \u043b\u0438\u043d\u0438\u044f\u0445 \u0438 \u0441\u0438\u043b\u0443\u044d\u0442\u0430\u0445 \u0441\u043e\u0435\u0434\u0438\u043d\u0438\u043b\u0438\u0441\u044c \u0433\u0430\u043b\u0430\u043d\u0442\u043d\u044b\u0439 XVIII \u0432\u0435\u043a \u0438 \u043d\u0430\u0440\u043e\u0434\u043d\u044b\u0439 \u043a\u043e\u0441\u0442\u044e\u043c, \u0430\u0440\u0438\u0441\u0442\u043e\u043a\u0440\u0430\u0442\u0438\u0447\u043d\u043e\u0441\u0442\u044c \u0434\u0432\u043e\u0440\u0446\u043e\u0432\u044b\u0445 \u043d\u0430\u0440\u044f\u0434\u043e\u0432 \u0438 \u044f\u0441\u043d\u0430\u044f \u0433\u0430\u0440\u043c\u043e\u043d\u0438\u044f \u0440\u0443\u0441\u0441\u043a\u043e\u0433\u043e \u0444\u043e\u043b\u044c\u043a\u043b\u043e\u0440\u0430.<\/div>\n<p>Chaque mod\u00e8le vous plonge dans un monde merveilleux des piqu\u00e9s d\u2019or et des broderies <em>de la maison Yanina.<\/em><\/p>\n<p>Au travers des lignes et des silhouettes les inspirations proviennent des tenues galantes du XVIII si\u00e8cles associ\u00e9es aux v\u00eatements parfois aust\u00e8res h\u00e9rit\u00e9s du folklore russe auxquels s\u2019ajoutent des d\u00e9tails des costumes officiels et certains traits de caract\u00e8re des parures de la cour.<\/p>\n","protected":false},"excerpt":{"rendered":"<p>La semaine des d\u00e9fil\u00e9es de Haute couture se tient \u00e0 Paris du 6 au 11 juillet 2014 Dans le cadre\u2026<\/p>\n","protected":false},"author":2,"featured_media":19500,"comment_status":"open","ping_status":"open","sticky":false,"template":"","format":"standard","meta":[],"categories":[6],"tags":[1555,13,341,2054],"aioseo_notices":[],"_links":{"self":[{"href":"https:\/\/rusoch.fr\/fr\/wp-json\/wp\/v2\/posts\/19495"}],"collection":[{"href":"https:\/\/rusoch.fr\/fr\/wp-json\/wp\/v2\/posts"}],"about":[{"href":"https:\/\/rusoch.fr\/fr\/wp-json\/wp\/v2\/types\/post"}],"author":[{"embeddable":true,"href":"https:\/\/rusoch.fr\/fr\/wp-json\/wp\/v2\/users\/2"}],"replies":[{"embeddable":true,"href":"https:\/\/rusoch.fr\/fr\/wp-json\/wp\/v2\/comments?post=19495"}],"version-history":[{"count":0,"href":"https:\/\/rusoch.fr\/fr\/wp-json\/wp\/v2\/posts\/19495\/revisions"}],"wp:featuredmedia":[{"embeddable":true,"href":"https:\/\/rusoch.fr\/fr\/wp-json\/wp\/v2\/media\/19500"}],"wp:attachment":[{"href":"https:\/\/rusoch.fr\/fr\/wp-json\/wp\/v2\/media?parent=19495"}],"wp:term":[{"taxonomy":"category","embeddable":true,"href":"https:\/\/rusoch.fr\/fr\/wp-json\/wp\/v2\/categories?post=19495"},{"taxonomy":"post_tag","embeddable":true,"href":"https:\/\/rusoch.fr\/fr\/wp-json\/wp\/v2\/tags?post=19495"}],"curies":[{"name":"wp","href":"https:\/\/api.w.org\/{rel}","templated":true}]}}