{"id":19515,"date":"2014-07-12T16:34:46","date_gmt":"2014-07-12T15:34:46","guid":{"rendered":"http:\/\/rusoch.fr\/?p=19515"},"modified":"2014-07-14T10:58:25","modified_gmt":"2014-07-14T09:58:25","slug":"tixo-na-ukraine-ubivayut","status":"publish","type":"post","link":"https:\/\/rusoch.fr\/fr\/events\/tixo-na-ukraine-ubivayut.html","title":{"rendered":" Silence, on tue en Ukraine"},"content":{"rendered":"\n<div class=\"hidden_text\">\u0412\u0447\u0435\u0440\u0430 11 \u0438\u044e\u043b\u044f <strong>\u0432 \u041f\u0430\u0440\u0438\u0436\u0435 \u0443 \u0444\u043e\u043d\u0442\u0430\u043d\u0430 \u041d\u0435\u0432\u0438\u043d\u043d\u044b\u0445 \u043f\u0440\u043e\u0448\u0435\u043b \u043c\u0438\u0442\u0438\u043d\u0433 \u0437\u0430 \u043c\u0438\u0440 \u043d\u0430 \u0423\u043a\u0440\u0430\u0438\u043d\u0435<\/strong> \u0438 \u0437\u0430 \u043d\u0435\u043c\u0435\u0434\u043b\u0435\u043d\u043d\u043e\u0435 \u043f\u0440\u0435\u043a\u0440\u0430\u0449\u0435\u043d\u0438\u0435 \u0432\u043e\u0435\u043d\u043d\u044b\u0445 \u0434\u0435\u0439\u0441\u0442\u0432\u0438\u0439 \u043d\u0430 \u044e\u0433\u043e-\u0432\u043e\u0441\u0442\u043e\u043a\u0435 \u0441\u0442\u0440\u0430\u043d\u044b.<\/div>\n<p>La manifestation pour la paix en Ukraine et pour l\u2019arr\u00eat imm\u00e9diat des hostilit\u00e9s au sud-est du pays a eu lieu hier le 11 juillet \u00e0 Paris pr\u00e8s de la fontaine des Innocents, place Joachim du Bellay.<\/p>\n<p><!--more--><\/p>\n<p><div id=\"attachment_19516\" style=\"width: 319px\" class=\"wp-caption alignnone\"><a href=\"http:\/\/rusoch.fr\/files\/2014\/07\/Silence_on_tue.jpg\"><img aria-describedby=\"caption-attachment-19516\" loading=\"lazy\" class=\"size-medium wp-image-19516\" alt=\"\" src=\"http:\/\/rusoch.fr\/files\/2014\/07\/Silence_on_tue-309x400.jpg\" width=\"309\" height=\"400\" srcset=\"https:\/\/rusoch.fr\/files\/2014\/07\/Silence_on_tue-309x400.jpg 309w, https:\/\/rusoch.fr\/files\/2014\/07\/Silence_on_tue.jpg 490w\" sizes=\"(max-width: 309px) 100vw, 309px\" \/><\/a><p id=\"caption-attachment-19516\" class=\"wp-caption-text\">\u0410\u0444\u0438\u0448\u0430 \u043a\u043e\u043c\u0438\u0442\u0435\u0442\u0430 &laquo;\u0424\u0440\u0430\u043d\u0446\u0438\u044f&nbsp;&mdash; \u0414\u043e\u043d\u0431\u0430\u0441\u0441&raquo; | Afiche du comit\u00e9 France-Donbass<\/p><\/div><\/p>\n<div class=\"hidden_text\">\u042d\u0442\u043e \u0431\u044b\u043b \u0432\u0435\u0447\u0435\u0440 <a href=\"http:\/\/rusoch.fr\/lang\/ru\/rus\/ostanovit-vojnu-spasti-detej.html\">\u043f\u0430\u043c\u044f\u0442\u0438 \u0434\u0435\u0442\u0435\u0439<\/a>, \u043f\u043e\u0433\u0438\u0431\u0448\u0438\u0445 \u0432 \u0440\u0435\u0437\u0443\u043b\u044c\u0442\u0430\u0442\u0435 \u043a\u0430\u0440\u0430\u0442\u0435\u043b\u044c\u043d\u044b\u0445 \u043e\u043f\u0435\u0440\u0430\u0446\u0438\u0439.<\/div>\n<p>C\u2019\u00e9tait aussi l\u2019occasion de comm\u00e9morer <a href=\"http:\/\/rusoch.fr\/lang\/fr\/rus\/ostanovit-vojnu-spasti-detej.html\">la m\u00e9moire des enfants <\/a>tu\u00e9s pendant des op\u00e9rations punitives.<\/p>\n<p><a href=\"http:\/\/rusoch.fr\/files\/2014\/07\/DSC01117.jpg\"><img loading=\"lazy\" class=\"alignnone size-medium wp-image-19519\" alt=\"DSC01117&amp;\" src=\"http:\/\/rusoch.fr\/files\/2014\/07\/DSC01117-600x400.jpg\" width=\"600\" height=\"400\" srcset=\"https:\/\/rusoch.fr\/files\/2014\/07\/DSC01117-600x400.jpg 600w, https:\/\/rusoch.fr\/files\/2014\/07\/DSC01117.jpg 1000w\" sizes=\"(max-width: 600px) 100vw, 600px\" \/><\/a><\/p>\n<div class=\"hidden_text\">\u041e\u0440\u0433\u0430\u043d\u0438\u0437\u0430\u0442\u043e\u0440\u0430\u043c\u0438 \u043c\u0435\u0440\u043e\u043f\u0440\u0438\u044f\u0442\u0438\u044f \u0432\u044b\u0441\u0442\u0443\u043f\u0438\u043b \u0433\u0440\u0430\u0436\u0434\u0430\u043d\u0441\u043a\u0438\u0439 \u043a\u043e\u043c\u0438\u0442\u0435\u0442 \u00ab\u0417\u0430 \u043c\u0438\u0440 \u0432 \u0423\u043a\u0440\u0430\u0438\u043d\u0435\u00bb. \u041d\u0430 \u043f\u043b\u043e\u0449\u0430\u0434\u044c \u043f\u0440\u0438\u0448\u043b\u0438 \u043f\u0440\u0435\u0434\u0441\u0442\u0430\u0432\u0438\u0442\u0435\u043b\u0438 \u043a\u043e\u043c\u0438\u0442\u0435\u0442\u0430 \u00ab\u0424\u0440\u0430\u043d\u0446\u0438\u044f-\u0414\u043e\u043d\u0431\u0430\u0441\u0441\u00bb \u0438 \u0441\u0435\u0442\u0438 \u00ab\u0412\u043e\u043b\u044c\u0442\u0435\u0440\u00bb, \u043f\u0440\u0435\u0434\u0432\u0430\u0440\u0438\u0442\u0435\u043b\u044c\u043d\u043e \u043f\u0440\u0438\u0437\u0432\u0430\u0432 \u0441\u0432\u043e\u0438\u0445 \u0447\u043b\u0435\u043d\u043e\u0432 \u043f\u0440\u0438\u0441\u043e\u0435\u0434\u0438\u043d\u0438\u0442\u044c\u0441\u044f \u043a \u0430\u043a\u0446\u0438\u0438.<\/div>\n<p>Ce meeting a \u00e9t\u00e9 organis\u00e9 par le comit\u00e9 citoyen pour la Paix en Ukraine\u00a0. Le comit\u00e9 France \u2013 Donbass et le r\u00e9seau Voltaire ont soutenu cette initiative en appelant leurs adh\u00e9rents \u00e0 venir manifester ce jour ci.<\/p>\n<p><div id=\"attachment_19520\" style=\"width: 610px\" class=\"wp-caption alignnone\"><a href=\"http:\/\/rusoch.fr\/files\/2014\/07\/DSC01101.jpg\"><img aria-describedby=\"caption-attachment-19520\" loading=\"lazy\" class=\"size-medium wp-image-19520\" alt=\"\" src=\"http:\/\/rusoch.fr\/files\/2014\/07\/DSC01101-600x400.jpg\" width=\"600\" height=\"400\" srcset=\"https:\/\/rusoch.fr\/files\/2014\/07\/DSC01101-600x400.jpg 600w, https:\/\/rusoch.fr\/files\/2014\/07\/DSC01101.jpg 1000w\" sizes=\"(max-width: 600px) 100vw, 600px\" \/><\/a><p id=\"caption-attachment-19520\" class=\"wp-caption-text\">\u0410\u043b\u0435\u043d \u0411\u0435\u043d\u0430\u0436\u0430\u043c, \u0441\u0435\u0442\u044c \u0412\u043e\u043b\u044c\u0442\u0435\u0440 | Alain Benajam, r\u00e9seau Voltaire<\/p><\/div><\/p>\n<div class=\"hidden_text\">\u0412\u044b\u0441\u0442\u0443\u043f\u0430\u0435\u0442 \u0413\u0435\u043e\u0440\u0433\u0438\u0439 \u0428\u0435\u043f\u0435\u043b\u0435\u0432, \u043a\u043e\u043e\u0440\u0434\u0438\u043d\u0430\u0442\u043e\u0440 \u0433\u0440\u0430\u0436\u0434\u0430\u043d\u0441\u043a\u043e\u0433\u043e \u043a\u043e\u043c\u0438\u0442\u0435\u0442\u0430 \u00ab\u0417\u0430 \u043c\u0438\u0440 \u0432 \u0423\u043a\u0440\u0430\u0438\u043d\u0435\u00bb.<\/div>\n<p>Gueorgui Chepelev, coordinateur du meeting prend la parole.<\/p>\n<p>[mCtTtB7Qy5g]<\/p>\n<div class=\"hidden_text\">\u041d\u0430 \u0432\u0435\u0447\u0435\u0440 \u043f\u0430\u043c\u044f\u0442\u0438 \u043f\u0440\u0438\u0448\u043b\u0438 \u0432\u044b\u0445\u043e\u0434\u0446\u044b \u0438\u0437 \u0440\u0430\u0437\u043d\u044b\u0445 \u0443\u0433\u043e\u043b\u043a\u043e\u0432 \u0423\u043a\u0440\u0430\u0438\u043d\u044b: \u041a\u0438\u0435\u0432\u0430, \u041b\u044c\u0432\u043e\u0432\u0430, \u0413\u043e\u0440\u043b\u043e\u0432\u043a\u0438, \u041b\u0443\u0433\u0430\u043d\u0441\u043a\u0430, \u043a\u0440\u044b\u043c\u0447\u0430\u043d\u0435-\u043f\u0430\u0440\u0438\u0436\u0430\u043d\u0435, \u0440\u0443\u0441\u0441\u043a\u0438\u0435 \u0438 \u0444\u0440\u0430\u043d\u0446\u0443\u0437\u044b.<\/div>\n<p>Dans la foule des ressortissants de tous les coins de l\u2019Ukraine (Kiev, Lvov, Gorlovka), des parisiens de Crim\u00e9e, des russes et des fran\u00e7ais.<\/p>\n<p><a href=\"http:\/\/rusoch.fr\/files\/2014\/07\/DSC01092.jpg\"><img loading=\"lazy\" class=\"alignnone size-medium wp-image-19521\" alt=\"DSC01092&amp;\" src=\"http:\/\/rusoch.fr\/files\/2014\/07\/DSC01092-600x400.jpg\" width=\"600\" height=\"400\" srcset=\"https:\/\/rusoch.fr\/files\/2014\/07\/DSC01092-600x400.jpg 600w, https:\/\/rusoch.fr\/files\/2014\/07\/DSC01092.jpg 1000w\" sizes=\"(max-width: 600px) 100vw, 600px\" \/><\/a><\/p>\n<p>&nbsp;<\/p>\n<p><a href=\"http:\/\/rusoch.fr\/files\/2014\/07\/DSC01115.jpg\"><img loading=\"lazy\" class=\"alignnone size-medium wp-image-19528\" alt=\"DSC01115&amp;\" src=\"http:\/\/rusoch.fr\/files\/2014\/07\/DSC01115-600x400.jpg\" width=\"600\" height=\"400\" srcset=\"https:\/\/rusoch.fr\/files\/2014\/07\/DSC01115-600x400.jpg 600w, https:\/\/rusoch.fr\/files\/2014\/07\/DSC01115.jpg 1000w\" sizes=\"(max-width: 600px) 100vw, 600px\" \/><\/a><\/p>\n<div class=\"hidden_text\">\u041c\u043e\u043b\u043e\u0434\u0430\u044f \u0434\u0435\u0432\u0443\u0448\u043a\u0430 \u041e\u043b\u0435\u0441\u044f (\u0441\u0430\u043c\u0430 \u0438\u0437 \u041c\u043e\u0441\u043a\u0432\u044b, \u0432\u0441\u044f \u0441\u0435\u043c\u044c\u044f \u043f\u043e \u043c\u0430\u0442\u0435\u0440\u0438\u043d\u0441\u043a\u043e\u0439 \u043b\u0438\u043d\u0438\u0438 \u0436\u0438\u0432\u0435\u0442 \u0432 \u0414\u043e\u043d\u0435\u0446\u043a\u0435) \u0440\u0430\u0441\u0441\u043a\u0430\u0437\u044b\u0432\u0430\u0435\u0442, \u0447\u0442\u043e \u0441\u0432\u044f\u0437\u044c \u0441 \u0440\u043e\u0434\u043d\u044b\u043c\u0438 \u043f\u043b\u043e\u0445\u0430\u044f, \u0438\u043d\u043e\u0433\u0434\u0430 \u043f\u0440\u0438\u0445\u043e\u0434\u044f\u0442 \u043a\u0440\u0430\u0442\u043a\u0438\u0435 \u0421\u041c\u0421 \u00ab\u043c\u044b \u0435\u0449\u0435 \u0436\u0438\u0432\u044b\u00bb, \u0447\u0442\u043e \u043c\u0438\u043b\u0438\u0446\u0438\u044e \u0433\u043e\u0440\u043e\u0434\u0430 \u0443\u043a\u0440\u0430\u0438\u043d\u0441\u043a\u0438\u0435 \u0432\u043e\u0435\u043d\u043d\u044b\u0435 \u043e\u0431\u044a\u044f\u0432\u0438\u043b\u0438 \u043f\u0440\u0435\u0434\u0430\u0442\u0435\u043b\u044f\u043c\u0438 \u0438 \u043e\u0442\u0434\u0430\u043b\u0438 \u043f\u0440\u0438\u043a\u0430\u0437 \u0443\u0431\u0438\u0432\u0430\u0442\u044c \u0438\u0445, \u0447\u0442\u043e \u043d\u0438\u043a\u0430\u043a\u0438\u0445 \u0437\u0435\u043b\u0435\u043d\u044b\u0445 \u043a\u043e\u0440\u0438\u0434\u043e\u0440\u043e\u0432 \u0434\u043b\u044f \u043c\u0438\u0440\u043d\u044b\u0445 \u0436\u0438\u0442\u0435\u043b\u0435\u0439 \u0432\u043b\u0430\u0441\u0442\u0438 \u043d\u0435 \u043f\u0440\u0435\u0434\u043e\u0441\u0442\u0430\u0432\u043b\u044f\u044e\u0442; \u043b\u044e\u0434\u044f\u043c, \u043a\u0430\u043a \u043c\u043e\u0433\u0443\u0442, \u043f\u043e\u043c\u043e\u0433\u0430\u044e\u0442 \u043e\u043f\u043e\u043b\u0447\u0435\u043d\u0446\u044b.<\/div>\n<p>La jeune fille Olessya (originaire de Moscou, sa famille c\u00f4t\u00e9 maternel vit \u00e0 Donetsk) raconte que la liaison avec sa famille n\u2019est pas stable, les sms du genre \u00ab\u00a0nous sommes encore en vie\u00a0\u00bb sont rares. Elle raconte que les militaires ukrainiens ont re\u00e7u l\u2019ordre de tuer les repr\u00e9sentants des forces de l\u2019ordre de la ville et qu\u2019il n&#39;y a aucun corridor humanitaire ouvert par les forces ukrainiennes pour \u00e9vacuer les gens, qui sont aid\u00e9s par la milice en place.<\/p>\n<p><a href=\"http:\/\/rusoch.fr\/files\/2014\/07\/DSC01107.jpg\"><img loading=\"lazy\" class=\"alignnone size-medium wp-image-19522\" alt=\"DSC01107&amp;\" src=\"http:\/\/rusoch.fr\/files\/2014\/07\/DSC01107-600x400.jpg\" width=\"600\" height=\"400\" srcset=\"https:\/\/rusoch.fr\/files\/2014\/07\/DSC01107-600x400.jpg 600w, https:\/\/rusoch.fr\/files\/2014\/07\/DSC01107.jpg 1000w\" sizes=\"(max-width: 600px) 100vw, 600px\" \/><\/a><\/p>\n<div class=\"hidden_text\">\u0421\u0432\u0435\u0442\u043b\u0430\u043d\u0430 \u0438\u0437 \u0417\u0430\u043f\u043e\u0440\u043e\u0436\u044c\u044f \u0431\u043e\u043b\u044c\u0448\u0435 \u0434\u0435\u0441\u044f\u0442\u0438 \u043b\u0435\u0442 \u0436\u0438\u0432\u0435\u0442 \u0432\u043e \u0424\u0440\u0430\u043d\u0446\u0438\u0438, \u0440\u043e\u0434\u0438\u0442\u0435\u043b\u0438 \u043e\u0441\u0442\u0430\u043b\u0438\u0441\u044c \u0434\u043e\u043c\u0430. \u0420\u0430\u0441\u0441\u043a\u0430\u0437\u044b\u0432\u0430\u0435\u0442, \u0447\u0442\u043e \u0443 \u043d\u0435\u0435 \u043d\u0430 \u0440\u0430\u0431\u043e\u0442\u0435 \u0444\u0440\u0430\u043d\u0446\u0443\u0437\u044b \u0432\u043e\u043e\u0431\u0449\u0435 \u043d\u0438\u0447\u0435\u0433\u043e \u043d\u0435 \u0437\u043d\u0430\u044e\u0442 \u043e \u0441\u043e\u0431\u044b\u0442\u0438\u044f\u0445 \u043d\u0430 \u0435\u0435 \u0440\u043e\u0434\u0438\u043d\u0435. \u041d\u043e \u043f\u0440\u0438 \u044d\u0442\u043e\u043c \u0441\u0447\u0438\u0442\u0430\u044e\u0442, \u0447\u0442\u043e \u0436\u0438\u0442\u0435\u043b\u044f\u043c \u044e\u0433\u043e-\u0432\u043e\u0441\u0442\u043e\u043a\u0430 \u043d\u0430\u0434\u043e \u0442\u0438\u0445\u043e \u0441\u0438\u0434\u0435\u0442\u044c, \u0442\u043e\u0433\u0434\u0430 \u0441\u0438\u0442\u0443\u0430\u0446\u0438\u044f \u0443\u0441\u043f\u043e\u043a\u043e\u0438\u0442\u0441\u044f.<\/div>\n<p>Svetlana de Zaporoji\u00e9 vit en France depuis plus de 10 ans. Ses parents sont rest\u00e9s chez eux. Elle t\u00e9moigne que ses collaborateurs fran\u00e7ais ne savent rien de ce qui se passe dans son pays, pourtant ils sont persuad\u00e9s que la population dans les villes assi\u00e9g\u00e9es ferait mieux de rester \u00e0 la maison, et c\u2019est ainsi que la situation se stabilisera.<\/p>\n<p><a href=\"http:\/\/rusoch.fr\/files\/2014\/07\/DSC01109.jpg\"><img loading=\"lazy\" class=\"alignnone size-medium wp-image-19523\" alt=\"DSC01109&amp;\" src=\"http:\/\/rusoch.fr\/files\/2014\/07\/DSC01109-600x400.jpg\" width=\"600\" height=\"400\" srcset=\"https:\/\/rusoch.fr\/files\/2014\/07\/DSC01109-600x400.jpg 600w, https:\/\/rusoch.fr\/files\/2014\/07\/DSC01109.jpg 1000w\" sizes=\"(max-width: 600px) 100vw, 600px\" \/><\/a><\/p>\n<div class=\"hidden_text\">\u041f\u0440\u0435\u0434\u043f\u0440\u0438\u043d\u0438\u043c\u0430\u0442\u0435\u043b\u044c \u0416\u043e\u044d\u043b\u044c \u0432\u044b\u0445\u043e\u0434\u0438\u043b \u043d\u0430 \u043c\u0438\u0442\u0438\u043d\u0433\u0438 \u043f\u0440\u043e\u0442\u0438\u0432 \u0432\u043e\u0439\u043d\u044b \u0432 \u041b\u0438\u0432\u0438\u0438 \u0438 \u0421\u0438\u0440\u0438\u0438, \u0441\u0435\u0433\u043e\u0434\u043d\u044f \u043e\u043d \u0432\u044b\u0441\u0442\u0443\u043f\u0430\u0435\u0442 \u0437\u0430 \u043d\u0435\u043c\u0435\u0434\u043b\u0435\u043d\u043d\u043e\u0435 \u043f\u0440\u0435\u043a\u0440\u0430\u0449\u0435\u043d\u0438\u0435 \u043a\u0430\u0440\u0430\u0442\u0435\u043b\u044c\u043d\u044b\u0445 \u0434\u0435\u0439\u0441\u0442\u0432\u0438\u0439 \u043d\u0430 \u0423\u043a\u0440\u0430\u0438\u043d\u0435.<\/div>\n<div class=\"hidden_text\">\u00ab\u0421\u0440\u0435\u0434\u043d\u0438\u0439 \u0444\u0440\u0430\u043d\u0446\u0443\u0437,&nbsp;&mdash; \u0433\u043e\u0432\u043e\u0440\u0438\u0442 \u0416\u043e\u044d\u043b\u044c \u00ab<em>\u0420\u0443\u0441\u0441\u043a\u043e\u043c\u0443 \u043e\u0447\u0435\u0432\u0438\u0434\u0446\u0443\u00bb<\/em>,&nbsp;&mdash; \u0430\u0431\u0441\u043e\u043b\u044e\u0442\u043d\u043e \u043d\u0435 \u0432 \u043a\u0443\u0440\u0441\u0435 \u0441\u043e\u0431\u044b\u0442\u0438\u0439 \u043d\u0430 \u044e\u0433\u043e-\u0432\u043e\u0441\u0442\u043e\u043a\u0435. \u0414\u0430\u0436\u0435 \u043c\u043e\u044f \u043c\u0430\u0442\u044c \u043d\u0438\u0447\u0435\u0433\u043e \u043d\u0435 \u043f\u043e\u043d\u0438\u043c\u0430\u0435\u0442, \u043c\u043d\u0435 \u043f\u0440\u0438\u0445\u043e\u0434\u0438\u0442\u0441\u044f \u0435\u0439 \u0432\u0441\u0435 \u043e\u0431\u044a\u044f\u0441\u043d\u044f\u0442\u044c. \u0410 \u0432\u0435\u0434\u044c \u043c\u043e\u0439 \u043e\u0442\u0435\u0446 \u0431\u044b\u043b \u0432 \u0414\u0430\u0445\u0430\u0443, \u0438 \u044f \u043d\u0435 \u0445\u043e\u0447\u0443, \u0447\u0442\u043e\u0431\u044b \u043d\u0430\u0446\u0438\u0441\u0442\u044b \u043f\u0440\u0438\u0448\u043b\u0438 \u043a \u0432\u043b\u0430\u0441\u0442\u0438. \u0424\u0440\u0430\u043d\u0446\u0443\u0437\u0441\u043a\u0438\u0435 \u0421\u041c\u0418 \u043c\u043e\u043b\u0447\u0430\u0442, \u043f\u043e\u0442\u043e\u043c\u0443 \u0447\u0442\u043e \u043e\u0431\u0441\u043b\u0443\u0436\u0438\u0432\u0430\u044e\u0442 \u043a\u0440\u0443\u043f\u043d\u044b\u0439 \u043a\u0430\u043f\u0438\u0442\u0430\u043b \u0438 \u0438\u043d\u0442\u0435\u0440\u0435\u0441\u044b \u0421\u0428\u0410\u00bb.<\/div>\n<p>L\u2019entrepreneur Jo\u00ebl participait au mouvement contre la guerre en Lybie et en Syrie. Aujourd\u2019hui il appelle au cessez le feu imm\u00e9diat en Ukraine.<\/p>\n<p>\u00ab\u00a0Le citoyen moyen fran\u00e7ais\u00a0\u00bb, \u00e0 dit Jo\u00ebl \u00e0 l\u2019Observateur russe, n\u2019est pas au courant de se qui se passe au sud-est de l\u2019Ukraine. M\u00eame ma m\u00e8re n\u2019y comprend pas grand-chose, je dois tout lui expliquer. Mon p\u00e8re est pass\u00e9 par Dachau et je ne veux pas que les nazis soient au pouvoir. Les m\u00e9dias fran\u00e7ais se taisent car ils sont dans les mains de gros int\u00e9r\u00eats et sont \u00e0 la solde des USA\u00a0\u00bb.<\/p>\n<p><a href=\"http:\/\/rusoch.fr\/files\/2014\/07\/DSC01113.jpg\"><img loading=\"lazy\" class=\"alignnone size-medium wp-image-19524\" alt=\"DSC01113\" src=\"http:\/\/rusoch.fr\/files\/2014\/07\/DSC01113-600x400.jpg\" width=\"600\" height=\"400\" \/><\/a><\/p>\n<div class=\"hidden_text\">\u0414\u0435\u0439\u0441\u0442\u0432\u0438\u0442\u0435\u043b\u044c\u043d\u043e, \u043d\u0435\u0441\u043c\u043e\u0442\u0440\u044f \u043d\u0430 \u0442\u043e, \u0447\u0442\u043e \u043e\u0431\u044a\u044f\u0432\u043b\u0435\u043d\u0438\u0435 \u043e \u0432\u0435\u0447\u0435\u0440\u0435 \u0431\u044b\u043b\u043e \u0440\u0430\u0437\u043e\u0441\u043b\u0430\u043d\u043e \u0432\u043e \u0432\u0441\u0435 \u0440\u0435\u0434\u0430\u043a\u0446\u0438\u0438, \u0444\u0440\u0430\u043d\u0446\u0443\u0437\u0441\u043a\u0438\u0445 \u0436\u0443\u0440\u043d\u0430\u043b\u0438\u0441\u0442\u043e\u0432 \u043d\u0430 \u043f\u043b\u043e\u0449\u0430\u0434\u0438 \u043d\u0435 \u043e\u043a\u0430\u0437\u0430\u043b\u043e\u0441\u044c.<\/div>\n<div class=\"hidden_text\">\u00ab\u0424\u0440\u0430\u043d\u0446\u0443\u0437\u044b \u0441\u043e\u0441\u0440\u0435\u0434\u043e\u0442\u043e\u0447\u0435\u043d\u044b \u043d\u0430 \u0441\u0432\u043e\u0438\u0445 \u043f\u0440\u043e\u0431\u043b\u0435\u043c\u0430\u0445, \u0438 \u0432 \u044d\u0442\u043e\u043c, \u043a\u043e\u043d\u0435\u0447\u043d\u043e, \u043d\u0438\u0447\u0435\u0433\u043e \u0445\u043e\u0440\u043e\u0448\u0435\u0433\u043e \u043d\u0435\u0442,&nbsp;&mdash; \u043e\u0431\u044a\u044f\u0441\u043d\u044f\u0435\u0442 \u0444\u0440\u0430\u043d\u0446\u0443\u0436\u0435\u043d\u043a\u0430 \u0436\u0435\u043d\u0449\u0438\u043d\u0435 \u0441 \u043f\u043b\u0430\u043a\u0430\u0442\u043e\u043c \u041b\u0443\u0433\u0430\u043d\u0441\u043a\u043e\u0439 \u0440\u0435\u0441\u043f\u0443\u0431\u043b\u0438\u043a\u0438,&nbsp;&mdash; \u041e\u043d\u0438 \u0441\u0438\u0434\u044f\u0442 \u0438 \u0436\u0434\u0443\u0442 2017 \u0433\u043e\u0434\u0430\u00bb. (\u043f\u0440\u0435\u0437\u0438\u0434\u0435\u043d\u0442\u0441\u043a\u0438\u0445 \u0432\u044b\u0431\u043e\u0440\u043e\u0432 \u2013 \u043f\u0440\u0438\u043c.\u0440\u0435\u0434.)<\/div>\n<p>L\u2019annonce de la manifestation a \u00e9t\u00e9 envoy\u00e9e \u00e0 toutes les r\u00e9dactions des m\u00e9dias fran\u00e7ais, et pourtant ses journalistes n\u2019\u00e9taient pas visibles.<\/p>\n<p>\u00ab\u00a0Un grand probl\u00e8mes est que les fran\u00e7ais restent chez eux et attendent 2017\u00a0\u00bb, explique une fran\u00e7aise \u00e0 une femme tenant une banderole de la r\u00e9publique de Lougansk.<\/p>\n<p><a href=\"http:\/\/rusoch.fr\/files\/2014\/07\/DSC01119.jpg\"><img loading=\"lazy\" class=\"alignnone size-medium wp-image-19525\" alt=\"DSC01119&amp;\" src=\"http:\/\/rusoch.fr\/files\/2014\/07\/DSC01119-600x400.jpg\" width=\"600\" height=\"400\" srcset=\"https:\/\/rusoch.fr\/files\/2014\/07\/DSC01119-600x400.jpg 600w, https:\/\/rusoch.fr\/files\/2014\/07\/DSC01119.jpg 1000w\" sizes=\"(max-width: 600px) 100vw, 600px\" \/><\/a><\/p>\n<div class=\"hidden_text\">\u0421\u0435\u0440\u0433\u0435\u0439 \u0421\u0435\u0440\u0433\u0435\u0435\u0432\u0438\u0447 \u0425\u0440\u0438\u043f\u0443\u0448\u0438\u043d, \u0441\u0435\u0434\u043e\u0432\u043b\u0430\u0441\u044b\u0439 \u043c\u0443\u0436\u0447\u0438\u043d\u0430 \u0440\u0430\u0437\u0434\u0430\u0435\u0442 \u043b\u0438\u0441\u0442\u043e\u0432\u043a\u0438 \u043d\u0430 \u0444\u0440\u0430\u043d\u0446\u0443\u0437\u0441\u043a\u043e\u043c \u044f\u0437\u044b\u043a\u0435 \u0441 \u0437\u0430\u0433\u043e\u043b\u043e\u0432\u043a\u043e\u043c \u00ab\u0412\u043e\u0439\u043d\u0430 \u043d\u0430 \u0423\u043a\u0440\u0430\u0438\u043d\u0435: \u0433\u0440\u0430\u0436\u0434\u0430\u043d\u0441\u043a\u043e\u0435 \u043d\u0430\u0441\u0435\u043b\u0435\u043d\u0438\u0435 \u043f\u043b\u0430\u0442\u0438\u0442 \u0437\u0430 \u043d\u0435\u0435 \u0432\u044b\u0441\u043e\u043a\u0443\u044e \u0446\u0435\u043d\u0443\u00bb. \u00ab\u041c\u043e\u0439 \u043e\u0442\u0435\u0446 \u0431\u044b\u043b \u0441\u0430\u043c\u044b\u043c \u043c\u043e\u043b\u043e\u0434\u044b\u043c \u043e\u0444\u0438\u0446\u0435\u0440\u043e\u043c \u0432 \u0430\u0440\u043c\u0438\u0438 \u041a\u043e\u0440\u043d\u0438\u043b\u043e\u0432\u0430,&nbsp;&mdash; \u0433\u043e\u0432\u043e\u0440\u0438\u0442 \u0425\u0440\u0438\u043f\u0443\u0448\u0438\u043d,&nbsp;&mdash; \u0430 \u0432\u043e \u0412\u0442\u043e\u0440\u0443\u044e \u043c\u0438\u0440\u043e\u0432\u0443\u044e \u043e\u043d \u043f\u043e\u043c\u043e\u0433\u0430\u043b \u0421\u0421\u0421\u0420, \u0437\u0430 \u044d\u0442\u043e \u0435\u043c\u0443 \u0434\u0430\u043b\u0438 \u0441\u043e\u0432\u0435\u0442\u0441\u043a\u043e\u0435 \u0433\u0440\u0430\u0436\u0434\u0430\u043d\u0441\u0442\u0432\u043e \u0438 \u043f\u0430\u0441\u043f\u043e\u0440\u0442, \u0441 \u043a\u043e\u0442\u043e\u0440\u044b\u043c \u043e\u043d \u0432\u0441\u044e \u043e\u0441\u0442\u0430\u0432\u0448\u0443\u044e\u0441\u044f \u0436\u0438\u0437\u043d\u044c \u043f\u0440\u043e\u0436\u0438\u043b \u0432\u043e \u0424\u0440\u0430\u043d\u0446\u0438\u0438, \u043a\u0430\u043a \u043f\u0440\u0438\u0432\u0438\u043b\u0435\u0433\u0438\u0440\u043e\u0432\u0430\u043d\u043d\u044b\u0439 \u0440\u0435\u0437\u0438\u0434\u0435\u043d\u0442, \u0438 \u0443\u043c\u0435\u0440 \u0432 1984 \u0433\u043e\u0434\u0443. \u042f \u043f\u0440\u043e\u0442\u0438\u0432 \u0432\u043e\u0439\u043d\u044b\u00bb.<\/div>\n<p>Sergue\u00ef Sergueevitch Khripouchine distribuait des tractes avec en-t\u00eate \u00ab\u00a0La guerre en Ukraine\u00a0: la population civile en paie le tribut de plus en plus lourd\u00a0\u00bb.<\/p>\n<p>\u00ab\u00a0Mon p\u00e8re \u00e9tait le plus jeune officier dans l\u2019arm\u00e9e de Kornilov,&nbsp;&mdash; dit Khripouchine,&nbsp;&mdash; Pendant la Seconde guerre il a aid\u00e9 l\u2019arm\u00e9e sovi\u00e9tique. On lui a m\u00eame d\u00e9livr\u00e9 le passeport sovi\u00e9tique et il a v\u00e9cu le reste de sa vie en France comme r\u00e9sident privil\u00e9gi\u00e9 sans jamais se rendre en URSS.\u00a0Je suis contre la guerre. \u00bb<\/p>\n<p><a href=\"http:\/\/rusoch.fr\/files\/2014\/07\/DSC01099.jpg\"><img loading=\"lazy\" class=\"alignnone size-medium wp-image-19526\" alt=\"DSC01099&amp;\" src=\"http:\/\/rusoch.fr\/files\/2014\/07\/DSC01099-600x400.jpg\" width=\"600\" height=\"400\" srcset=\"https:\/\/rusoch.fr\/files\/2014\/07\/DSC01099-600x400.jpg 600w, https:\/\/rusoch.fr\/files\/2014\/07\/DSC01099.jpg 1000w\" sizes=\"(max-width: 600px) 100vw, 600px\" \/><\/a><\/p>\n<p>&nbsp;<\/p>\n<p><a href=\"http:\/\/rusoch.fr\/files\/2014\/07\/DSC01096.jpg\"><img loading=\"lazy\" class=\"alignnone size-medium wp-image-19529\" alt=\"DSC01096&amp;\" src=\"http:\/\/rusoch.fr\/files\/2014\/07\/DSC01096-600x400.jpg\" width=\"600\" height=\"400\" srcset=\"https:\/\/rusoch.fr\/files\/2014\/07\/DSC01096-600x400.jpg 600w, https:\/\/rusoch.fr\/files\/2014\/07\/DSC01096.jpg 1000w\" sizes=\"(max-width: 600px) 100vw, 600px\" \/><\/a><\/p>\n<p>&nbsp;<\/p>\n<div class=\"hidden_text\">\u041a\u043e\u043d\u0442\u0430\u043a\u0442\u044b: <a href=\"mailto:Russie_Ukraine_Dialogue@yahoo.fr\">Russie_Ukraine_Dialogue@yahoo.fr<\/a><\/div>\n<p>Contacts: <a href=\"mailto:Russie_Ukraine_Dialogue@yahoo.fr\">Russie_Ukraine_Dialogue@yahoo.fr<\/a>,<\/p>\n<p>&nbsp;<\/p>\n<p>&nbsp;<\/p>\n","protected":false},"excerpt":{"rendered":"<p>La manifestation pour la paix en Ukraine et pour l\u2019arr\u00eat imm\u00e9diat des hostilit\u00e9s au sud-est du pays a eu lieu\u2026<\/p>\n","protected":false},"author":2,"featured_media":19529,"comment_status":"open","ping_status":"open","sticky":false,"template":"","format":"standard","meta":[],"categories":[6],"tags":[341],"aioseo_notices":[],"_links":{"self":[{"href":"https:\/\/rusoch.fr\/fr\/wp-json\/wp\/v2\/posts\/19515"}],"collection":[{"href":"https:\/\/rusoch.fr\/fr\/wp-json\/wp\/v2\/posts"}],"about":[{"href":"https:\/\/rusoch.fr\/fr\/wp-json\/wp\/v2\/types\/post"}],"author":[{"embeddable":true,"href":"https:\/\/rusoch.fr\/fr\/wp-json\/wp\/v2\/users\/2"}],"replies":[{"embeddable":true,"href":"https:\/\/rusoch.fr\/fr\/wp-json\/wp\/v2\/comments?post=19515"}],"version-history":[{"count":0,"href":"https:\/\/rusoch.fr\/fr\/wp-json\/wp\/v2\/posts\/19515\/revisions"}],"wp:featuredmedia":[{"embeddable":true,"href":"https:\/\/rusoch.fr\/fr\/wp-json\/wp\/v2\/media\/19529"}],"wp:attachment":[{"href":"https:\/\/rusoch.fr\/fr\/wp-json\/wp\/v2\/media?parent=19515"}],"wp:term":[{"taxonomy":"category","embeddable":true,"href":"https:\/\/rusoch.fr\/fr\/wp-json\/wp\/v2\/categories?post=19515"},{"taxonomy":"post_tag","embeddable":true,"href":"https:\/\/rusoch.fr\/fr\/wp-json\/wp\/v2\/tags?post=19515"}],"curies":[{"name":"wp","href":"https:\/\/api.w.org\/{rel}","templated":true}]}}