{"id":203197,"date":"2015-11-02T00:25:47","date_gmt":"2015-11-01T23:25:47","guid":{"rendered":"http:\/\/rusoch.fr\/?p=203197"},"modified":"2015-11-03T14:46:42","modified_gmt":"2015-11-03T13:46:42","slug":"marsh-v-podderzhku-rossii-v-borbe-protiv-terrorizma","status":"publish","type":"post","link":"https:\/\/rusoch.fr\/fr\/tour\/marsh-v-podderzhku-rossii-v-borbe-protiv-terrorizma.html","title":{"rendered":" Marche de soutien \u00e0 la Russie dans la lutte antiterroriste"},"content":{"rendered":"<div class=\"hidden_text\">\u041f\u0440\u0435\u0434\u0441\u0442\u0430\u0432\u0438\u0442\u0435\u043b\u0438 \u0441\u0430\u043c\u044b\u0445 \u0440\u0430\u0437\u043d\u044b\u0445 \u043d\u0430\u0446\u0438\u043e\u043d\u0430\u043b\u044c\u043d\u043e\u0441\u0442\u0435\u0439 \u0438 \u0441\u0442\u0440\u0430\u043d, \u0432\u0445\u043e\u0434\u044f\u0449\u0438\u0445 \u0432 \u0440\u0430\u0437\u043d\u044b\u0435 \u0430\u0441\u0441\u043e\u0446\u0438\u0430\u0446\u0438\u0438: \u0431\u0435\u043b\u044c\u0433\u0438\u0439\u0446\u044b, \u0440\u043e\u0441\u0441\u0438\u044f\u043d\u0435, \u0443\u043a\u0440\u0430\u0438\u043d\u0446\u044b, \u0441\u0435\u0440\u0431\u044b, \u0441\u0438\u0440\u0438\u0439\u0446\u044b, \u0442\u0443\u043d\u0438\u0441\u0446\u044b \u0438 \u0444\u0440\u0430\u043d\u0446\u0443\u0437\u044b, \u0441\u043e\u0431\u0440\u0430\u043b\u0438\u0441\u044c 31 \u043e\u043a\u0442\u044f\u0431\u0440\u044f \u0432 \u041f\u0430\u0440\u0438\u0436\u0435 \u0443 \u043c\u0435\u0442\u0440\u043e \u0422\u0430\u043c\u043f\u043b\u044c, \u0430 \u0437\u0430\u0442\u0435\u043c \u043f\u0440\u043e\u0448\u043b\u0438 \u0447\u0435\u0440\u0435\u0437 \u0446\u0435\u043d\u0442\u0440 \u0433\u043e\u0440\u043e\u0434\u0430 \u0434\u043e \u043f\u043b\u043e\u0449\u0430\u0434\u0438 \u0428\u0430\u0442\u043b\u0435 \u0432 \u0441\u0438\u043c\u0432\u043e\u043b\u0438\u0447\u0435\u0441\u043a\u043e\u043c \u043c\u0430\u0440\u0448\u0435, \u0434\u0435\u043c\u043e\u043d\u0441\u0442\u0440\u0438\u0440\u0443\u044f \u0442\u0430\u043a\u0438\u043c \u043e\u0431\u0440\u0430\u0437\u043e\u043c \u0441\u0432\u043e\u044e \u043f\u043e\u0434\u0434\u0435\u0440\u0436\u043a\u0443 \u0420\u043e\u0441\u0441\u0438\u0438 \u0432 \u0435\u0451 \u0431\u043e\u0440\u044c\u0431\u0435 \u043f\u0440\u043e\u0442\u0438\u0432 \u0442\u0435\u0440\u0440\u043e\u0440\u0438\u0437\u043c\u0430.<\/p>\n<em>\u00ab\u0420\u0443\u0441\u0441\u043a\u0438\u0439 \u043e\u0447\u0435\u0432\u0438\u0434\u0435\u0446\u00bb<\/em> \u0441\u0434\u0435\u043b\u0430\u043b \u043d\u0435\u0441\u043a\u043e\u043b\u044c\u043a\u043e \u0441\u043d\u0438\u043c\u043a\u043e\u0432.<\/div>\n<p>Des Belges, des Russes, des Ukrainiens, des Serbes, des Syriens, des Tunisiens, des Fran\u00e7ais, se sont rassembl\u00e9s le 31 octobre dernier \u00e0 Paris pr\u00e8s du m\u00e9tro Temple et ont ensuite travers\u00e9 le centre-ville en cort\u00e8ge jusqu&#39;\u00e0 la place Ch\u00e2telet pour montrer symboliquement leur soutien \u00e0 la Russie dans la lutte antiterroriste.<\/p>\n<p><em>L&#39;Observateur russe<\/em> a pris quelques instantan\u00e9s.<br \/>\n<!--more--><\/p>\n<p><a href=\"http:\/\/rusoch.fr\/files\/2015\/11\/Chatelet.jpg\"><img loading=\"lazy\" class=\"alignnone size-medium wp-image-203199\" src=\"http:\/\/rusoch.fr\/files\/2015\/11\/Chatelet-554x379.jpg\" alt=\"Chatelet&amp;\" width=\"554\" height=\"379\" srcset=\"https:\/\/rusoch.fr\/files\/2015\/11\/Chatelet-554x379.jpg 554w, https:\/\/rusoch.fr\/files\/2015\/11\/Chatelet-585x400.jpg 585w, https:\/\/rusoch.fr\/files\/2015\/11\/Chatelet-600x410.jpg 600w\" sizes=\"(max-width: 554px) 100vw, 554px\" \/><\/a><\/p>\n<div class=\"hidden_text\">\u00ab\u042f \u0441\u0438\u0440\u0438\u0439\u043a\u0430, \u043c\u0435\u043d\u044f \u0437\u043e\u0432\u0443\u0442 \u0414\u0438\u043c\u0430 \u0410\u043b\u0438, \u044f \u0438\u0437 \u0430\u0441\u0441\u043e\u0446\u0438\u0430\u0446\u0438\u0438 \u00ab\u0421\u043e\u044e\u0437 \u0441\u0438\u0440\u0438\u0439\u0441\u043a\u0438\u0445 \u043f\u0430\u0442\u0440\u0438\u043e\u0442\u043e\u0432 \u0432\u043e \u0424\u0440\u0430\u043d\u0446\u0438\u0438\u00bb, \u043e\u0440\u0433\u0430\u043d\u0438\u0437\u043e\u0432\u0430\u0432\u0448\u0435\u0439, \u0432\u043c\u0435\u0441\u0442\u0435 \u0441 \u0444\u0440\u0430\u043d\u0446\u0443\u0437\u0441\u043a\u043e\u0439 \u0430\u0441\u0441\u043e\u0446\u0438\u0430\u0446\u0438\u0435\u0439 \u00abCollectif France Russie\u00bb, \u0441\u0435\u0433\u043e\u0434\u043d\u044f\u0448\u043d\u044e\u044e \u043c\u0430\u043d\u0438\u0444\u0435\u0441\u0442\u0430\u0446\u0438\u044e.<\/div>\n<p>\u00ab\u00a0Je suis syrienne, je m&#39;appelle Dima Ali, et je fais partie de l&#39;association Union des patriotes syriens en France, qui a organis\u00e9 avec l&#39;association fran\u00e7aise Collectif France Russie la marche d&#39;aujourd&#39;hui. <\/p>\n<p><a href=\"http:\/\/rusoch.fr\/files\/2015\/11\/asso_tunice.jpg\"><img loading=\"lazy\" class=\"alignnone size-medium wp-image-203203\" src=\"http:\/\/rusoch.fr\/files\/2015\/11\/asso_tunice-213x379.jpg\" alt=\"asso_tunice\" width=\"213\" height=\"379\" srcset=\"https:\/\/rusoch.fr\/files\/2015\/11\/asso_tunice-213x379.jpg 213w, https:\/\/rusoch.fr\/files\/2015\/11\/asso_tunice-225x400.jpg 225w, https:\/\/rusoch.fr\/files\/2015\/11\/asso_tunice-600x1067.jpg 600w, https:\/\/rusoch.fr\/files\/2015\/11\/asso_tunice.jpg 1728w\" sizes=\"(max-width: 213px) 100vw, 213px\" \/><\/a><\/p>\n<div class=\"hidden_text\">\u041c\u044b \u0445\u043e\u0442\u0438\u043c \u043f\u0440\u043e\u0434\u0435\u043c\u043e\u043d\u0441\u0442\u0440\u0438\u0440\u043e\u0432\u0430\u0442\u044c \u043d\u0430\u0448\u0443 \u043f\u043e\u0434\u0434\u0435\u0440\u0436\u043a\u0443 \u0434\u0435\u0439\u0441\u0442\u0432\u0438\u0439 \u0420\u043e\u0441\u0441\u0438\u0438 \u0438 \u0421\u0438\u0440\u0438\u0438 \u0432 \u0438\u0445 \u0431\u043e\u0440\u044c\u0431\u0435 \u043f\u0440\u043e\u0442\u0438\u0432 \u0418\u0413 \u0438 \u0434\u0440\u0443\u0433\u0438\u0445 \u0442\u0435\u0440\u0440\u043e\u0440\u0438\u0441\u0442\u0441\u043a\u0438\u0445 \u043e\u0440\u0433\u0430\u043d\u0438\u0437\u0430\u0446\u0438\u0439, \u043f\u0440\u0438\u0435\u0437\u0436\u0430\u044e\u0449\u0438\u0445 \u0438\u0437 \u043c\u043d\u043e\u0433\u0438\u0445 \u0441\u0442\u0440\u0430\u043d \u0432 \u0421\u0438\u0440\u0438\u044e.<\/div>\n<p>Nous voulions montrer notre soutien \u00e0 l&#39;action de la Russie et de la Syrie dans la lutte contre l&#39;Etat islamique et d&#39;autres organisations terroristes en Syrie venant de diff\u00e9rents pays. <\/p>\n<p><a href=\"http:\/\/rusoch.fr\/files\/2015\/11\/plakat.jpg\"><img loading=\"lazy\" class=\"alignnone size-medium wp-image-203204\" src=\"http:\/\/rusoch.fr\/files\/2015\/11\/plakat-213x379.jpg\" alt=\"plakat\" width=\"213\" height=\"379\" srcset=\"https:\/\/rusoch.fr\/files\/2015\/11\/plakat-213x379.jpg 213w, https:\/\/rusoch.fr\/files\/2015\/11\/plakat-225x400.jpg 225w, https:\/\/rusoch.fr\/files\/2015\/11\/plakat-600x1067.jpg 600w, https:\/\/rusoch.fr\/files\/2015\/11\/plakat.jpg 1728w\" sizes=\"(max-width: 213px) 100vw, 213px\" \/><\/a><\/p>\n<div class=\"hidden_text\">\u041f\u0440\u0438\u0441\u043e\u0435\u0434\u0438\u043d\u0438\u0442\u044c\u0441\u044f \u043a \u044d\u0442\u043e\u0439 \u0431\u043e\u0440\u044c\u0431\u0435 \u0434\u043e\u043b\u0436\u043d\u044b \u0432\u0441\u0435 \u0435\u0432\u0440\u043e\u043f\u0435\u0439\u0446\u044b, \u043d\u043e \u0432 \u0440\u0435\u0430\u043b\u0438\u0438 \u043f\u0440\u043e\u0438\u0441\u0445\u043e\u0434\u0438\u0442 \u043e\u0431\u0440\u0430\u0442\u043d\u043e\u0435, \u043d\u0430\u043c \u043f\u0440\u0438\u0441\u044b\u043b\u0430\u044e\u0442 \u0442\u0435\u0440\u0440\u043e\u0440\u0438\u0441\u0442\u043e\u0432 \u0432\u043c\u0435\u0441\u0442\u043e \u0442\u043e\u0433\u043e, \u0447\u0442\u043e\u0431\u044b \u0441 \u043d\u0438\u043c\u0438 \u0431\u043e\u0440\u043e\u0442\u044c\u0441\u044f.<\/div>\n<p>Toute l&#39;Europe doit s&#39;unir dans cette lutte, mais en r\u00e9alit\u00e9, c&#39;est plut\u00f4t le contraire. On nous envoie des terroristes au lieu de les combattre. <\/p>\n<p><a href=\"http:\/\/rusoch.fr\/files\/2015\/11\/Dima_Ali_a_gauche.jpg\"><img loading=\"lazy\" class=\"alignnone size-medium wp-image-203205\" src=\"http:\/\/rusoch.fr\/files\/2015\/11\/Dima_Ali_a_gauche-213x379.jpg\" alt=\"Dima_Ali_a_gauche\" width=\"213\" height=\"379\" srcset=\"https:\/\/rusoch.fr\/files\/2015\/11\/Dima_Ali_a_gauche-213x379.jpg 213w, https:\/\/rusoch.fr\/files\/2015\/11\/Dima_Ali_a_gauche-225x400.jpg 225w, https:\/\/rusoch.fr\/files\/2015\/11\/Dima_Ali_a_gauche-600x1067.jpg 600w, https:\/\/rusoch.fr\/files\/2015\/11\/Dima_Ali_a_gauche.jpg 1728w\" sizes=\"(max-width: 213px) 100vw, 213px\" \/><\/a><\/p>\n<div class=\"hidden_text\">\u042f \u0445\u043e\u0442\u0435\u043b\u0430 \u0431\u044b \u0441\u043a\u0430\u0437\u0430\u0442\u044c \u043e\u0433\u0440\u043e\u043c\u043d\u043e\u0435 \u0441\u043f\u0430\u0441\u0438\u0431\u043e \u0420\u043e\u0441\u0441\u0438\u0438, \u043e\u0442\u043a\u043b\u0438\u043a\u043d\u0443\u0432\u0448\u0435\u0439\u0441\u044f \u043d\u0430 \u043f\u0440\u043e\u0441\u044c\u0431\u0443 \u0441\u0438\u0440\u0438\u0439\u0441\u043a\u043e\u0433\u043e \u043f\u0440\u0430\u0432\u0438\u0442\u0435\u043b\u044c\u0441\u0442\u0432\u0430 \u0432 \u043b\u0438\u0446\u0435 \u043f\u0440\u0435\u0437\u0438\u0434\u0435\u043d\u0442\u0430 \u0411\u0430\u0448\u0430\u0440\u0430 \u0410\u0441\u0430\u0434\u0430, \u0435\u0434\u0438\u043d\u0441\u0442\u0432\u0435\u043d\u043d\u043e\u0433\u043e \u0438\u0441\u0442\u0438\u043d\u043d\u043e \u043b\u0435\u0433\u0438\u0442\u0438\u043c\u043d\u043e\u0433\u043e \u043f\u0440\u0435\u0434\u0441\u0442\u0430\u0432\u0438\u0442\u0435\u043b\u044f \u0441\u0438\u0440\u0438\u0439\u0441\u043a\u043e\u0433\u043e \u043d\u0430\u0440\u043e\u0434\u0430, \u043f\u043e\u0442\u043e\u043c\u0443, \u0447\u0442\u043e \u043e\u043d \u0431\u044b\u043b \u0432\u044b\u0431\u0440\u0430\u043d \u043d\u0430\u0448\u0438\u043c \u043d\u0430\u0440\u043e\u0434\u043e\u043c.<\/div>\n<p>Je voudrais dire un immense merci \u00e0 la Russie, qui a r\u00e9pondu \u00e0 la demande du gouvernement russe, repr\u00e9sent\u00e9 par le Pr\u00e9sident Bachar Al-Assad, seul repr\u00e9sentant l\u00e9gitime du peuple russe car \u00e9lu par le peuple.<\/p>\n<p><a href=\"http:\/\/rusoch.fr\/files\/2015\/11\/Chatelet_discour_Chanclu.jpg\"><img loading=\"lazy\" class=\"alignnone size-medium wp-image-203206\" src=\"http:\/\/rusoch.fr\/files\/2015\/11\/Chatelet_discour_Chanclu-213x379.jpg\" alt=\"Chatelet_discour_Chanclu\" width=\"213\" height=\"379\" srcset=\"https:\/\/rusoch.fr\/files\/2015\/11\/Chatelet_discour_Chanclu-213x379.jpg 213w, https:\/\/rusoch.fr\/files\/2015\/11\/Chatelet_discour_Chanclu-225x400.jpg 225w, https:\/\/rusoch.fr\/files\/2015\/11\/Chatelet_discour_Chanclu-600x1067.jpg 600w, https:\/\/rusoch.fr\/files\/2015\/11\/Chatelet_discour_Chanclu.jpg 1728w\" sizes=\"(max-width: 213px) 100vw, 213px\" \/><\/a><\/p>\n<div class=\"hidden_text\">\u0412\u043e \u0424\u0440\u0430\u043d\u0446\u0438\u0438 \u0436\u0438\u0432\u0451\u0442 \u043c\u043d\u043e\u0433\u043e \u0441\u0438\u0440\u0438\u0439\u0446\u0435\u0432, \u043f\u043e\u0434\u0434\u0435\u0440\u0436\u0438\u0432\u0430\u044e\u0449\u0438\u0445 \u0431\u043e\u0440\u044c\u0431\u0443 \u0441\u0432\u043e\u0435\u0439 \u0441\u0442\u0440\u0430\u043d\u044b \u043f\u0440\u043e\u0442\u0438\u0432 \u0442\u0435\u0440\u0440\u043e\u0440\u0438\u0441\u0442\u043e\u0432. \u041a\u0440\u043e\u043c\u0435 \u0442\u043e\u0433\u043e, <strong>\u044f \u0437\u0434\u0435\u0441\u044c, \u043f\u043e\u0442\u043e\u043c\u0443 \u0447\u0442\u043e \u043c\u043e\u044f \u0441\u0435\u043c\u044c\u044f \u0443\u0436\u0435 \u043f\u043e\u0442\u0435\u0440\u044f\u043b\u0430 56 \u0447\u0435\u043b\u043e\u0432\u0435\u043a \u0432 \u044d\u0442\u043e\u0439 \u0432\u043e\u0439\u043d\u0435\u00bb<\/strong>.<\/div>\n<p>En France, de nombreux Syriens soutiennent la lutte de leur pays contre le terrorisme. Si je suis l\u00e0, c&#39;est aussi parce que<strong> j&#39;ai d\u00e9j\u00e0 perdu 56 membres de ma famille dans cette guerre<\/strong>\u00bb.<\/p>\n<p><a href=\"http:\/\/rusoch.fr\/files\/2015\/11\/asso_Syr.jpg\"><img loading=\"lazy\" class=\"alignnone size-medium wp-image-203207\" src=\"http:\/\/rusoch.fr\/files\/2015\/11\/asso_Syr-213x379.jpg\" alt=\"asso_Syr\" width=\"213\" height=\"379\" srcset=\"https:\/\/rusoch.fr\/files\/2015\/11\/asso_Syr-213x379.jpg 213w, https:\/\/rusoch.fr\/files\/2015\/11\/asso_Syr-225x400.jpg 225w, https:\/\/rusoch.fr\/files\/2015\/11\/asso_Syr-600x1067.jpg 600w, https:\/\/rusoch.fr\/files\/2015\/11\/asso_Syr.jpg 1728w\" sizes=\"(max-width: 213px) 100vw, 213px\" \/><\/a><\/p>\n<div class=\"hidden_text\">\u041f\u0440\u0438\u0448\u0435\u0434\u0448\u0438\u0435 \u043d\u0430 \u043f\u043b\u043e\u0449\u0430\u0434\u044c \u0428\u0430\u0442\u043b\u0435 \u0431\u044b\u043b\u0438 \u0432 \u043f\u0440\u0438\u043f\u043e\u0434\u043d\u044f\u0442\u043e\u043c \u043d\u0430\u0441\u0442\u0440\u043e\u0435\u043d\u0438\u0438, \u043c\u0438\u043a\u0440\u043e\u0444\u043e\u043d \u043f\u0435\u0440\u0435\u0445\u043e\u0434\u0438\u043b \u0438\u0437 \u0440\u0443\u043a \u0432 \u0440\u0443\u043a\u0438.<\/p>\n\u041a\u043e\u043b\u043e\u043d\u043d\u0430 \u043f\u0440\u043e\u0445\u043e\u0434\u0438\u043b\u0430 \u043f\u043e \u0441\u0430\u043c\u043e\u043c\u0443 \u0446\u0435\u043d\u0442\u0440\u0443 \u041f\u0430\u0440\u0438\u0436\u0430, \u043c\u0438\u043c\u043e \u043c\u0443\u0437\u0435\u0435\u0432, \u0446\u0435\u043d\u0442\u0440\u0430 \u0416\u043e\u0440\u0436\u0430 \u041f\u043e\u043c\u043f\u0438\u0434\u0443, \u0433\u043b\u0430\u0432\u043d\u043e\u0439 \u043c\u044d\u0440\u0438\u0438 \u041f\u0430\u0440\u0438\u0436\u0430,<\/div>\n<\/p>\n<p>Le cort\u00e8ge est pass\u00e9 par le centre m\u00eame de Paris, pr\u00e8s des mus\u00e9es, du Centre Pompidou, de la Mairie de Paris, <\/p>\n<p><a href=\"http:\/\/rusoch.fr\/files\/2015\/11\/marche.jpg\"><img loading=\"lazy\" class=\"alignnone size-medium wp-image-203201\" src=\"http:\/\/rusoch.fr\/files\/2015\/11\/marche-596x335.jpg\" alt=\"marche\" width=\"596\" height=\"335\" srcset=\"https:\/\/rusoch.fr\/files\/2015\/11\/marche-596x335.jpg 596w, https:\/\/rusoch.fr\/files\/2015\/11\/marche-600x338.jpg 600w\" sizes=\"(max-width: 596px) 100vw, 596px\" \/><\/a><\/p>\n<div class=\"hidden_text\">\u043d\u043e, \u043d\u0435\u0441\u043c\u043e\u0442\u0440\u044f \u043d\u0430 \u0442\u043e, \u0447\u0442\u043e \u0438\u0437-\u0437\u0430 \u0448\u0435\u0441\u0442\u0432\u0438\u044f \u043f\u0435\u0440\u0435\u043a\u0440\u044b\u0432\u0430\u043b\u0438 \u0434\u0432\u0438\u0436\u0435\u043d\u0438\u0435, \u043f\u0440\u043e\u0445\u043e\u0436\u0438\u0435&nbsp;&mdash; \u043f\u0430\u0440\u0438\u0436\u0430\u043d\u0435 \u0438 \u0433\u043e\u0441\u0442\u0438 \u0441\u0442\u043e\u043b\u0438\u0446\u044b \u0440\u0435\u0430\u0433\u0438\u0440\u043e\u0432\u0430\u043b\u0438 \u043f\u043e\u0437\u0438\u0442\u0438\u0432\u043d\u043e \u2013 \u0431\u044b\u043b\u043e \u043d\u0435\u043c\u0430\u043b\u043e \u0430\u043f\u043b\u043e\u0434\u0438\u0441\u043c\u0435\u043d\u0442\u043e\u0432 \u0438 \u0432\u044b\u043a\u0440\u0438\u043a\u043e\u0432 \u043f\u043e\u0434\u0434\u0435\u0440\u0436\u043a\u0438, \u0430\u0432\u0442\u043e\u0431\u0443\u0441\u044b \u0438 \u0430\u0432\u0442\u043e\u043c\u043e\u0431\u0438\u043b\u0438 \u043f\u0440\u0438\u0432\u0435\u0442\u0441\u0442\u0432\u043e\u0432\u0430\u043b\u0438 \u043c\u0430\u0440\u0448 \u0441\u0438\u0433\u043d\u0430\u043b\u0430\u043c\u0438 \u043a\u043b\u0430\u043a\u0441\u043e\u043d\u043e\u0432.<\/div>\n<p>et bien que la circulation ait \u00e9t\u00e9 coup\u00e9e, les passants ont r\u00e9agi positivement par des applaudissements, des cris de soutien et des coups de klaxon de la part des automobilistes et des chauffeurs de bus. <\/p>\n<p><a href=\"http:\/\/rusoch.fr\/files\/2015\/11\/Temple.jpg\"><img loading=\"lazy\" class=\"alignnone size-medium wp-image-203208\" src=\"http:\/\/rusoch.fr\/files\/2015\/11\/Temple-596x335.jpg\" alt=\"Temple\" width=\"596\" height=\"335\" srcset=\"https:\/\/rusoch.fr\/files\/2015\/11\/Temple-596x335.jpg 596w, https:\/\/rusoch.fr\/files\/2015\/11\/Temple-600x338.jpg 600w\" sizes=\"(max-width: 596px) 100vw, 596px\" \/><\/a><\/p>\n<div class=\"hidden_text\">\u0412\u044b\u0441\u0442\u0443\u043f\u0430\u043b\u0438 \u043f\u0440\u0435\u0434\u0441\u0442\u0430\u0432\u0438\u0442\u0435\u043b\u0438 \u0441\u0438\u0440\u0438\u0439\u0441\u043a\u0438\u0445 \u0438 \u0442\u0443\u043d\u0438\u0441\u0441\u043a\u0438\u0445 \u0430\u0441\u0441\u043e\u0446\u0438\u0430\u0446\u0438\u0439, \u0430 \u0442\u0430\u043a\u0436\u0435 \u041a\u0440\u0438\u0441 \u0420\u043e\u043c\u0430\u043d, \u0441\u043f\u0435\u0446\u0438\u0430\u043b\u044c\u043d\u043e \u043f\u0440\u0438\u0435\u0445\u0430\u0432\u0448\u0438\u0439 \u0438\u0437 \u0411\u0435\u043b\u044c\u0433\u0438\u0438, \u0410\u043d\u0434\u0440\u0435 \u0428\u0430\u043d\u043a\u043b\u044e, \u00abCollectif France Russie\u00bb \u043f\u0440\u043e\u0438\u0437\u043d\u0435\u0441 \u0437\u0430\u043a\u043b\u044e\u0447\u0438\u0442\u0435\u043b\u044c\u043d\u043e\u0435 \u0441\u043b\u043e\u0432\u043e.<\/div>\n<p>A l&#39;arriv\u00e9e sur la place Ch\u00e2telet, le cort\u00e8ge \u00e9tait anim\u00e9, le micro passait de mains en mains. des repr\u00e9sentants d&#39;associations syriennes et tunisiennes ont pris la parole, ainsi que Chris Roman, qui \u00e9tait venu sp\u00e9cialement de Belgique, et Andr\u00e9 Chanclu, du Collectif France Russie, qui a conclu la manifestation.<\/p>\n<em>\n<div class=\"hidden_text\">\u0424\u043e\u0442\u043e \u0430\u0432\u0442\u043e\u0440\u0430<\/div>\n<p><\/em><\/p>\n<p><em>Photos de l&#39;auteur<\/em><\/p>\n","protected":false},"excerpt":{"rendered":"<p>Des Belges, des Russes, des Ukrainiens, des Serbes, des Syriens, des Tunisiens, des Fran\u00e7ais, se sont rassembl\u00e9s le 31 octobre\u2026<\/p>\n","protected":false},"author":2,"featured_media":203201,"comment_status":"open","ping_status":"open","sticky":false,"template":"","format":"standard","meta":[],"categories":[7],"tags":[341],"aioseo_notices":[],"_links":{"self":[{"href":"https:\/\/rusoch.fr\/fr\/wp-json\/wp\/v2\/posts\/203197"}],"collection":[{"href":"https:\/\/rusoch.fr\/fr\/wp-json\/wp\/v2\/posts"}],"about":[{"href":"https:\/\/rusoch.fr\/fr\/wp-json\/wp\/v2\/types\/post"}],"author":[{"embeddable":true,"href":"https:\/\/rusoch.fr\/fr\/wp-json\/wp\/v2\/users\/2"}],"replies":[{"embeddable":true,"href":"https:\/\/rusoch.fr\/fr\/wp-json\/wp\/v2\/comments?post=203197"}],"version-history":[{"count":0,"href":"https:\/\/rusoch.fr\/fr\/wp-json\/wp\/v2\/posts\/203197\/revisions"}],"wp:featuredmedia":[{"embeddable":true,"href":"https:\/\/rusoch.fr\/fr\/wp-json\/wp\/v2\/media\/203201"}],"wp:attachment":[{"href":"https:\/\/rusoch.fr\/fr\/wp-json\/wp\/v2\/media?parent=203197"}],"wp:term":[{"taxonomy":"category","embeddable":true,"href":"https:\/\/rusoch.fr\/fr\/wp-json\/wp\/v2\/categories?post=203197"},{"taxonomy":"post_tag","embeddable":true,"href":"https:\/\/rusoch.fr\/fr\/wp-json\/wp\/v2\/tags?post=203197"}],"curies":[{"name":"wp","href":"https:\/\/api.w.org\/{rel}","templated":true}]}}