{"id":204255,"date":"2016-01-21T00:00:25","date_gmt":"2016-01-20T23:00:25","guid":{"rendered":"http:\/\/rusoch.fr\/?p=204255"},"modified":"2016-01-28T09:45:09","modified_gmt":"2016-01-28T08:45:09","slug":"nicca-pervaya-sluzhba-v-svyato-nikolaevskom-sobore","status":"publish","type":"post","link":"https:\/\/rusoch.fr\/fr\/events\/nicca-pervaya-sluzhba-v-svyato-nikolaevskom-sobore.html","title":{"rendered":" Nice. Premier office c\u00e9l\u00e9br\u00e9 \u00e0 la cath\u00e9drale Saint Nicolas"},"content":{"rendered":"<div class=\"hidden_text\">\u0422\u043e\u0440\u0436\u0435\u0441\u0442\u0432\u0435\u043d\u043d\u043e\u0435 \u043e\u0441\u0432\u044f\u0449\u0435\u043d\u0438\u0435 <em>\u0421\u0432\u044f\u0442\u043e-\u041d\u0438\u043a\u043e\u043b\u0430\u0435\u0432\u0441\u043a\u043e\u0433\u043e \u0441\u043e\u0431\u043e\u0440\u0430<\/em> \u0432 \u041d\u0438\u0446\u0446\u0435 \u0441\u043e\u0441\u0442\u043e\u044f\u043b\u043e\u0441\u044c 19 \u044f\u043d\u0432\u0430\u0440\u044f \u044d\u0442\u043e\u0433\u043e \u0433\u043e\u0434\u0430.<\/p>\n<em>\u00ab\u0420\u0443\u0441\u0441\u043a\u0438\u0439 \u043e\u0447\u0435\u0432\u0438\u0434\u0435\u0446\u00bb<\/em> \u043f\u0440\u0438\u0448\u0435\u043b \u043d\u0430 \u043f\u0440\u0430\u0437\u0434\u043d\u0438\u0447\u043d\u0443\u044e \u0441\u043b\u0443\u0436\u0431\u0443.<\/div>\n<p>La b\u00e9n\u00e9diction solennelle de<strong> la cath\u00e9drale Saint Nicolas \u00e0 Nice<\/strong> a eu lieu le 19 janvier de cette ann\u00e9e.<\/p>\n<p>\u00ab\u00a0<em>L\u2019Observateur Russe<\/em>\u00a0\u00bb a assist\u00e9 \u00e0 cet office de f\u00eate.<!--more--><\/p>\n<p><a href=\"http:\/\/rusoch.fr\/files\/2016\/01\/\u0413\u043b\u0430\u0432\u043d\u0430\u044f1.jpg\"><img loading=\"lazy\" class=\"alignnone wp-image-204256 size-medium\" src=\"http:\/\/rusoch.fr\/files\/2016\/01\/\u0413\u043b\u0430\u0432\u043d\u0430\u044f1-505x379.jpg\" alt=\"\" width=\"505\" height=\"379\" srcset=\"https:\/\/rusoch.fr\/files\/2016\/01\/\u0413\u043b\u0430\u0432\u043d\u0430\u044f1-505x379.jpg 505w, https:\/\/rusoch.fr\/files\/2016\/01\/\u0413\u043b\u0430\u0432\u043d\u0430\u044f1-533x400.jpg 533w, https:\/\/rusoch.fr\/files\/2016\/01\/\u0413\u043b\u0430\u0432\u043d\u0430\u044f1-600x450.jpg 600w, https:\/\/rusoch.fr\/files\/2016\/01\/\u0413\u043b\u0430\u0432\u043d\u0430\u044f1.jpg 1000w\" sizes=\"(max-width: 505px) 100vw, 505px\" \/><\/a><\/p>\n<div class=\"hidden_text\">\u0414\u0432\u0430 \u0433\u043e\u0434\u0430 \u0445\u0440\u0430\u043c \u043d\u0430\u0445\u043e\u0434\u0438\u043b\u0441\u044f \u043d\u0430 \u0440\u0435\u043a\u043e\u043d\u0441\u0442\u0440\u0443\u043a\u0446\u0438\u0438. \u0412 2013 \u0433\u043e\u0434\u0443 \u043f\u043e\u0441\u043b\u0435 \u043c\u043d\u043e\u0433\u043e\u043b\u0435\u0442\u043d\u0435\u0439 \u0442\u044f\u0436\u0431\u044b <em>\u0421\u0432\u044f\u0442\u043e-\u041d\u0438\u043a\u043e\u043b\u0430\u0435\u0432\u0441\u043a\u0438\u0439 \u0441\u043e\u0431\u043e\u0440<\/em> \u043f\u0435\u0440\u0435\u0448\u0435\u043b \u0432 \u0432\u0435\u0434\u0435\u043d\u0438\u0435 \u0420\u041f\u0426. \u042d\u0442\u043e \u0441\u043b\u0443\u0447\u0438\u043b\u043e\u0441\u044c \u043f\u043e\u0441\u043b\u0435 \u0442\u043e\u0433\u043e \u043a\u0430\u043a \u041a\u0430\u0441\u0441\u0430\u0446\u0438\u043e\u043d\u043d\u044b\u0439 \u0441\u0443\u0434 \u0424\u0440\u0430\u043d\u0446\u0438\u0438 \u043e\u043a\u043e\u043d\u0447\u0430\u0442\u0435\u043b\u044c\u043d\u043e \u043f\u0440\u0438\u0437\u043d\u0430\u043b \u0437\u0430 \u0420\u043e\u0441\u0441\u0438\u0439\u0441\u043a\u043e\u0439 \u0444\u0435\u0434\u0435\u0440\u0430\u0446\u0438\u0435\u0439<a href=\"http:\/\/rusoch.fr\/lang\/ru\/soc\/orden-druzhby-za-svyato-nikolaevskij-sobor.html\"> \u043f\u0440\u0430\u0432\u043e \u043d\u0430 \u0432\u043b\u0430\u0434\u0435\u043d\u0438\u0435<\/a> \u0441\u043e\u0431\u043e\u0440\u043e\u043c \u0432 \u041d\u0438\u0446\u0446\u0435.<\/div>\n<p>Pendant deux ans, le b\u00e2timent a \u00e9t\u00e9 en travaux. En 2013, apr\u00e8s des ann\u00e9es de d\u00e9m\u00eal\u00e9s judiciaires, <em>la cath\u00e9drale Saint Nicolas<\/em> est pass\u00e9e sous l\u2019autorit\u00e9 de l\u2019Eglise orthodoxe russe.<\/p>\n<p>Cela s\u2019est produit apr\u00e8s que la Cour de cassation fran\u00e7aise a d\u00e9finitivement reconnu \u00e0 la F\u00e9d\u00e9ration de Russie le droit de propri\u00e9t\u00e9 de la cath\u00e9drale ni\u00e7oise. <\/p>\n<p><a href=\"http:\/\/rusoch.fr\/files\/2016\/01\/\u0421\u043e\u0431\u043e\u0440.jpg\"><img loading=\"lazy\" class=\"alignnone wp-image-204257 size-medium\" src=\"http:\/\/rusoch.fr\/files\/2016\/01\/\u0421\u043e\u0431\u043e\u0440-284x379.jpg\" alt=\"\" width=\"284\" height=\"379\" srcset=\"https:\/\/rusoch.fr\/files\/2016\/01\/\u0421\u043e\u0431\u043e\u0440-284x379.jpg 284w, https:\/\/rusoch.fr\/files\/2016\/01\/\u0421\u043e\u0431\u043e\u0440-300x400.jpg 300w, https:\/\/rusoch.fr\/files\/2016\/01\/\u0421\u043e\u0431\u043e\u0440-600x800.jpg 600w, https:\/\/rusoch.fr\/files\/2016\/01\/\u0421\u043e\u0431\u043e\u0440.jpg 1000w\" sizes=\"(max-width: 284px) 100vw, 284px\" \/><\/a><\/p>\n<div class=\"hidden_text\"><em>\u0421\u0432\u044f\u0442\u043e-\u041d\u0438\u043a\u043e\u043b\u0430\u0435\u0432\u0441\u043a\u0438\u0439 \u0441\u043e\u0431\u043e\u0440<\/em> \u043e\u0434\u0438\u043d \u0438\u0437 \u0441\u0430\u043c\u044b\u0445 \u0438\u0437\u0432\u0435\u0441\u0442\u043d\u044b\u0445 \u0438 \u043a\u0440\u0430\u0441\u0438\u0432\u044b\u0445 \u0432 \u0440\u0443\u0441\u0441\u043a\u043e\u043c \u0437\u0430\u0440\u0443\u0431\u0435\u0436\u044c\u0435.<\/div>\n<p><em>La cath\u00e9drale Saint-Nicolas<\/em> est l\u2019une des plus c\u00e9l\u00e8bres et des plus belles hors des fronti\u00e8res russes. <\/p>\n<p><a href=\"http:\/\/rusoch.fr\/files\/2016\/01\/\u041f\u0440\u0438\u0445\u043e\u0436\u0430\u043d\u0435.jpg\"><img loading=\"lazy\" class=\"alignnone size-medium wp-image-204259\" src=\"http:\/\/rusoch.fr\/files\/2016\/01\/\u041f\u0440\u0438\u0445\u043e\u0436\u0430\u043d\u0435-284x379.jpg\" alt=\"\u041f\u0440\u0438\u0445\u043e\u0436\u0430\u043d\u0435\" width=\"284\" height=\"379\" srcset=\"https:\/\/rusoch.fr\/files\/2016\/01\/\u041f\u0440\u0438\u0445\u043e\u0436\u0430\u043d\u0435-284x379.jpg 284w, https:\/\/rusoch.fr\/files\/2016\/01\/\u041f\u0440\u0438\u0445\u043e\u0436\u0430\u043d\u0435-300x400.jpg 300w, https:\/\/rusoch.fr\/files\/2016\/01\/\u041f\u0440\u0438\u0445\u043e\u0436\u0430\u043d\u0435-600x800.jpg 600w, https:\/\/rusoch.fr\/files\/2016\/01\/\u041f\u0440\u0438\u0445\u043e\u0436\u0430\u043d\u0435.jpg 1000w\" sizes=\"(max-width: 284px) 100vw, 284px\" \/><\/a><\/p>\n<div class=\"hidden_text\">\u041e\u043d \u0431\u044b\u043b \u0432\u043e\u0437\u0432\u0435\u0434\u0435\u043d \u0432 \u043f\u0435\u0440\u0432\u043e\u0435 \u0434\u0435\u0441\u044f\u0442\u0438\u043b\u0435\u0442\u0438\u0435 \u0425\u0425 \u0432\u0435\u043a\u0430 \u043d\u0430 \u043c\u0435\u0441\u0442\u0435 \u0432\u0438\u043b\u043b\u044b, \u043d\u0430 \u043a\u043e\u0442\u043e\u0440\u043e\u0439 \u0441\u043a\u043e\u043d\u0447\u0430\u043b\u0441\u044f \u043f\u0440\u0435\u0441\u0442\u043e\u043b\u043e\u043d\u0430\u0441\u043b\u0435\u0434\u043d\u0438\u043a \u0420\u043e\u0441\u0441\u0438\u0439\u0441\u043a\u043e\u0439 \u0438\u043c\u043f\u0435\u0440\u0438\u0438, \u0441\u0442\u0430\u0440\u0448\u0438\u0439 \u0441\u044b\u043d \u0410\u043b\u0435\u043a\u0441\u0430\u043d\u0434\u0440\u0430 II, \u0432\u0435\u043b\u0438\u043a\u0438\u0439 \u043a\u043d\u044f\u0437\u044c \u041d\u0438\u043a\u043e\u043b\u0430\u0439 \u0410\u043b\u0435\u043a\u0441\u0430\u043d\u0434\u0440\u043e\u0432\u0438\u0447.<\/div>\n<p>Elle fut construite au cours des dix premi\u00e8res ann\u00e9es du XX<sup>\u00e8me<\/sup> si\u00e8cle, \u00e0 l\u2019endroit o\u00f9 se trouvait la villa o\u00f9 est mort le grand-duc Nicolas Alexandrovitch, h\u00e9ritier de l\u2019Empire russe et fils ain\u00e9 d\u2019Alexandre II. <\/p>\n<p><a href=\"http:\/\/rusoch.fr\/files\/2016\/01\/\u041a\u0440\u0435\u0441\u0442.jpg\"><img loading=\"lazy\" class=\"alignnone wp-image-204261 size-medium\" src=\"http:\/\/rusoch.fr\/files\/2016\/01\/\u041a\u0440\u0435\u0441\u0442-284x379.jpg\" alt=\"\" width=\"284\" height=\"379\" srcset=\"https:\/\/rusoch.fr\/files\/2016\/01\/\u041a\u0440\u0435\u0441\u0442-284x379.jpg 284w, https:\/\/rusoch.fr\/files\/2016\/01\/\u041a\u0440\u0435\u0441\u0442-300x400.jpg 300w, https:\/\/rusoch.fr\/files\/2016\/01\/\u041a\u0440\u0435\u0441\u0442-600x800.jpg 600w, https:\/\/rusoch.fr\/files\/2016\/01\/\u041a\u0440\u0435\u0441\u0442.jpg 1000w\" sizes=\"(max-width: 284px) 100vw, 284px\" \/><\/a><\/p>\n<div class=\"hidden_text\">\u0425\u0440\u0430\u043c \u0437\u0430\u043d\u0435\u0441\u0435\u043d \u0432 \u0441\u043f\u0438\u0441\u043e\u043a \u0438\u0441\u0442\u043e\u0440\u0438\u0447\u0435\u0441\u043a\u0438\u0445 \u043f\u0430\u043c\u044f\u0442\u043d\u0438\u043a\u043e\u0432 \u0424\u0440\u0430\u043d\u0446\u0438\u0438.<\/p>\n\u0420\u0435\u0441\u0442\u0430\u0432\u0440\u0430\u0446\u0438\u044f \u0432\u043d\u0443\u0442\u0440\u0435\u043d\u043d\u0435\u0433\u043e \u0443\u0431\u0440\u0430\u043d\u0441\u0442\u0432\u0430 \u0421\u043e\u0431\u043e\u0440\u0430 \u043d\u0435 \u043f\u0440\u043e\u0432\u043e\u0434\u0438\u043b\u0430\u0441\u044c \u0441\u043e \u0432\u0440\u0435\u043c\u0435\u043d \u041f\u0435\u0440\u0432\u043e\u0439 \u043c\u0438\u0440\u043e\u0432\u043e\u0439 \u0432\u043e\u0439\u043d\u044b.<\/div>\n<\/p>\n<p>La cath\u00e9drale se trouve sur la liste des monuments historiques de France.<\/p>\n<p>L\u2019int\u00e9rieur de la cath\u00e9drale n\u2019avait pas \u00e9t\u00e9 restaur\u00e9 depuis l\u2019\u00e9poque de la Premi\u00e8re guerre mondiale.<\/p>\n<p><iframe width=\"640\" height=\"480\" src=\"https:\/\/www.youtube.com\/embed\/JF1GCmLdNN4?feature=oembed\" frameborder=\"0\" allowfullscreen><\/iframe><\/p>\n<div class=\"hidden_text\">\u0414\u0432\u0435\u0440\u0438 \u0445\u0440\u0430\u043c\u0430 \u0432\u043d\u043e\u0432\u044c \u043e\u0442\u043a\u0440\u044b\u043b\u0438\u0441\u044c \u0434\u043b\u044f \u043f\u0440\u0438\u0445\u043e\u0436\u0430\u043d \u0432 \u0434\u0435\u043d\u044c \u0431\u043e\u043b\u044c\u0448\u043e\u0433\u043e \u043f\u0440\u0430\u0437\u0434\u043d\u0438\u043a\u0430 \u2013 \u041a\u0440\u0435\u0449\u0435\u043d\u0438\u044f \u0413\u043e\u0441\u043f\u043e\u0434\u043d\u044f.<\/div>\n<p>Les portes de l\u2019\u00e9glise se sont ouvertes pour les visiteurs le jour de la grande f\u00eate de la Th\u00e9ophanie. <\/p>\n<p><a href=\"http:\/\/rusoch.fr\/files\/2016\/01\/\u041f\u043e\u0441\u043e\u043b6\u0423\u044b\u0435\u043a\u0449\u044b\u0448.jpg\"><img loading=\"lazy\" class=\"alignnone wp-image-204262 size-medium\" src=\"http:\/\/rusoch.fr\/files\/2016\/01\/\u041f\u043e\u0441\u043e\u043b6\u0423\u044b\u0435\u043a\u0449\u044b\u0448-284x379.jpg\" alt=\"\" width=\"284\" height=\"379\" srcset=\"https:\/\/rusoch.fr\/files\/2016\/01\/\u041f\u043e\u0441\u043e\u043b6\u0423\u044b\u0435\u043a\u0449\u044b\u0448-284x379.jpg 284w, https:\/\/rusoch.fr\/files\/2016\/01\/\u041f\u043e\u0441\u043e\u043b6\u0423\u044b\u0435\u043a\u0449\u044b\u0448-300x400.jpg 300w, https:\/\/rusoch.fr\/files\/2016\/01\/\u041f\u043e\u0441\u043e\u043b6\u0423\u044b\u0435\u043a\u0449\u044b\u0448-600x800.jpg 600w, https:\/\/rusoch.fr\/files\/2016\/01\/\u041f\u043e\u0441\u043e\u043b6\u0423\u044b\u0435\u043a\u0449\u044b\u0448.jpg 1000w\" sizes=\"(max-width: 284px) 100vw, 284px\" \/><\/a><\/p>\n<div class=\"hidden_text\">\u041d\u0430 \u0446\u0435\u0440\u0435\u043c\u043e\u043d\u0438\u0438 \u0442\u043e\u0440\u0436\u0435\u0441\u0442\u0432\u0435\u043d\u043d\u043e\u0433\u043e \u043e\u0441\u0432\u044f\u0449\u0435\u043d\u0438\u044f \u0421\u043e\u0431\u043e\u0440\u0430 \u043f\u043e\u0441\u043b\u0435 \u0441\u0442\u0440\u043e\u0438\u0442\u0435\u043b\u044c\u043d\u044b\u0445 \u0440\u0430\u0431\u043e\u0442 \u043f\u0440\u0438\u043d\u044f\u043b\u0438 \u0443\u0447\u0430\u0441\u0442\u0438\u0435 \u043c\u044d\u0440 \u041d\u0438\u0446\u0446\u044b \u041a. \u042d\u0441\u0442\u0440\u043e\u0437\u0438 \u0438 \u043f\u043e\u0441\u043e\u043b \u0420\u0424 \u0432\u043e \u0424\u0440\u0430\u043d\u0446\u0438\u0438 \u0410.\u041e\u0440\u043b\u043e\u0432.<\/div>\n<p>A la c\u00e9r\u00e9monie officielle de b\u00e9n\u00e9diction de la cath\u00e9drale apr\u00e8s les travaux, \u00e9taient pr\u00e9sents le maire de Nice, C. Estrosi et l\u2019ambassadeur de la f\u00e9d\u00e9ration de Russie, A. Orlov.<\/p>\n","protected":false},"excerpt":{"rendered":"<p>La b\u00e9n\u00e9diction solennelle de la cath\u00e9drale Saint Nicolas \u00e0 Nice a eu lieu le 19 janvier de cette ann\u00e9e. \u00ab\u00a0L\u2019Observateur\u2026<\/p>\n","protected":false},"author":2,"featured_media":204256,"comment_status":"open","ping_status":"open","sticky":false,"template":"","format":"standard","meta":[],"categories":[6],"tags":[2459,341,1053],"aioseo_notices":[],"_links":{"self":[{"href":"https:\/\/rusoch.fr\/fr\/wp-json\/wp\/v2\/posts\/204255"}],"collection":[{"href":"https:\/\/rusoch.fr\/fr\/wp-json\/wp\/v2\/posts"}],"about":[{"href":"https:\/\/rusoch.fr\/fr\/wp-json\/wp\/v2\/types\/post"}],"author":[{"embeddable":true,"href":"https:\/\/rusoch.fr\/fr\/wp-json\/wp\/v2\/users\/2"}],"replies":[{"embeddable":true,"href":"https:\/\/rusoch.fr\/fr\/wp-json\/wp\/v2\/comments?post=204255"}],"version-history":[{"count":0,"href":"https:\/\/rusoch.fr\/fr\/wp-json\/wp\/v2\/posts\/204255\/revisions"}],"wp:featuredmedia":[{"embeddable":true,"href":"https:\/\/rusoch.fr\/fr\/wp-json\/wp\/v2\/media\/204256"}],"wp:attachment":[{"href":"https:\/\/rusoch.fr\/fr\/wp-json\/wp\/v2\/media?parent=204255"}],"wp:term":[{"taxonomy":"category","embeddable":true,"href":"https:\/\/rusoch.fr\/fr\/wp-json\/wp\/v2\/categories?post=204255"},{"taxonomy":"post_tag","embeddable":true,"href":"https:\/\/rusoch.fr\/fr\/wp-json\/wp\/v2\/tags?post=204255"}],"curies":[{"name":"wp","href":"https:\/\/api.w.org\/{rel}","templated":true}]}}