{"id":205095,"date":"2016-03-18T15:03:40","date_gmt":"2016-03-18T14:03:40","guid":{"rendered":"http:\/\/rusoch.fr\/?p=205095"},"modified":"2016-03-23T19:45:04","modified_gmt":"2016-03-23T18:45:04","slug":"francuzy-lyubyat-knigu","status":"publish","type":"post","link":"https:\/\/rusoch.fr\/fr\/mond\/francuzy-lyubyat-knigu.html","title":{"rendered":" Les fran\u00e7ais aiment les livres"},"content":{"rendered":"\n<div class=\"hidden_text\">\u0421\u0430\u043b\u043e\u043d \u043a\u043d\u0438\u0433\u0438, \u043a\u043e\u0442\u043e\u0440\u044b\u0439 \u043a\u0430\u0436\u0434\u0443\u044e \u0432\u0435\u0441\u043d\u0443 \u0440\u0430\u0441\u043f\u0430\u0445\u0438\u0432\u0430\u0435\u0442 \u0441\u0432\u043e\u0438 \u0434\u0432\u0435\u0440\u0438 \u043d\u0430 \u0433\u0440\u0430\u043d\u0434\u0438\u043e\u0437\u043d\u043e\u0439 \u0432\u044b\u0441\u0442\u0430\u0432\u043e\u0447\u043d\u043e\u0439 \u043f\u043b\u043e\u0449\u0430\u0434\u043a\u0435 Paris-Expo, \u043f\u043e\u043c\u0435\u043d\u044f\u043b \u043d\u0430\u0437\u0432\u0430\u043d\u0438\u0435. \u0422\u0435\u043f\u0435\u0440\u044c \u043e\u043d \u0437\u043e\u0432\u0435\u0442\u0441\u044f Livre Paris (\u041a\u043d\u0438\u0433\u0430 \u2013 \u041f\u0430\u0440\u0438\u0436).<\/div>\n<p>\nLe salon du livre, qui chaque automne ouvre ses portes dans l&#39;imposant parc d&#39;exposition de la capitale, Paris-Expo, a chang\u00e9 de nom. Il s&#39;appelle \u00e0 pr\u00e9sent &laquo;Livre Paris&raquo;.<br \/>\n<!--more--><\/p>\n<p><a href=\"http:\/\/rusoch.fr\/files\/2016\/03\/OB-7M8821.jpg\" rel=\"attachment wp-att-205096\"><img loading=\"lazy\" class=\"alignnone size-medium wp-image-205096\" src=\"http:\/\/rusoch.fr\/files\/2016\/03\/OB-7M8821-569x379.jpg\" alt=\"OB 7M8821\" width=\"569\" height=\"379\" srcset=\"https:\/\/rusoch.fr\/files\/2016\/03\/OB-7M8821-569x379.jpg 569w, https:\/\/rusoch.fr\/files\/2016\/03\/OB-7M8821-768x512.jpg 768w, https:\/\/rusoch.fr\/files\/2016\/03\/OB-7M8821-600x400.jpg 600w, https:\/\/rusoch.fr\/files\/2016\/03\/OB-7M8821.jpg 1350w\" sizes=\"(max-width: 569px) 100vw, 569px\" \/><\/a><\/p>\n<div class=\"hidden_text\">\u0421\u0443\u0442\u044c \u043c\u0435\u0440\u043e\u043f\u0440\u0438\u044f\u0442\u0438\u044f, \u043c\u0435\u0436 \u0442\u0435\u043c, \u043e\u0441\u0442\u0430\u043b\u0430\u0441\u044c \u043d\u0435\u0438\u0437\u043c\u0435\u043d\u043d\u043e\u0439: \u044d\u0442\u043e \u043f\u043e-\u043f\u0440\u0435\u0436\u043d\u0435\u043c\u0443 \u0441\u0430\u043c\u0430\u044f \u0431\u043e\u043b\u044c\u0448\u0430\u044f \u043d\u0430\u0446\u0438\u043e\u043d\u0430\u043b\u044c\u043d\u0430\u044f \u044f\u0440\u043c\u0430\u0440\u043a\u0430, \u043d\u0430 \u043a\u043e\u0442\u043e\u0440\u043e\u0439 \u0433\u0438\u0433\u0430\u043d\u0442\u044b \u0444\u0440\u0430\u043d\u0446\u0443\u0437\u0441\u043a\u043e\u0439 \u0438\u0437\u0434\u0430\u0442\u0435\u043b\u044c\u0441\u043a\u043e\u0439 \u0438\u043d\u0434\u0443\u0441\u0442\u0440\u0438\u0438 \u043f\u0440\u0435\u0434\u0441\u0442\u0430\u0432\u043b\u044f\u044e\u0442 \u0441\u0432\u043e\u0438 \u043d\u043e\u0432\u0438\u043d\u043a\u0438.<\/p>\n<p>\u0422\u0440\u0430\u0434\u0438\u0446\u0438\u043e\u043d\u043d\u043e \u043d\u0430 \u043d\u0435\u0435 \u043f\u0440\u0438\u0433\u043b\u0430\u0448\u0430\u044e\u0442\u0441\u044f \u0438 \u0437\u0430\u0440\u0443\u0431\u0435\u0436\u043d\u044b\u0435 \u043a\u043e\u043b\u043b\u0435\u0433\u0438. \u0420\u043e\u0441\u0441\u0438\u044f \u0432 \u0438\u0445 \u0447\u0438\u0441\u043b\u0435.<\/p>\n\u041a\u0430\u0440\u0442\u0438\u043d\u043a\u0438 \u0441 \u0432\u044b\u0441\u0442\u0430\u0432\u043a\u0438 \u0440\u043e\u0441\u0441\u0438\u0439\u0441\u043a\u043e\u0433\u043e \u0441\u0442\u0435\u043d\u0434\u0430 \u0432\u044b \u0441\u043c\u043e\u0436\u0435\u0442\u0435 \u0443\u0432\u0438\u0434\u0435\u0442\u044c \u0443\u0436\u0435 \u0432 \u0441\u043b\u0435\u0434\u0443\u044e\u0449\u0435\u043c \u0444\u043e\u0442\u043e\u0440\u0435\u043f\u043e\u0440\u0442\u0430\u0436\u0435 <strong>&laquo;\u0420\u0443\u0441\u0441\u043a\u043e\u0433\u043e \u043e\u0447\u0435\u0432\u0438\u0434\u0446\u0430&raquo;<\/strong>, \u0430 \u0441\u0435\u0439\u0447\u0430\u0441 \u2013 \u043e\u0442\u0447\u0435\u0442 \u043e\u0431 \u043e\u0442\u043a\u0440\u044b\u0442\u0438\u0438 \u0421\u0430\u043b\u043e\u043d\u0430, \u043d\u0430 \u043a\u043e\u0442\u043e\u0440\u044b\u0439 \u043f\u043e\u0436\u0430\u043b\u043e\u0432\u0430\u043b\u0438 \u043f\u0440\u0435\u0437\u0438\u0434\u0435\u043d\u0442 \u0440\u0435\u0441\u043f\u0443\u0431\u043b\u0438\u043a\u0438<strong> \u0424\u0440\u0430\u043d\u0441\u0443\u0430 \u041e\u043b\u043b\u0430\u043d\u0434<\/strong>,<\/div>\n<p>L&#39;essence de l&#39;\u00e9v\u00e9nement est, quant \u00e0 elle, rest\u00e9e inchang\u00e9e : il s&#39;agit toujours du plus grand salon national, durant lequel les g\u00e9ants de l&#39;industrie du livre fran\u00e7aise pr\u00e9sentent leurs nouveaut\u00e9s.<br \/>\nLes confr\u00e8res \u00e9trangers sont aussi traditionnellement invit\u00e9s, et, immanquablement, la Russie en fait partie.<\/p>\n<p>Vous pourrez voir les photographies de l&#39;exposition du stand russe dans le prochain reportage-photo de <strong>&laquo;l&#39;Observateur Russe&raquo;<\/strong>. Ici nous vous proposons le compte-rendu de l&#39;ouverture du salon, auquel le pr\u00e9sident <strong>Fran\u00e7ois Hollande<\/strong><\/p>\n<p><a href=\"http:\/\/rusoch.fr\/files\/2016\/03\/Y7M8724-11.jpg\" rel=\"attachment wp-att-205097\"><img loading=\"lazy\" class=\"alignnone size-medium wp-image-205097\" src=\"http:\/\/rusoch.fr\/files\/2016\/03\/Y7M8724-11-569x379.jpg\" alt=\"_Y7M8724-11\" width=\"569\" height=\"379\" srcset=\"https:\/\/rusoch.fr\/files\/2016\/03\/Y7M8724-11-569x379.jpg 569w, https:\/\/rusoch.fr\/files\/2016\/03\/Y7M8724-11-768x512.jpg 768w, https:\/\/rusoch.fr\/files\/2016\/03\/Y7M8724-11-600x400.jpg 600w, https:\/\/rusoch.fr\/files\/2016\/03\/Y7M8724-11.jpg 1350w\" sizes=\"(max-width: 569px) 100vw, 569px\" \/><\/a><\/p>\n<div class=\"hidden_text\">\u043f\u0440\u0435\u0437\u0438\u0434\u0435\u043d\u0442 \u0440\u0435\u0433\u0438\u043e\u043d\u0430 \u0418\u043b\u044c \u0434\u0435 \u0424\u0440\u0430\u043d\u0441 <strong>\u0412\u0430\u043b\u0435\u0440\u0438 \u041f\u0435\u043a\u0440\u0435\u0441\u0441<\/strong><\/div>\n<p>\net la pr\u00e9sidente de la r\u00e9gion \u00eele -de-France <strong>Val\u00e9rie P\u00e9cresse<\/strong> ont particip\u00e9,<\/p>\n<p><a href=\"http:\/\/rusoch.fr\/files\/2016\/03\/Y7M8744-11.jpg\" rel=\"attachment wp-att-205098\"><img loading=\"lazy\" class=\"alignnone size-medium wp-image-205098\" src=\"http:\/\/rusoch.fr\/files\/2016\/03\/Y7M8744-11-569x379.jpg\" alt=\"_Y7M8744-11\" width=\"569\" height=\"379\" srcset=\"https:\/\/rusoch.fr\/files\/2016\/03\/Y7M8744-11-569x379.jpg 569w, https:\/\/rusoch.fr\/files\/2016\/03\/Y7M8744-11-768x512.jpg 768w, https:\/\/rusoch.fr\/files\/2016\/03\/Y7M8744-11-600x400.jpg 600w, https:\/\/rusoch.fr\/files\/2016\/03\/Y7M8744-11.jpg 1350w\" sizes=\"(max-width: 569px) 100vw, 569px\" \/><\/a><\/p>\n<div class=\"hidden_text\">\u0438 \u0434\u0440\u0443\u0433\u0438\u0435 \u043e\u0441\u043e\u0431\u043e \u043f\u0440\u0438\u0433\u043b\u0430\u0448\u0435\u043d\u043d\u044b\u0435 \u0433\u043e\u0441\u0442\u0438, \u043a\u043e\u0438\u0445 \u0435\u0434\u0432\u0430 \u0432\u043c\u0435\u0441\u0442\u0438\u043b\u0438 \u043d\u0435\u043e\u0431\u043e\u0437\u0440\u0438\u043c\u044b\u0435 \u043f\u043b\u043e\u0449\u0430\u0434\u0438 \u0433\u043b\u0430\u0432\u043d\u043e\u0433\u043e \u043f\u0430\u0432\u0438\u043b\u044c\u043e\u043d\u0430 Paris-Expo.<\/div>\n<p>\nainsi que d&#39;autres invit\u00e9s sp\u00e9ciaux qui tenaient tant bien que mal dans le pavillon principal de Paris-Expo.<\/p>\n<p><a href=\"http:\/\/rusoch.fr\/files\/2016\/03\/Y7M8772-11.jpg\" rel=\"attachment wp-att-205100\"><img loading=\"lazy\" class=\"alignnone size-medium wp-image-205100\" src=\"http:\/\/rusoch.fr\/files\/2016\/03\/Y7M8772-11-586x379.jpg\" alt=\"_Y7M8772-11\" width=\"586\" height=\"379\" srcset=\"https:\/\/rusoch.fr\/files\/2016\/03\/Y7M8772-11-586x379.jpg 586w, https:\/\/rusoch.fr\/files\/2016\/03\/Y7M8772-11-768x497.jpg 768w, https:\/\/rusoch.fr\/files\/2016\/03\/Y7M8772-11-600x388.jpg 600w, https:\/\/rusoch.fr\/files\/2016\/03\/Y7M8772-11.jpg 1391w\" sizes=\"(max-width: 586px) 100vw, 586px\" \/><\/a><\/p>\n<p><a href=\"http:\/\/rusoch.fr\/files\/2016\/03\/Y7M8764-11.jpg\" rel=\"attachment wp-att-205099\"><img loading=\"lazy\" class=\"alignnone size-medium wp-image-205099\" src=\"http:\/\/rusoch.fr\/files\/2016\/03\/Y7M8764-11-569x379.jpg\" alt=\"_Y7M8764-11\" width=\"569\" height=\"379\" srcset=\"https:\/\/rusoch.fr\/files\/2016\/03\/Y7M8764-11-569x379.jpg 569w, https:\/\/rusoch.fr\/files\/2016\/03\/Y7M8764-11-768x512.jpg 768w, https:\/\/rusoch.fr\/files\/2016\/03\/Y7M8764-11-600x400.jpg 600w, https:\/\/rusoch.fr\/files\/2016\/03\/Y7M8764-11.jpg 1350w\" sizes=\"(max-width: 569px) 100vw, 569px\" \/><\/a><\/p>\n<p><a href=\"http:\/\/rusoch.fr\/files\/2016\/03\/Y7M8736-11.jpg\" rel=\"attachment wp-att-205101\"><img loading=\"lazy\" class=\"alignnone size-medium wp-image-205101\" src=\"http:\/\/rusoch.fr\/files\/2016\/03\/Y7M8736-11-596x336.jpg\" alt=\"_Y7M8736-11\" width=\"596\" height=\"336\" srcset=\"https:\/\/rusoch.fr\/files\/2016\/03\/Y7M8736-11-596x336.jpg 596w, https:\/\/rusoch.fr\/files\/2016\/03\/Y7M8736-11-768x433.jpg 768w, https:\/\/rusoch.fr\/files\/2016\/03\/Y7M8736-11-600x338.jpg 600w, https:\/\/rusoch.fr\/files\/2016\/03\/Y7M8736-11.jpg 1596w\" sizes=\"(max-width: 596px) 100vw, 596px\" \/><\/a><\/p>\n<p><a href=\"http:\/\/rusoch.fr\/files\/2016\/03\/Y7M8769-11.jpg\" rel=\"attachment wp-att-205104\"><img loading=\"lazy\" class=\"alignnone size-medium wp-image-205104\" src=\"http:\/\/rusoch.fr\/files\/2016\/03\/Y7M8769-11-596x322.jpg\" alt=\"_Y7M8769-11\" width=\"596\" height=\"322\" srcset=\"https:\/\/rusoch.fr\/files\/2016\/03\/Y7M8769-11-596x322.jpg 596w, https:\/\/rusoch.fr\/files\/2016\/03\/Y7M8769-11-768x415.jpg 768w, https:\/\/rusoch.fr\/files\/2016\/03\/Y7M8769-11-600x324.jpg 600w, https:\/\/rusoch.fr\/files\/2016\/03\/Y7M8769-11.jpg 1665w\" sizes=\"(max-width: 596px) 100vw, 596px\" \/><\/a><\/p>\n<p><a href=\"http:\/\/rusoch.fr\/files\/2016\/03\/Untitled_Panorama11.jpg\" rel=\"attachment wp-att-205102\"><img loading=\"lazy\" class=\"alignnone size-medium wp-image-205102\" src=\"http:\/\/rusoch.fr\/files\/2016\/03\/Untitled_Panorama11-501x379.jpg\" alt=\"Untitled_Panorama11\" width=\"501\" height=\"379\" srcset=\"https:\/\/rusoch.fr\/files\/2016\/03\/Untitled_Panorama11-501x379.jpg 501w, https:\/\/rusoch.fr\/files\/2016\/03\/Untitled_Panorama11-768x581.jpg 768w, https:\/\/rusoch.fr\/files\/2016\/03\/Untitled_Panorama11-528x400.jpg 528w, https:\/\/rusoch.fr\/files\/2016\/03\/Untitled_Panorama11-600x454.jpg 600w, https:\/\/rusoch.fr\/files\/2016\/03\/Untitled_Panorama11.jpg 1189w\" sizes=\"(max-width: 501px) 100vw, 501px\" \/><\/a><\/p>\n<div class=\"hidden_text\">\u0421\u0430\u043b\u043e\u043d &laquo;Livre Paris&raquo; \u043e\u0442\u043a\u0440\u044b\u0442 \u0434\u043e 20 \u043c\u0430\u0440\u0442\u0430 2016 \u0433.<br \/>\n\u0410\u0434\u0440\u0435\u0441: Paris Porte de Versailles \u2013 Pavillon 1 Boulevard Victor, Paris 15\u00e8me<\/div>\n","protected":false},"excerpt":{"rendered":"<p>Le salon du livre, qui chaque automne ouvre ses portes dans l&#39;imposant parc d&#39;exposition de la capitale, Paris-Expo, a chang\u00e9\u2026<\/p>\n","protected":false},"author":2,"featured_media":205096,"comment_status":"open","ping_status":"open","sticky":false,"template":"","format":"standard","meta":[],"categories":[8],"tags":[341],"aioseo_notices":[],"_links":{"self":[{"href":"https:\/\/rusoch.fr\/fr\/wp-json\/wp\/v2\/posts\/205095"}],"collection":[{"href":"https:\/\/rusoch.fr\/fr\/wp-json\/wp\/v2\/posts"}],"about":[{"href":"https:\/\/rusoch.fr\/fr\/wp-json\/wp\/v2\/types\/post"}],"author":[{"embeddable":true,"href":"https:\/\/rusoch.fr\/fr\/wp-json\/wp\/v2\/users\/2"}],"replies":[{"embeddable":true,"href":"https:\/\/rusoch.fr\/fr\/wp-json\/wp\/v2\/comments?post=205095"}],"version-history":[{"count":0,"href":"https:\/\/rusoch.fr\/fr\/wp-json\/wp\/v2\/posts\/205095\/revisions"}],"wp:featuredmedia":[{"embeddable":true,"href":"https:\/\/rusoch.fr\/fr\/wp-json\/wp\/v2\/media\/205096"}],"wp:attachment":[{"href":"https:\/\/rusoch.fr\/fr\/wp-json\/wp\/v2\/media?parent=205095"}],"wp:term":[{"taxonomy":"category","embeddable":true,"href":"https:\/\/rusoch.fr\/fr\/wp-json\/wp\/v2\/categories?post=205095"},{"taxonomy":"post_tag","embeddable":true,"href":"https:\/\/rusoch.fr\/fr\/wp-json\/wp\/v2\/tags?post=205095"}],"curies":[{"name":"wp","href":"https:\/\/api.w.org\/{rel}","templated":true}]}}