{"id":205164,"date":"2016-03-22T12:37:20","date_gmt":"2016-03-22T11:37:20","guid":{"rendered":"http:\/\/rusoch.fr\/?p=205164"},"modified":"2016-03-22T12:48:17","modified_gmt":"2016-03-22T11:48:17","slug":"evropa-vokrug-evropy-leurope-autour-de-leurope","status":"publish","type":"post","link":"https:\/\/rusoch.fr\/fr\/news\/evropa-vokrug-evropy-leurope-autour-de-leurope.html","title":{"rendered":" l&#39;Europe autour de l&#39;Europe"},"content":{"rendered":"\n<div class=\"hidden_text\">\u0420\u043e\u0441\u0441\u0438\u0439\u0441\u043a\u043e\u0435 \u043a\u0438\u043d\u043e \u043d\u0430 \u0444\u0435\u0441\u0442\u0438\u0432\u0430\u043b\u0435 \u0432 \u041f\u0430\u0440\u0438\u0436\u0435<br \/>\n22 \u043c\u0430\u0440\u0442\u0430 \u2013 16 \u0430\u043f\u0440\u0435\u043b\u044f 2016 \u0433.<\/div>\n<p>\nHommage au cin\u00e9ma russe<br \/>\nAu festival l&#39;Europe autour de l&#39;Europe<br \/>\nDu 22 mars au 16 avril 2016<br \/>\n<!--more--><\/p>\n<p><a href=\"http:\/\/rusoch.fr\/files\/2016\/03\/affiche-festival-2016-.jpg\" rel=\"attachment wp-att-205165\"><img loading=\"lazy\" class=\"alignnone size-medium wp-image-205165\" src=\"http:\/\/rusoch.fr\/files\/2016\/03\/affiche-festival-2016--284x379.jpg\" alt=\"affiche festival 2016\" width=\"284\" height=\"379\" srcset=\"https:\/\/rusoch.fr\/files\/2016\/03\/affiche-festival-2016--284x379.jpg 284w, https:\/\/rusoch.fr\/files\/2016\/03\/affiche-festival-2016--768x1025.jpg 768w, https:\/\/rusoch.fr\/files\/2016\/03\/affiche-festival-2016--300x400.jpg 300w, https:\/\/rusoch.fr\/files\/2016\/03\/affiche-festival-2016--600x801.jpg 600w, https:\/\/rusoch.fr\/files\/2016\/03\/affiche-festival-2016-.jpg 1189w\" sizes=\"(max-width: 284px) 100vw, 284px\" \/><\/a><\/p>\n<div class=\"hidden_text\">\u0412 \u043a\u0438\u043d\u043e\u0442\u0435\u0430\u0442\u0440\u0430\u0445 \u041f\u0430\u0440\u0438\u0436\u0430 \u043f\u043e\u043a\u0430\u0436\u0443\u0442 \u0444\u0438\u043b\u044c\u043c\u044b \u0410\u043d\u0434\u0440\u0435\u044f \u0422\u0430\u0440\u043a\u043e\u0432\u0441\u043a\u043e\u0433\u043e, \u042d\u043b\u044c\u0434\u0430\u0440\u0430 \u0420\u044f\u0437\u0430\u043d\u043e\u0432\u0430, \u0410\u043b\u0435\u043a\u0441\u0430\u043d\u0434\u0440\u0430 \u0421\u043e\u043a\u0443\u0440\u043e\u0432\u0430, \u0410\u043b\u0435\u043a\u0441\u0435\u044f \u0411\u0430\u043b\u0430\u0431\u0430\u043d\u043e\u0432\u0430, \u0412\u0430\u0441\u0438\u043b\u0438\u044f \u0421\u0438\u0433\u0430\u0440\u0435\u0432\u0430, \u041c\u0430\u0440\u043b\u0435\u043d\u0430 \u0425\u0443\u0446\u0438\u0435\u0432\u0430.<\/p>\n\u041f\u043e\u0434\u0440\u043e\u0431\u043d\u0430\u044f \u043f\u0440\u043e\u0433\u0440\u0430\u043c\u043c\u0430 \u043d\u0430 \u0444\u0440\u0430\u043d\u0446\u0443\u0437\u0441\u043a\u043e\u043c \u044f\u0437\u044b\u043a\u0435:<\/div>\n<\/p>\n<p>MARDI 22 MARS<\/p>\n<p>De 10h \u00e0 17h&nbsp;&mdash; Ecole Nationale Sup\u00e9rieure Louis-Lumi\u00e8re<br \/>\nMaster class \u201cSa propre voix\u201d et \u201cLa boussole int\u00e9rieure\u201d de Michal Leszczylowski, monteur,<br \/>\nsuivie de la projection de Directed by Andre\u00ef Tarkovski (Documentaire, 100\u2019)<\/p>\n<p>20h&nbsp;&mdash; Grand Action<br \/>\nRomance cruelle, Eldar Ryazanov (Fiction, URSS, 1984, 142\u2019, C, VOSTF)<br \/>\n(en partenariat avec le Festival Quand les russes aiment)<\/p>\n<p>MERCREDI 23 MARS<\/p>\n<p>19h 40&nbsp;&mdash; L\u2019Entrep\u00f4t<br \/>\nSacrifice, Andre\u00ef Tarkovski en pr\u00e9sence de Michal Leszczylowski<br \/>\n(Fiction, Su\u00e8de \/ Royaume-Uni \/ France, 1986, 142\u2019, VOSTF)<\/p>\n<p>JEUDI 7 AVRIL<\/p>\n<p>21h&nbsp;&mdash; Christine 21<br \/>\nUnder the Sun, Vitaly Mansky&nbsp;&mdash; en comp\u00e9tition Pr\u00e9sent (Documentaire,Russie\/Lettonie\/Allemagne\/R\u00e9publique Tch\u00e8que\/Cor\u00e9e du Nord, 2015, 90\u2019, C, VOSTF)<\/p>\n<p>SAMEDI 9 AVRIL<br \/>\n20h&nbsp;&mdash; Grand Action :<br \/>\nAlexandra, Alexandre Sokourov<br \/>\n(Fiction, Russie\/France, 2007, 97\u2019, C, VOSTF)<\/p>\n<p>LUNDI 11 AVRIL<br \/>\n19h40&nbsp;&mdash; L\u2019Entrep\u00f4t :<br \/>\nFr\u00e8re, Alexe\u00ef Balabanov<br \/>\n(Fiction, Russie, 1997, 96\u2019, C, VOSTF)<\/p>\n<p>JEUDI 14 AVRIL<br \/>\n19h&nbsp;&mdash; Christine 21 :<br \/>\nC\u2019\u00e9tait le mois de mai, Marlen Khoutsiev<br \/>\n(Fiction, URSS, 1970, 115\u2019, NB,VOSTF) (en partenariat avec le Festival russe)<\/p>\n<p>SAMEDI 16 AVRIL<\/p>\n<p>&mdash; 13h40&nbsp;&mdash; L\u2019Entrep\u00f4t<br \/>\nMaster class de Marlen Khoutsiev,<br \/>\nsuivi de la projection de Infinitas (Fiction, Russie, 1991, 202\u2019, C, VOSTF)<\/p>\n<p>&mdash; 21h30&nbsp;&mdash; L\u2019Entrep\u00f4t<br \/>\nLand of Oz, Vassily Sigarev en comp\u00e9tition Prix Sauvage<br \/>\n(Fiction, Russie, 2015, 100\u2019, C, VOSTF)<\/p>\n","protected":false},"excerpt":{"rendered":"<p>Hommage au cin\u00e9ma russe Au festival l&#39;Europe autour de l&#39;Europe Du 22 mars au 16 avril 2016<\/p>\n","protected":false},"author":2,"featured_media":205165,"comment_status":"open","ping_status":"open","sticky":false,"template":"","format":"standard","meta":[],"categories":[1],"tags":[],"aioseo_notices":[],"_links":{"self":[{"href":"https:\/\/rusoch.fr\/fr\/wp-json\/wp\/v2\/posts\/205164"}],"collection":[{"href":"https:\/\/rusoch.fr\/fr\/wp-json\/wp\/v2\/posts"}],"about":[{"href":"https:\/\/rusoch.fr\/fr\/wp-json\/wp\/v2\/types\/post"}],"author":[{"embeddable":true,"href":"https:\/\/rusoch.fr\/fr\/wp-json\/wp\/v2\/users\/2"}],"replies":[{"embeddable":true,"href":"https:\/\/rusoch.fr\/fr\/wp-json\/wp\/v2\/comments?post=205164"}],"version-history":[{"count":0,"href":"https:\/\/rusoch.fr\/fr\/wp-json\/wp\/v2\/posts\/205164\/revisions"}],"wp:featuredmedia":[{"embeddable":true,"href":"https:\/\/rusoch.fr\/fr\/wp-json\/wp\/v2\/media\/205165"}],"wp:attachment":[{"href":"https:\/\/rusoch.fr\/fr\/wp-json\/wp\/v2\/media?parent=205164"}],"wp:term":[{"taxonomy":"category","embeddable":true,"href":"https:\/\/rusoch.fr\/fr\/wp-json\/wp\/v2\/categories?post=205164"},{"taxonomy":"post_tag","embeddable":true,"href":"https:\/\/rusoch.fr\/fr\/wp-json\/wp\/v2\/tags?post=205164"}],"curies":[{"name":"wp","href":"https:\/\/api.w.org\/{rel}","templated":true}]}}