{"id":205300,"date":"2016-04-10T00:42:18","date_gmt":"2016-04-09T23:42:18","guid":{"rendered":"http:\/\/rusoch.fr\/?p=205300"},"modified":"2016-04-13T16:52:23","modified_gmt":"2016-04-13T15:52:23","slug":"xudozhnik-ukrasivshij-parizh","status":"publish","type":"post","link":"https:\/\/rusoch.fr\/fr\/cult\/xudozhnik-ukrasivshij-parizh.html","title":{"rendered":" Le peintre qui a d\u00e9cor\u00e9 Paris"},"content":{"rendered":"\n<div class=\"hidden_text\"><strong>\u0410\u043b\u044c\u0431\u0435\u0440 \u041c\u0435\u043d\u044c\u044f\u043d<\/strong> \u0431\u044b\u043b \u0434\u0435\u0439\u0441\u0442\u0432\u0438\u0442\u0435\u043b\u044c\u043d\u043e \u0442\u0435\u043c \u0445\u0443\u0434\u043e\u0436\u043d\u0438\u043a\u043e\u043c, \u043a\u043e\u0442\u043e\u0440\u044b\u0439 \u043e\u0441\u0442\u0430\u0432\u0438\u043b \u0441\u043b\u0435\u0434\u044b \u0441\u0432\u043e\u0435\u0439 \u043a\u0438\u0441\u0442\u0438 \u0438 \u043a\u0440\u0430\u0441\u043e\u043a \u0432 \u0441\u0430\u043c\u044b\u0445 \u0438\u0437\u0432\u0435\u0441\u0442\u043d\u044b\u0445 \u0438\u043d\u0442\u0435\u0440\u044c\u0435\u0440\u0430\u0445 \u0441\u0442\u043e\u043b\u0438\u0446\u044b.<\/div>\n<p><strong>Albert Maignan<\/strong> fut en effet le peintre qui, \u00e0 coup de pinceaux et de peintures, laissa ses marques dans les plus c\u00e9l\u00e8bres int\u00e9rieurs de la capitale.<!--more--><\/p>\n<p><div id=\"attachment_205304\" style=\"width: 606px\" class=\"wp-caption alignnone\"><a href=\"http:\/\/rusoch.fr\/files\/2016\/04\/MaignanGlavnaya-1.jpg\" rel=\"attachment wp-att-205304\"><img aria-describedby=\"caption-attachment-205304\" loading=\"lazy\" class=\"wp-image-205304 size-medium\" src=\"http:\/\/rusoch.fr\/files\/2016\/04\/MaignanGlavnaya-1-596x259.jpg\" alt=\"\" width=\"596\" height=\"259\" srcset=\"https:\/\/rusoch.fr\/files\/2016\/04\/MaignanGlavnaya-1-596x259.jpg 596w, https:\/\/rusoch.fr\/files\/2016\/04\/MaignanGlavnaya-1-768x334.jpg 768w, https:\/\/rusoch.fr\/files\/2016\/04\/MaignanGlavnaya-1-600x261.jpg 600w, https:\/\/rusoch.fr\/files\/2016\/04\/MaignanGlavnaya-1.jpg 1000w\" sizes=\"(max-width: 596px) 100vw, 596px\" \/><\/a><p id=\"caption-attachment-205304\" class=\"wp-caption-text\">\u0424\u043e\u043d\u0434 \u0422\u044d\u0439\u043b\u043e\u0440\u0430, \u0412\u044b\u0441\u0442\u0430\u0432\u043a\u0430 \u0410,\u041c\u0435\u043d\u044c\u044f\u043d\u0430 | L&#39;exposition de A. Maignan \u00e0 la fondation Taylor<\/p><\/div><\/p>\n<div class=\"hidden_text\">\u0412\u044b\u0441\u0442\u0430\u0432\u043a\u0430 \u0435\u0433\u043e \u0440\u0430\u0431\u043e\u0442 \u043f\u0440\u043e\u0445\u043e\u0434\u0438\u0442 \u0432 \u043e\u0434\u043d\u043e\u043c \u0438\u0437 \u0441\u0442\u0430\u0440\u044b\u0445 \u0443\u0433\u043e\u043b\u043a\u043e\u0432 \u041f\u0430\u0440\u0438\u0436\u0430, \u0432 <strong>\u0444\u043e\u043d\u0434\u0435 \u0422\u044d\u0439\u043b\u043e\u0440\u0430<\/strong>. \u0410 \u0444\u043e\u043d\u0434, \u0432 \u0441\u0432\u043e\u044e \u043e\u0447\u0435\u0440\u0435\u0434\u044c, \u0440\u0430\u0437\u043c\u0435\u0441\u0442\u0438\u043b\u0441\u044f \u0432 \u0431\u044b\u0432\u0448\u0435\u0439 \u043c\u0430\u0441\u0442\u0435\u0440\u0441\u043a\u043e\u0439 \u0441\u0430\u043c\u043e\u0433\u043e<em> \u0410\u043b\u044c\u0431\u0435\u0440\u0430 \u041c\u0435\u043d\u044c\u044f\u043d\u0430<\/em>. \u041d\u043e \u0442\u043e\u043c\u0443 \u0435\u0441\u0442\u044c, \u0432\u043f\u0440\u043e\u0447\u0435\u043c, \u0434\u043e\u0432\u043e\u043b\u044c\u043d\u043e \u043f\u0440\u043e\u0437\u0430\u0438\u0447\u0435\u0441\u043a\u043e\u0435 \u043e\u0431\u044a\u044f\u0441\u043d\u0435\u043d\u0438\u0435.<\/p>\n<em>\u0424\u043e\u043d\u0434 \u0422\u044d\u0439\u043b\u043e\u0440\u0430<\/em>, \u0437\u0430\u0432\u0435\u0434\u0435\u043d\u0438\u0435 \u0443\u043d\u0438\u043a\u0430\u043b\u044c\u043d\u043e\u0435, \u0441 1844 \u0433\u043e\u0434\u0430 (sic!) \u043f\u043e\u043c\u043e\u0433\u0430\u0435\u0442 \u0445\u0443\u0434\u043e\u0436\u043d\u0438\u043a\u0430\u043c \u043d\u0430\u0439\u0442\u0438 \u0441\u0432\u043e\u0438\u0445 \u043c\u0435\u0446\u0435\u043d\u0430\u0442\u043e\u0432, \u0430 \u043c\u0435\u0446\u0435\u043d\u0430\u0442\u0430\u043c \u043f\u0440\u043e\u0441\u043b\u0430\u0432\u0438\u0442\u044c\u0441\u044f \u0441\u0432\u043e\u0438\u043c\u0438 \u0441\u043b\u0430\u0432\u043d\u044b\u043c\u0438 \u0434\u0435\u043b\u0430\u043c\u0438. \u041f\u0440\u043e\u0434\u043e\u043b\u0436\u0438\u0442\u0435\u043b\u044c\u043d\u043e\u0441\u0442\u044c \u0436\u0438\u0437\u043d\u0438 \u0444\u043e\u043d\u0434\u0430 \u0444\u0435\u043d\u043e\u043c\u0435\u043d\u0430\u043b\u044c\u043d\u0430, \u0435\u0441\u043b\u0438 \u0443\u0447\u0435\u0441\u0442\u044c, \u0447\u0442\u043e \u0432\u043e \u0433\u043b\u0430\u0432\u0435 \u0441\u0442\u043e\u0438\u0442 \u043a\u043e\u043c\u0438\u0442\u0435\u0442 \u0438\u0437 \u0434\u043e\u0431\u0440\u043e\u0432\u043e\u043b\u044c\u0446\u0435\u0432 (\u0445\u0443\u0434\u043e\u0436\u043d\u0438\u043a\u043e\u0432, \u0441\u043a\u0443\u043b\u044c\u043f\u0442\u043e\u0440\u043e\u0432, \u0438\u0441\u0442\u043e\u0440\u0438\u043a\u043e\u0432), \u0447\u0442\u043e \u0441\u0442\u0440\u0443\u043a\u0442\u0443\u0440\u0430 \u043d\u0435 \u043f\u043e\u043b\u0443\u0447\u0430\u0435\u0442 \u043d\u0438\u043a\u0430\u043a\u0438\u0445 \u0441\u0443\u0431\u0441\u0438\u0434\u0438\u0439 \u0438 \u0441\u0443\u0449\u0435\u0441\u0442\u0432\u0443\u0435\u0442 \u0438\u0441\u043a\u043b\u044e\u0447\u0438\u0442\u0435\u043b\u044c\u043d\u043e \u0431\u043b\u0430\u0433\u043e\u0434\u0430\u0440\u044f \u043f\u043e\u0436\u0435\u0440\u0442\u0432\u043e\u0432\u0430\u043d\u0438\u044f\u043c.<\/div>\n<p>L\u2019exposition de ses \u0153uvres se d\u00e9roule \u00e0 <strong>la Fondation Taylor<\/strong> dans un des plus anciens quartiers de Paris. La Fondation se situe \u00e0 son tour dans l\u2019ancien atelier d\u2019<em>Albert Maignan<\/em>. Cependant, il existe une explication tout \u00e0 fait ordinaire \u00e0 cette co\u00efncidence.<\/p>\n<p><em>La Fondation Taylor<\/em> est une institution unique qui, depuis 1844, aide les peintres \u00e0 trouver des m\u00e9c\u00e8nes et permet \u00e0 ces derniers d\u2019acqu\u00e9rir une renomm\u00e9e gr\u00e2ce \u00e0 leurs actions honorables.<\/p>\n<p>La long\u00e9vit\u00e9 de la Fondation est exceptionnelle compte tenu du fait que son comit\u00e9 de direction n\u2019est compos\u00e9 que de b\u00e9n\u00e9voles (peintres, sculpteurs, historiens), qu\u2019elle ne per\u00e7oit aucune subvention et ne vit que gr\u00e2ce \u00e0 des dons.<\/p>\n<p><div id=\"attachment_205305\" style=\"width: 580px\" class=\"wp-caption alignnone\"><a href=\"http:\/\/rusoch.fr\/files\/2016\/04\/Maignan-Vernissage-14.jpg\" rel=\"attachment wp-att-205305\"><img aria-describedby=\"caption-attachment-205305\" loading=\"lazy\" class=\"wp-image-205305 size-medium\" src=\"http:\/\/rusoch.fr\/files\/2016\/04\/Maignan-Vernissage-14-570x379.jpg\" alt=\"\" width=\"570\" height=\"379\" srcset=\"https:\/\/rusoch.fr\/files\/2016\/04\/Maignan-Vernissage-14-570x379.jpg 570w, https:\/\/rusoch.fr\/files\/2016\/04\/Maignan-Vernissage-14-768x511.jpg 768w, https:\/\/rusoch.fr\/files\/2016\/04\/Maignan-Vernissage-14-600x399.jpg 600w, https:\/\/rusoch.fr\/files\/2016\/04\/Maignan-Vernissage-14.jpg 1000w\" sizes=\"(max-width: 570px) 100vw, 570px\" \/><\/a><p id=\"caption-attachment-205305\" class=\"wp-caption-text\">\u0424\u043e\u043d\u0434 \u0422\u044d\u0439\u043b\u043e\u0440\u0430, \u0412\u044b\u0441\u0442\u0430\u0432\u043a\u0430 \u0410,\u041c\u0435\u043d\u044c\u044f\u043d\u0430 | L&#39;exposition de A. Maignan \u00e0 la fondation Taylor<\/p><\/div><\/p>\n<div class=\"hidden_text\">\u0415\u0436\u0435\u0433\u043e\u0434\u043d\u043e \u0444\u043e\u043d\u0434 \u043f\u0440\u0438\u0441\u0443\u0436\u0434\u0430\u0435\u0442 20 \u0431\u043e\u043b\u044c\u0448\u0438\u0445 \u0438 \u043e\u043a\u043e\u043b\u043e \u0441\u043e\u0440\u043e\u043a\u0430 \u043c\u0430\u043b\u044b\u0445 \u043f\u0440\u0435\u043c\u0438\u0439, \u0440\u0430\u0441\u043f\u0440\u0435\u0434\u0435\u043b\u044f\u044f \u0438\u0445 \u043f\u043e \u0441\u0435\u043a\u0446\u0438\u044f\u043c \u0436\u0438\u0432\u043e\u043f\u0438\u0441\u0438, \u0433\u0440\u0430\u0432\u044e\u0440\u044b, \u0441\u043a\u0443\u043b\u044c\u043f\u0442\u0443\u0440\u044b \u0438 \u0440\u0438\u0441\u0443\u043d\u043a\u0430.<\/p>\n\u0421 1947 \u0433\u043e\u0434\u0430 <em>\u0424\u043e\u043d\u0434 \u0422\u044d\u0439\u043b\u043e\u0440\u0430<\/em> \u0437\u0430\u043d\u0438\u043c\u0430\u0435\u0442 \u043e\u0441\u043e\u0431\u043d\u044f\u043a \u043d\u0435\u0434\u0430\u043b\u0435\u043a\u043e \u043e\u0442 \u0443\u044e\u0442\u043d\u043e\u0439 \u043f\u0430\u0440\u0438\u0436\u0441\u043a\u043e\u0439 \u043f\u043b\u043e\u0449\u0430\u0434\u0438 \u0421\u0435\u043d\u0442-\u0416\u043e\u0440\u0436. \u042d\u0442\u0438 \u0441\u0442\u0435\u043d\u044b <em>\u0410\u043b\u044c\u0431\u0435\u0440 \u041c\u0435\u043d\u044c\u044f\u043d<\/em> \u043f\u043e\u043b\u0443\u0447\u0438\u043b \u043e\u0442 \u0434\u0440\u0443\u0433\u043e\u0433\u043e \u0445\u0443\u0434\u043e\u0436\u043d\u0438\u043a\u0430&nbsp;&mdash; \u0428\u0430\u0440\u043b\u044f \u041b\u0430\u0440\u0438\u0432\u044c\u0435\u0440\u0430, \u0436\u0435\u043d\u0438\u0432\u0448\u0438\u0441\u044c \u043d\u0430 \u0434\u043e\u0447\u0435\u0440\u0438 \u043f\u043e\u0441\u043b\u0435\u0434\u043d\u0435\u0433\u043e.<\/div>\n<p>Chaque ann\u00e9e, 20 prestigieuses r\u00e9compenses et 40 autres prix, distribu\u00e9s dans les domaines de la peinture, de la gravure, de la sculpture et du dessin, lui sont d\u00e9cern\u00e9s.<\/p>\n<p>Depuis 1947, la Fondation occupe un h\u00f4tel particulier non loin de la charmante place Saint-Georges \u00e0 Paris. <em>Albert Maignan<\/em> a re\u00e7u ce b\u00e2timent d\u2019un autre peintre, Charles Larivi\u00e8re, dont il a \u00e9pous\u00e9 la fille.<\/p>\n<p><div id=\"attachment_205306\" style=\"width: 599px\" class=\"wp-caption alignnone\"><a href=\"http:\/\/rusoch.fr\/files\/2016\/04\/Maignan-Expo-13.jpg\" rel=\"attachment wp-att-205306\"><img aria-describedby=\"caption-attachment-205306\" loading=\"lazy\" class=\"wp-image-205306 size-medium\" src=\"http:\/\/rusoch.fr\/files\/2016\/04\/Maignan-Expo-13-589x379.jpg\" alt=\"\" width=\"589\" height=\"379\" srcset=\"https:\/\/rusoch.fr\/files\/2016\/04\/Maignan-Expo-13-589x379.jpg 589w, https:\/\/rusoch.fr\/files\/2016\/04\/Maignan-Expo-13-768x495.jpg 768w, https:\/\/rusoch.fr\/files\/2016\/04\/Maignan-Expo-13-600x386.jpg 600w, https:\/\/rusoch.fr\/files\/2016\/04\/Maignan-Expo-13.jpg 1000w\" sizes=\"(max-width: 589px) 100vw, 589px\" \/><\/a><p id=\"caption-attachment-205306\" class=\"wp-caption-text\">\u0424\u043e\u043d\u0434 \u0422\u044d\u0439\u043b\u043e\u0440\u0430, \u0412\u044b\u0441\u0442\u0430\u0432\u043a\u0430 \u0410,\u041c\u0435\u043d\u044c\u044f\u043d\u0430 | L&#39;exposition de A. Maignan \u00e0 la fondation Taylor<\/p><\/div><\/p>\n<div class=\"hidden_text\">\u0411\u0443\u0434\u0443\u0447\u0438 \u043f\u0440\u0435\u0437\u0438\u0434\u0435\u043d\u0442\u043e\u043c \u0424\u043e\u043d\u0434\u0430, <em>\u0410\u043b\u044c\u0431\u0435\u0440 \u041c\u0435\u043d\u044c\u044f\u043d<\/em> \u0437\u0430\u0432\u0435\u0449\u0430\u043b \u0441\u0432\u043e\u0439 \u0434\u043e\u043c-\u043c\u0430\u0441\u0442\u0435\u0440\u0441\u043a\u0443\u044e \u044d\u0442\u043e\u043c\u0443 \u0444\u0438\u043b\u0430\u043d\u0442\u0440\u043e\u043f\u0438\u0447\u0435\u0441\u043a\u043e\u043c\u0443 \u0441\u043e\u043e\u0431\u0449\u0435\u0441\u0442\u0432\u0443, \u0430 \u0440\u0430\u0431\u043e\u0442\u044b \u2013 \u043c\u0443\u0437\u0435\u044e \u0433. \u0410\u043c\u044c\u0435\u043d\u0430, \u0447\u0442\u043e \u0432 \u041f\u0438\u043a\u0430\u0440\u0434\u0438\u0438. \u041f\u043e \u0437\u0430\u0432\u0435\u0440\u0448\u0435\u043d\u0438\u0438 \u0434\u0430\u0432\u043d\u043e \u043d\u0430\u043f\u0440\u0430\u0448\u0438\u0432\u0430\u044e\u0449\u0435\u0433\u043e\u0441\u044f \u043a\u0430\u043f\u0438\u0442\u0430\u043b\u044c\u043d\u043e\u0433\u043e \u0440\u0435\u043c\u043e\u043d\u0442\u0430 \u043e\u0441\u043e\u0431\u043d\u044f\u043a \u043e\u0442\u043a\u0440\u044b\u043b\u0438 \u0438 \u043f\u0440\u0438\u0432\u0435\u0437\u043b\u0438 \u043a\u0430\u0440\u0442\u0438\u043d\u044b \u0438\u0437 \u043f\u0440\u043e\u0432\u0438\u043d\u0446\u0438\u0438.<\/p>\n\u0421\u0435\u0439\u0447\u0430\u0441 \u0432 \u041f\u0430\u0440\u0438\u0436\u0435 \u0432\u044b\u0441\u0442\u0430\u0432\u043b\u0435\u043d\u044b \u044d\u0441\u043a\u0438\u0437\u044b \u0444\u0440\u0435\u0441\u043e\u043a <em>\u0410\u043b\u044c\u0431\u0435\u0440\u0430 \u041c\u0435\u043d\u044c\u044f\u043d\u0430<\/em>, \u043a\u043e\u0442\u043e\u0440\u044b\u0435 \u0443\u043a\u0440\u0430\u0448\u0430\u044e\u0442 \u0441\u0442\u0435\u043d\u044b \u0421\u0435\u043d\u0430\u0442\u0430 \u0438 \u043f\u0430\u0440\u0430\u0434\u043d\u043e\u0433\u043e \u0437\u0430\u043b\u0430 \u0433\u043b\u0430\u0432\u043d\u043e\u0439 \u043c\u044d\u0440\u0438\u0438 \u041f\u0430\u0440\u0438\u0436\u0430, \u0444\u043e\u0439\u0435 \u041a\u043e\u043c\u0438\u0447\u0435\u0441\u043a\u043e\u0439 \u043e\u043f\u0435\u0440\u044b \u0438 \u0437\u043d\u0430\u043c\u0435\u043d\u0438\u0442\u043e\u0433\u043e \u0440\u0435\u0441\u0442\u043e\u0440\u0430\u043d\u0430 \u00ab\u0421\u0438\u043d\u0438\u0439 \u043f\u043e\u0435\u0437\u0434\u00bb \u041b\u0438\u043e\u043d\u0441\u043a\u043e\u0433\u043e \u0432\u043e\u043a\u0437\u0430\u043b\u0430.<\/div>\n<p>En tant que pr\u00e9sident de la Fondation, <em>Albert Maignan<\/em> l\u00e9gua sa maison-atelier \u00e0 cette soci\u00e9t\u00e9 philanthropique et ses oeuvres au mus\u00e9e d\u2019Amiens, en Picardie. Apr\u00e8s une longue p\u00e9riode de restauration, l\u2019h\u00f4tel particulier fut ouvert et des \u0153uvres furent amen\u00e9es de province.<\/p>\n<p>Aujourd\u2019hui, on peut admirer \u00e0 Paris des esquisses des fresques r\u00e9alis\u00e9es par <em>Albert Maignan<\/em> pour d\u00e9corer les murs du S\u00e9nat, de la salle des f\u00eates de l\u2019h\u00f4tel de ville de Paris, du foyer de l\u2019Op\u00e9ra-Comique et du c\u00e9l\u00e8bre restaurant <em>Le Train bleu<\/em> de la gare de Lyon \u00e0 Paris.<\/p>\n<p><div id=\"attachment_205307\" style=\"width: 255px\" class=\"wp-caption alignnone\"><a href=\"http:\/\/rusoch.fr\/files\/2016\/04\/M.P.Mn_.4675-photo-Mus\u00e9e-de-Picardie-793-9380_IMG.jpg\" rel=\"attachment wp-att-205307\"><img aria-describedby=\"caption-attachment-205307\" loading=\"lazy\" class=\"wp-image-205307 size-medium\" src=\"http:\/\/rusoch.fr\/files\/2016\/04\/M.P.Mn_.4675-photo-Mus\u00e9e-de-Picardie-793-9380_IMG-245x379.jpg\" alt=\"\" width=\"245\" height=\"379\" srcset=\"https:\/\/rusoch.fr\/files\/2016\/04\/M.P.Mn_.4675-photo-Mus\u00e9e-de-Picardie-793-9380_IMG-245x379.jpg 245w, https:\/\/rusoch.fr\/files\/2016\/04\/M.P.Mn_.4675-photo-Mus\u00e9e-de-Picardie-793-9380_IMG-768x1187.jpg 768w, https:\/\/rusoch.fr\/files\/2016\/04\/M.P.Mn_.4675-photo-Mus\u00e9e-de-Picardie-793-9380_IMG-259x400.jpg 259w, https:\/\/rusoch.fr\/files\/2016\/04\/M.P.Mn_.4675-photo-Mus\u00e9e-de-Picardie-793-9380_IMG-600x927.jpg 600w, https:\/\/rusoch.fr\/files\/2016\/04\/M.P.Mn_.4675-photo-Mus\u00e9e-de-Picardie-793-9380_IMG.jpg 1000w\" sizes=\"(max-width: 245px) 100vw, 245px\" \/><\/a><p id=\"caption-attachment-205307\" class=\"wp-caption-text\">\u0421\u0435\u043d\u0430\u0442, &laquo;\u041c\u0438\u043d\u0435\u0440\u0432\u0430 \u0438 \u0410\u0440\u0430\u0445\u043d\u0430&raquo; | Minerve et Arachn\u00e9 (S\u00e9nat). Photo: Mus\u00e9e de Picardie<\/p><\/div><\/p>\n<div class=\"hidden_text\">\u0417\u0434\u0435\u0441\u044c \u0436\u0435 \u0432\u044b\u0441\u0442\u0430\u0432\u043b\u0435\u043d\u0430 \u043e\u0434\u043d\u0430 \u0438\u0437 \u043d\u0430\u0438\u0431\u043e\u043b\u0435\u0435 \u0440\u0430\u0441\u0442\u0438\u0440\u0430\u0436\u0438\u0440\u043e\u0432\u0430\u043d\u043d\u044b\u0445 \u043a\u0430\u0440\u0442\u0438\u043d <em>\u041c\u0435\u043d\u044c\u044f\u043d\u0430<\/em> \u00ab\u0417\u0435\u043b\u0435\u043d\u0430\u044f \u043c\u0443\u0437\u0430\u00bb. \u041f\u043e\u043b\u043e\u0442\u043d\u043e \u0438\u043d\u0442\u0435\u0440\u0435\u0441\u0443\u0435\u0442 \u043f\u0443\u0431\u043b\u0438\u043a\u0443 \u0432\u043e\u0432\u0441\u0435 \u043d\u0435 \u043f\u043e\u0442\u043e\u043c\u0443 \u0447\u0442\u043e \u043c\u0443\u0437\u0430, \u0437\u0430\u0436\u0430\u0432 \u0433\u043e\u043b\u043e\u0432\u0443 \u0441\u043e\u0447\u0438\u043d\u0438\u0442\u0435\u043b\u044f \u0432 \u0440\u0443\u043a\u0430\u0445, \u0437\u0430\u0441\u0442\u0430\u0432\u043b\u044f\u0435\u0442 \u0435\u0433\u043e \u0443\u043d\u0438\u0447\u0442\u043e\u0436\u0430\u0442\u044c \u0438\u0441\u043f\u0438\u0441\u0430\u043d\u043d\u044b\u0435 \u043b\u0438\u0441\u0442\u044b. \u0412 \u043a\u043e\u043d\u0446\u0435 \u043a\u043e\u043d\u0446\u043e\u0432, \u043d\u0430 \u0442\u043e \u043e\u043d\u0430 \u0438 \u043c\u0443\u0437\u0430, \u0447\u0442\u043e\u0431\u044b \u0434\u0438\u043a\u0442\u043e\u0432\u0430\u0442\u044c \u043c\u0430\u0441\u0442\u0435\u0440\u0443.<\/div>\n<p>On peut \u00e9galement y voir <em>la Muse<\/em><em> verte,<\/em> un des tableaux les plus reproduits de <em>Maignan<\/em>. Cette toile int\u00e9resse le public non pas parce que la muse, en serrant la t\u00eate de l\u2019auteur dans ses mains, l\u2019oblige \u00e0 d\u00e9truire ce qu\u2019il a \u00e9crit. Au bout du compte, c\u2019est elle qui dicte la conduite de l\u2019artiste.<\/p>\n<p><div id=\"attachment_205308\" style=\"width: 257px\" class=\"wp-caption alignnone\"><a href=\"http:\/\/rusoch.fr\/files\/2016\/04\/M.P.Mn_.4719-photo-Marc-Jeanneteau-Mus\u00e9e-de-Picardie.jpg\" rel=\"attachment wp-att-205308\"><img aria-describedby=\"caption-attachment-205308\" loading=\"lazy\" class=\"wp-image-205308 size-medium\" src=\"http:\/\/rusoch.fr\/files\/2016\/04\/M.P.Mn_.4719-photo-Marc-Jeanneteau-Mus\u00e9e-de-Picardie-247x379.jpg\" alt=\"\" width=\"247\" height=\"379\" srcset=\"https:\/\/rusoch.fr\/files\/2016\/04\/M.P.Mn_.4719-photo-Marc-Jeanneteau-Mus\u00e9e-de-Picardie-247x379.jpg 247w, https:\/\/rusoch.fr\/files\/2016\/04\/M.P.Mn_.4719-photo-Marc-Jeanneteau-Mus\u00e9e-de-Picardie-768x1180.jpg 768w, https:\/\/rusoch.fr\/files\/2016\/04\/M.P.Mn_.4719-photo-Marc-Jeanneteau-Mus\u00e9e-de-Picardie-260x400.jpg 260w, https:\/\/rusoch.fr\/files\/2016\/04\/M.P.Mn_.4719-photo-Marc-Jeanneteau-Mus\u00e9e-de-Picardie-600x922.jpg 600w, https:\/\/rusoch.fr\/files\/2016\/04\/M.P.Mn_.4719-photo-Marc-Jeanneteau-Mus\u00e9e-de-Picardie.jpg 1000w\" sizes=\"(max-width: 247px) 100vw, 247px\" \/><\/a><p id=\"caption-attachment-205308\" class=\"wp-caption-text\">&laquo;\u0417\u0435\u043b\u0435\u043d\u0430\u044f \u043c\u0443\u0437\u0430&raquo; | La Muse verte. photo Marc Jeanneteau&nbsp;&mdash; Mus\u00e9e de Picardie<\/p><\/div><\/p>\n<div class=\"hidden_text\">\u0414\u0435\u043b\u043e \u0432 \u0442\u043e\u043c, \u0447\u0442\u043e \u0434\u0430\u043c\u0430 \u0432 \u0437\u0435\u043b\u0435\u043d\u043e\u043c \u2013 \u0432\u043e\u043f\u043b\u043e\u0449\u0435\u043d\u0438\u0435 \u0442\u043e\u0433\u043e \u0434\u0443\u0440\u043c\u0430\u043d\u044f\u0449\u0435\u0433\u043e, \u0441\u0432\u043e\u0434\u044f\u0449\u0435\u0433\u043e \u0441 \u0443\u043c\u0430 \u0430\u0431\u0441\u0435\u043d\u0442\u0430, \u043a \u043a\u043e\u0442\u043e\u0440\u043e\u043c\u0443 \u043f\u0440\u0438\u0441\u0442\u0440\u0430\u0441\u0442\u0438\u043b\u0430\u0441\u044c \u0444\u0440\u0430\u043d\u0446\u0443\u0437\u0441\u043a\u0430\u044f \u0431\u043e\u0433\u0435\u043c\u0430 \u0432 \u043a\u043e\u043d\u0446\u0435 XIX \u0432\u0435\u043a\u0430. \u0410\u0431\u0441\u0435\u043d\u0442 \u0432 \u043d\u0435\u0440\u0430\u0437\u0443\u043c\u043d\u044b\u0445 \u043a\u043e\u043b\u0438\u0447\u0435\u0441\u0442\u0432\u0430\u0445 \u0443\u043f\u043e\u0442\u0440\u0435\u0431\u043b\u044f\u043b\u0438 \u0412\u0435\u0440\u043b\u0435\u043d, \u0420\u0435\u043c\u0431\u043e, \u0414\u0435\u0433\u0430, \u0410\u043f\u043e\u043b\u043b\u0438\u043d\u0435\u0440, \u041c\u043e\u043f\u0430\u0441\u0441\u0430\u043d, \u0412\u0430\u043d \u0413\u043e\u0433 \u0438 \u043c\u043d\u043e\u0433\u0438\u0435 \u0434\u0440\u0443\u0433\u0438\u0435. \u0413\u0430\u043b\u043b\u044e\u0446\u0438\u043d\u0430\u0446\u0438\u0438, \u043f\u043e\u043c\u0435\u0448\u0430\u0442\u0435\u043b\u044c\u0441\u0442\u0432\u043e \u2013 \u0434\u0435\u043b \u00ab\u0417\u0435\u043b\u0435\u043d\u0430\u044f \u043c\u0443\u0437\u0430\u00bb \u043d\u0430\u0442\u0432\u043e\u0440\u0438\u043b\u0430 \u043d\u0435\u043c\u0430\u043b\u043e, \u043f\u043e\u043a\u0430 \u044d\u0442\u0443 \u043f\u043e\u043b\u044b\u043d\u043d\u0443\u044e \u043d\u0430\u0441\u0442\u043e\u0439\u043a\u0443 \u0432\u043e \u0424\u0440\u0430\u043d\u0446\u0438\u0438 \u043e\u0444\u0438\u0446\u0438\u0430\u043b\u044c\u043d\u043e \u043d\u0435 \u0437\u0430\u043f\u0440\u0435\u0442\u0438\u043b\u0438 (\u043f\u043e \u043f\u0440\u043e\u0448\u0435\u0441\u0442\u0432\u0438\u0438 \u043d\u0435\u0441\u043a\u043e\u043b\u044c\u043a\u0438\u0445 \u0434\u0435\u0441\u044f\u0442\u0438\u043b\u0435\u0442\u0438\u0439 \u0441\u0435\u0439\u0447\u0430\u0441, \u043f\u0440\u0430\u0432\u0434\u0430, \u043e\u043f\u0440\u0430\u0432\u0434\u0430\u043b\u0438).<\/p>\n<p>\u0412 \u0434\u0435\u0432\u044f\u0442\u043e\u043c \u043e\u043a\u0440\u0443\u0433\u0435 \u041f\u0430\u0440\u0438\u0436\u0430, \u0432\u0434\u0430\u043b\u0438 \u043e\u0442 \u0448\u0443\u043c\u043d\u044b\u0445 \u0430\u0432\u0435\u043d\u044e \u0441\u043e\u0445\u0440\u0430\u043d\u0438\u043b\u0441\u044f \u043e\u0447\u0430\u0440\u043e\u0432\u0430\u0442\u0435\u043b\u044c\u043d\u044b\u0439 \u0443\u0433\u043e\u043b\u043e\u043a \u043c\u0438\u043b\u043e\u0439 \u0441\u0442\u0430\u0440\u0438\u043d\u044b. \u0422\u0443\u0442 \u0432 \u0448\u0430\u0433\u043e\u0432\u043e\u0439 \u0434\u043e\u0441\u0442\u0443\u043f\u043d\u043e\u0441\u0442\u0438 \u0440\u0430\u0441\u043f\u043e\u043b\u043e\u0436\u0438\u043b\u0438\u0441\u044c \u0442\u0440\u0438 \u043d\u0435\u0431\u043e\u043b\u044c\u0448\u0438\u0445 \u043c\u0443\u0437\u0435\u044f: \u0413\u0443\u0441\u0442\u0430\u0432\u0430 \u041c\u043e\u0440\u043e, \u0420\u043e\u043c\u0430\u043d\u0442\u0438\u0447\u0435\u0441\u043a\u043e\u0439 \u0436\u0438\u0437\u043d\u0438 \u0438 \u0444\u043e\u043d\u0434 \u0422\u0435\u0439\u043b\u043e\u0440\u0430.<br \/>\n\u042d\u0442\u043e \u0432 \u0437\u0430\u043a\u043b\u0430\u0434\u043a\u0438 \u0442\u0435\u043c, \u043a\u0442\u043e \u043b\u044e\u0431\u0438\u0442 \u0431\u0440\u043e\u0434\u0438\u0442\u044c \u043f\u043e \u043f\u0440\u0435\u0436\u043d\u0435\u043c\u0443 \u041f\u0430\u0440\u0438\u0436\u0443, \u043a\u043e\u0442\u043e\u0440\u044b\u0439 \u043a\u043e\u0435-\u0433\u0434\u0435 \u0435\u0449\u0435 \u0435\u0441\u0442\u044c.<\/p>\n<em>\u0414\u043e 7 \u043c\u0430\u044f 2016 \u0433.<\/em><br \/>\n<em> Fondation Taylor,1, rue la Bruy\u00e8re, 75009 Paris<\/em><br \/>\n<em> \u0412\u0445\u043e\u0434 \u0441\u0432\u043e\u0431\u043e\u0434\u043d\u044b\u0439<\/em><\/div>\n<p>Mais parce que la dame en vert est la personnification de l\u2019absinthe, qui \u00e9tourdit et affole l\u2019esprit, et dont les artistes boh\u00e8mes fran\u00e7ais \u00e0 la fin du 19e si\u00e8cle \u00e9taient accro. Verlaine, Rimbaud, Degas, Apollinaire, Maupassant, Van Gogh et bien d\u2019autres usaient de l\u2019absinthe pour ces effets peu raisonnables. Hallucinations et folie, voil\u00e0 un peu les surprises que r\u00e9servait la muse verte, avant qu\u2019 en France la liqueur d\u2019absinthe ne soit officiellement interdite (aujourd\u2019hui, apr\u00e8s quelques d\u00e9cennies, il est vrai qu\u2019elle est justifi\u00e9e).<br \/>\nDans le 9e arrondissement de Paris, loin des avenues bruyantes, un coin charmant de belles antiquit\u00e9s est pr\u00e9serv\u00e9. L\u00e0, \u00e0 distance de marche, se trouvent trois petits mus\u00e9es : le mus\u00e9e Gustave Moreau, le mus\u00e9e de la vie romantique et la Fondation Taylor.<br \/>\nC\u2019est \u00e0 rajouter aux favoris pour ceux qui aiment toujours fl\u00e2ner dans Paris d\u2019antan qui reste bien pr\u00e9sent quelque part.<br \/>\n<em>Jusqu\u2019au 7 mai 2016.<\/em><br \/>\n<em> Fondation Taylor<\/em><br \/>\n<em> 1, rue la Bruy\u00e8re, 75009 Paris, Entr\u00e9e libre<\/em><\/p>\n<p>&nbsp;<\/p>\n","protected":false},"excerpt":{"rendered":"<p>Albert Maignan fut en effet le peintre qui, \u00e0 coup de pinceaux et de peintures, laissa ses marques dans les\u2026<\/p>\n","protected":false},"author":2,"featured_media":205301,"comment_status":"open","ping_status":"open","sticky":false,"template":"","format":"standard","meta":[],"categories":[5],"tags":[2569,2568,2552,2553],"aioseo_notices":[],"_links":{"self":[{"href":"https:\/\/rusoch.fr\/fr\/wp-json\/wp\/v2\/posts\/205300"}],"collection":[{"href":"https:\/\/rusoch.fr\/fr\/wp-json\/wp\/v2\/posts"}],"about":[{"href":"https:\/\/rusoch.fr\/fr\/wp-json\/wp\/v2\/types\/post"}],"author":[{"embeddable":true,"href":"https:\/\/rusoch.fr\/fr\/wp-json\/wp\/v2\/users\/2"}],"replies":[{"embeddable":true,"href":"https:\/\/rusoch.fr\/fr\/wp-json\/wp\/v2\/comments?post=205300"}],"version-history":[{"count":0,"href":"https:\/\/rusoch.fr\/fr\/wp-json\/wp\/v2\/posts\/205300\/revisions"}],"wp:featuredmedia":[{"embeddable":true,"href":"https:\/\/rusoch.fr\/fr\/wp-json\/wp\/v2\/media\/205301"}],"wp:attachment":[{"href":"https:\/\/rusoch.fr\/fr\/wp-json\/wp\/v2\/media?parent=205300"}],"wp:term":[{"taxonomy":"category","embeddable":true,"href":"https:\/\/rusoch.fr\/fr\/wp-json\/wp\/v2\/categories?post=205300"},{"taxonomy":"post_tag","embeddable":true,"href":"https:\/\/rusoch.fr\/fr\/wp-json\/wp\/v2\/tags?post=205300"}],"curies":[{"name":"wp","href":"https:\/\/api.w.org\/{rel}","templated":true}]}}