{"id":205420,"date":"2016-05-07T00:44:58","date_gmt":"2016-05-06T23:44:58","guid":{"rendered":"http:\/\/rusoch.fr\/?p=205420"},"modified":"2021-03-07T14:25:47","modified_gmt":"2021-03-07T13:25:47","slug":"205420","status":"publish","type":"post","link":"https:\/\/rusoch.fr\/fr\/temoin\/205420.html","title":{"rendered":" Vers le jour de la Victoire"},"content":{"rendered":"<div class=\"hidden_text\">\u041f\u0440\u043e\u0448\u0435\u043b \u043f\u043e\u0447\u0442\u0438 \u0433\u043e\u0434, \u0441 \u0442\u043e\u0433\u043e \u0434\u043d\u044f, \u043a\u043e\u0433\u0434\u0430 \u0432 <a href=\"http:\/\/rusoch.fr\/lang\/ru\/tour\/normandiya-neman-propisalas-v-burzhe.html\">\u041c\u0443\u0437\u0435\u0435 \u0430\u0432\u0438\u0430\u0446\u0438\u0438 \u0438 \u043a\u043e\u0441\u043c\u043e\u043d\u0430\u0432\u0442\u0438\u043a\u0438 <\/a>\u0432 \u041b\u0435 \u0411\u0443\u0440\u0436\u0435 \u043e\u0442\u043a\u0440\u044b\u043b\u0441\u044f \u0437\u0430\u043b, \u043f\u043e\u0441\u0432\u044f\u0449\u0435\u043d\u043d\u044b\u0439 \u043b\u0435\u0433\u0435\u043d\u0434\u0430\u0440\u043d\u043e\u0439 \u044d\u0441\u043a\u0430\u0434\u0440\u0438\u043b\u044c\u0435 <strong>\u00ab\u00a0\u041d\u043e\u0440\u043c\u0430\u043d\u0434\u0438\u044f-\u041d\u0435\u043c\u0430\u043d\u00bb<\/strong>.<\/p>\n\u0418\u0441\u0442\u043e\u0440\u0438\u044f \u044d\u0441\u043a\u0430\u0434\u0440\u0438\u043b\u044c\u0438 \u2013 \u0441\u0442\u0440\u0430\u043d\u0438\u0446\u0430 \u0431\u043e\u0435\u0432\u043e\u0433\u043e \u0441\u043e\u0442\u0440\u0443\u0434\u043d\u0438\u0447\u0435\u0441\u0442\u0432\u0430 \u0424\u0440\u0430\u043d\u0446\u0438\u0438 \u0438 \u0420\u043e\u0441\u0441\u0438\u0438.<\/div>\n<\/p>\n<p>Presque un an s\u2019est \u00e9coul\u00e9 depuis l\u2019ouverture, <a href=\"http:\/\/rusoch.fr\/lang\/fr\/tour\/normandiya-neman-propisalas-v-burzhe.html\">au mus\u00e9e de l&#39;Air et de l&#39;Espace<\/a> du Bourget, d\u2019un espace consacr\u00e9 \u00e0 la l\u00e9gendaire escadrille <strong>\u00ab Normandie-Niemen \u00bb<\/strong>.<br \/>\nL\u2019histoire de cette escadrille marque une page de la coop\u00e9ration militaire entre la France et la Russie.<\/p>\n<p><iframe title=\"\u041d\u043e\u0440\u043c\u0430\u043d\u0434\u0438\u044f \u041d\u0435\u043c\u0430\u043d | Normandie Nieman au  mus\u00e9e\" width=\"640\" height=\"360\" src=\"https:\/\/www.youtube.com\/embed\/Jzv3Y8EibiU?feature=oembed\" frameborder=\"0\" allow=\"accelerometer; autoplay; clipboard-write; encrypted-media; gyroscope; picture-in-picture\" allowfullscreen><\/iframe><\/p>\n<div class=\"hidden_text\">\u041d\u0430\u043a\u0430\u043d\u0443\u043d\u0435 \u0432\u0435\u043b\u0438\u043a\u043e\u0433\u043e \u0414\u043d\u044f \u041f\u043e\u0431\u0435\u0434\u044b, \u043a\u0430\u043a \u043d\u0438\u043a\u043e\u0433\u0434\u0430 \u0445\u043e\u0447\u0435\u0442\u0441\u044f \u043f\u043e\u0436\u0435\u043b\u0430\u0442\u044c, \u0447\u0442\u043e\u0431\u044b \u043e\u0442\u043d\u043e\u0448\u0435\u043d\u0438\u044f \u043d\u0430\u0448\u0438\u0445 \u0441\u0442\u0440\u0430\u043d \u0440\u0430\u0437\u0432\u0438\u0432\u0430\u043b\u0438\u0441\u044c \u0442\u043e\u043b\u044c\u043a\u043e \u0432 \u0440\u0443\u0441\u043b\u0435 \u043c\u0438\u0440\u043d\u043e\u0433\u043e \u0441\u0446\u0435\u043d\u0430\u0440\u0438\u044f, \u043f\u043e\u0434 \u043d\u0435\u0431\u043e\u043c \u0433\u043e\u043b\u0443\u0431\u044b\u043c.<\/div>\n<p>\n\u00c0 la veille du jour de la Victoire, nous souhaitons, plus que jamais, que les relations entre nos deux pays se d\u00e9veloppent seulement sous le signe de la paix, sous un ciel sans nuages.<\/p>\n<p>Vid\u00e9o David Guessel<\/p>\n","protected":false},"excerpt":{"rendered":"<p>\u00c0 la veille du jour de la Victoire, nous souhaitons, plus que jamais, que les relations entre nos deux pays\u2026<\/p>\n","protected":false},"author":2,"featured_media":221580,"comment_status":"open","ping_status":"open","sticky":false,"template":"","format":"standard","meta":[],"categories":[1899],"tags":[2594,579],"aioseo_notices":[],"_links":{"self":[{"href":"https:\/\/rusoch.fr\/fr\/wp-json\/wp\/v2\/posts\/205420"}],"collection":[{"href":"https:\/\/rusoch.fr\/fr\/wp-json\/wp\/v2\/posts"}],"about":[{"href":"https:\/\/rusoch.fr\/fr\/wp-json\/wp\/v2\/types\/post"}],"author":[{"embeddable":true,"href":"https:\/\/rusoch.fr\/fr\/wp-json\/wp\/v2\/users\/2"}],"replies":[{"embeddable":true,"href":"https:\/\/rusoch.fr\/fr\/wp-json\/wp\/v2\/comments?post=205420"}],"version-history":[{"count":1,"href":"https:\/\/rusoch.fr\/fr\/wp-json\/wp\/v2\/posts\/205420\/revisions"}],"predecessor-version":[{"id":221581,"href":"https:\/\/rusoch.fr\/fr\/wp-json\/wp\/v2\/posts\/205420\/revisions\/221581"}],"wp:featuredmedia":[{"embeddable":true,"href":"https:\/\/rusoch.fr\/fr\/wp-json\/wp\/v2\/media\/221580"}],"wp:attachment":[{"href":"https:\/\/rusoch.fr\/fr\/wp-json\/wp\/v2\/media?parent=205420"}],"wp:term":[{"taxonomy":"category","embeddable":true,"href":"https:\/\/rusoch.fr\/fr\/wp-json\/wp\/v2\/categories?post=205420"},{"taxonomy":"post_tag","embeddable":true,"href":"https:\/\/rusoch.fr\/fr\/wp-json\/wp\/v2\/tags?post=205420"}],"curies":[{"name":"wp","href":"https:\/\/api.w.org\/{rel}","templated":true}]}}