{"id":205696,"date":"2016-05-06T08:22:42","date_gmt":"2016-05-06T07:22:42","guid":{"rendered":"http:\/\/rusoch.fr\/?p=205696"},"modified":"2016-05-06T09:32:46","modified_gmt":"2016-05-06T08:32:46","slug":"mitingi-i-shestviya-v-chest-dnya-pobedy-vo-francii-le-rassemblement-et-la-marche-le-8-mai-en-france","status":"publish","type":"post","link":"https:\/\/rusoch.fr\/fr\/guests\/mitingi-i-shestviya-v-chest-dnya-pobedy-vo-francii-le-rassemblement-et-la-marche-le-8-mai-en-france.html","title":{"rendered":" Le rassemblement et la marche le 8 mai en France"},"content":{"rendered":"\n<div class=\"hidden_text\">\u0423\u0432\u0430\u0436\u0430\u0435\u043c\u044b\u0435 \u0434\u0440\u0443\u0437\u044c\u044f.<br \/>\n\u041f\u0440\u0438\u0433\u043b\u0430\u0448\u0430\u0435\u043c \u0432\u0430\u0441 8 \u043c\u0430\u044f \u043d\u0430 \u043c\u0438\u0442\u0438\u043d\u0433\u0438 \u0438 \u0448\u0435\u0441\u0442\u0432\u0438\u044f, \u043f\u043e\u0441\u0432\u044f\u0449\u0435\u043d\u043d\u044b\u0435 \u0414\u043d\u044e \u041f\u043e\u0431\u0435\u0434\u044b \u0432 \u0412\u0435\u043b\u0438\u043a\u043e\u0439 \u041e\u0442\u0435\u0447\u0435\u0441\u0442\u0432\u0435\u043d\u043d\u043e\u0439 \u0432\u043e\u0439\u043d\u0435. \u041c\u044b \u0445\u043e\u0442\u0438\u043c \u043f\u043e\u0447\u0442\u0438\u0442\u044c \u043f\u0430\u043c\u044f\u0442\u044c \u043d\u0430\u0448\u0438\u0445 \u0441\u043e\u043b\u0434\u0430\u0442, \u043f\u043e\u0433\u0438\u0431\u0448\u0438\u0445 \u043d\u0430 \u0432\u043e\u0439\u043d\u0435, \u043f\u043e\u0447\u0442\u0438\u0442\u044c \u043f\u0430\u043c\u044f\u0442\u044c \u0432\u0441\u0435\u0445 \u0436\u0435\u0440\u0442\u0432 \u043d\u0430\u0446\u0438\u0437\u043c\u0430; \u0432\u044b\u0441\u0442\u0443\u043f\u0438\u0442\u044c \u043f\u0440\u043e\u0442\u0438\u0432 \u0443\u0433\u0440\u043e\u0437\u044b \u043d\u043e\u0432\u044b\u0445 \u0432\u043e\u0439\u043d \u0438 \u0432\u043e\u0437\u0440\u043e\u0436\u0434\u0435\u043d\u0438\u044f \u0447\u0435\u043b\u043e\u0432\u0435\u043a\u043e\u043d\u0435\u043d\u0430\u0432\u0438\u0441\u0442\u043d\u0438\u0447\u0435\u0441\u043a\u0438\u0445 \u0438\u0434\u0435\u043e\u043b\u043e\u0433\u0438\u0439.<\/div>\n<p>\nMesdames, Messieurs,<br \/>\nVoici l&#39;information sur le rassemblement et la marche que la communaut\u00e9 russophone de France organise le 8 mai \u00e0 Paris.<!--more--><\/p>\n<p><div id=\"attachment_205697\" style=\"width: 578px\" class=\"wp-caption alignnone\"><a href=\"http:\/\/rusoch.fr\/files\/2016\/05\/IMG_6562.jpg\" rel=\"attachment wp-att-205697\"><img aria-describedby=\"caption-attachment-205697\" loading=\"lazy\" class=\"wp-image-205697 size-medium\" src=\"http:\/\/rusoch.fr\/files\/2016\/05\/IMG_6562-568x379.jpg\" alt=\"\" width=\"568\" height=\"379\" srcset=\"https:\/\/rusoch.fr\/files\/2016\/05\/IMG_6562-568x379.jpg 568w, https:\/\/rusoch.fr\/files\/2016\/05\/IMG_6562-768x512.jpg 768w, https:\/\/rusoch.fr\/files\/2016\/05\/IMG_6562-600x400.jpg 600w, https:\/\/rusoch.fr\/files\/2016\/05\/IMG_6562.jpg 1000w\" sizes=\"(max-width: 568px) 100vw, 568px\" \/><\/a><p id=\"caption-attachment-205697\" class=\"wp-caption-text\">\u041a\u043e\u043d\u0446\u0435\u0440\u0442 \u0432 \u0447\u0435\u0441\u0442\u044c \u041f\u043e\u0431\u0435\u0434\u044b \u0432 \u041f\u0430\u0440\u0438\u0436\u0435, 2015 \u0433. \u0424\u0440\u0430\u043d\u0446\u0443\u0437\u0441\u043a\u0430\u044f \u0430\u0441\u0441\u043e\u0446\u0438\u0430\u0446\u0438\u044f &laquo;\u041d\u0430 \u0437\u0430\u043f\u0430\u0434&raquo;.| Le concert du 9 mai \u00e0 Paris en 2015. l&#39;association &laquo;A l&#39;ouest&raquo; Photo: Boris Guessel<\/p><\/div><\/p>\n<div class=\"hidden_text\"><strong>\u041c\u0438\u0442\u0438\u043d\u0433 \u0438 \u0448\u0435\u0441\u0442\u0432\u0438\u0435 \u0432 \u041f\u0430\u0440\u0438\u0436\u0435, 8 \u043c\u0430\u044f.<br \/>\n<\/strong><br \/>\n\u041f\u0440\u043e\u0433\u0440\u0430\u043c\u043c\u0430: 12.30 \u043c\u0438\u0442\u0438\u043d\u0433 \u0438 \u043a\u043e\u043d\u0446\u0435\u0440\u0442 \u043d\u0430 \u043f\u043b\u043e\u0449\u0430\u0434\u0438 \u0411\u0430\u0441\u0442\u0438\u043b\u0438\u0438, \u0437\u0430\u0442\u0435\u043c \u0432 14.30 \u043e\u0442\u043f\u0440\u0430\u0432\u043b\u0435\u043d\u0438\u0435 \u043d\u0430 \u043a\u043b\u0430\u0434\u0431\u0438\u0449\u0435 P\u00e8re-Lachaise \u0438 \u0432\u043e\u0437\u043b\u043e\u0436\u0435\u043d\u0438\u0435 \u0446\u0432\u0435\u0442\u043e\u0432 \u043a \u043f\u0430\u043c\u044f\u0442\u043d\u0438\u043a\u0443 \u0441\u043e\u0432\u0435\u0442\u0441\u043a\u0438\u043c \u0431\u043e\u0439\u0446\u0430\u043c \u0421\u043e\u043f\u0440\u043e\u0442\u0438\u0432\u043b\u0435\u043d\u0438\u044f. \u041c\u044b \u0432\u0438\u0434\u0438\u043c \u043d\u0430\u0448\u0438 \u043c\u0438\u0442\u0438\u043d\u0433 \u0438 \u0448\u0435\u0441\u0442\u0432\u0438\u0435 \u043a\u0430\u043a \u043f\u0440\u043e\u0434\u043e\u043b\u0436\u0435\u043d\u0438\u0435 \u043d\u0430\u0440\u043e\u0434\u043d\u043e\u0433\u043e \u043c\u0430\u0440\u0448\u0430 &laquo;\u0411\u0435\u0441\u0441\u043c\u0435\u0440\u0442\u043d\u044b\u0439 \u043f\u043e\u043b\u043a&raquo;, \u043a\u043e\u0442\u043e\u0440\u044b\u0439 \u043d\u0430\u0447\u043d\u0435\u0442\u0441\u044f 8 \u043c\u0430\u044f (\u043f\u043e \u043f\u0430\u0440\u0438\u0436\u0441\u043a\u043e\u043c\u0443 \u0432\u0440\u0435\u043c\u0435\u043d\u0438) \u0441 \u0440\u043e\u0441\u0441\u0438\u0439\u0441\u043a\u043e\u0433\u043e \u0414\u0430\u043b\u044c\u043d\u0435\u0433\u043e \u0412\u043e\u0441\u0442\u043e\u043a\u0430. \u041c\u044b \u043f\u0440\u0435\u0434\u043b\u0430\u0433\u0430\u0435\u043c \u0432\u0437\u044f\u0442\u044c \u0441 \u0441\u043e\u0431\u043e\u0439 \u043f\u043e\u0440\u0442\u0440\u0435\u0442\u044b \u0432\u043e\u0435\u0432\u0430\u0432\u0448\u0438\u0445 \u0438\u043b\u0438 \u043f\u0435\u0440\u0435\u0436\u0438\u0432\u0448\u0438\u0445 \u0432\u043e\u0439\u043d\u0443 \u0440\u043e\u0434\u0441\u0442\u0432\u0435\u043d\u043d\u0438\u043a\u043e\u0432 \u0438\u043b\u0438 \u043b\u044e\u0434\u0435\u0439, \u0447\u044c\u0438 \u0438\u043c\u0435\u043d\u0430 \u043d\u0430\u043c \u0434\u043e\u0440\u043e\u0433\u0438.<\/p>\n<p>\u041e\u0440\u0433\u0430\u043d\u0438\u0437\u0430\u0442\u043e\u0440\u044b: \u0430\u043a\u0442\u0438\u0432\u0438\u0441\u0442\u044b \u0440\u0443\u0441\u0441\u043a\u043e\u044f\u0437\u044b\u0447\u043d\u043e\u0439 \u043e\u0431\u0449\u0438\u043d\u044b \u0424\u0440\u0430\u043d\u0446\u0438\u0438 \u043f\u0440\u0438 \u043f\u043e\u0434\u0434\u0435\u0440\u0436\u043a\u0435 \u043a\u043e\u043b\u043b\u0435\u043a\u0442\u0438\u0432\u0430 &laquo;\u0420\u043e\u0441\u0441\u0438\u044f-\u0424\u0440\u0430\u043d\u0446\u0438\u044f: \u043e\u0431\u0449\u0430\u044f \u043f\u0430\u043c\u044f\u0442\u044c&raquo;, \u0413\u0440\u0430\u0436\u0434\u0430\u043d\u0441\u043a\u043e\u0433\u043e \u043a\u043e\u043b\u043b\u0435\u043a\u0442\u0438\u0432\u0430 \u0437\u0430 \u043c\u0438\u0440, \u0441\u0435\u0442\u0438 &laquo;\u0420\u043e\u0441\u0441\u0438\u044f-\u0424\u0440\u0430\u043d\u0446\u0438\u044f: \u0421\u043a\u043e\u0440\u0430\u044f \u043f\u043e\u043c\u043e\u0449\u044c&raquo;<\/p>\n<p>https:\/\/www.facebook.com\/groups\/rus.fr.secours.<br \/>\nFacebook : https:\/\/www.facebook.com\/events\/1267463826617131\/<br \/>\n\u041e\u0440\u0433\u043a\u043e\u043c\u0438\u0442\u0435\u0442: 07.70.33. 89. 73<\/p>\n<p><strong>\u041c\u0438\u0442\u0438\u043d\u0433 \u0438 \u0448\u0435\u0441\u0442\u0432\u0438\u0435 \u00ab\u0411\u0435\u0441\u0441\u043c\u0435\u0440\u0442\u043d\u044b\u0439 \u043f\u043e\u043b\u043a\u00bb \u0432 \u0421\u0442\u0440\u0430\u0441\u0431\u0443\u0440\u0433\u0435, 8 \u043c\u0430\u044f.<br \/>\n<\/strong><br \/>\n\u0421\u0431\u043e\u0440: place de Vologda \u0432 10.00.<br \/>\n\u041e\u0440\u0433\u043a\u043e\u043c\u0438\u0442\u0435\u0442: 06.95.72.42.27.<br \/>\nhttps:\/\/www.facebook.com\/groups\/regimentimmortelstrasbourg\/<\/p>\n<p><strong>\u041c\u0438\u0442\u0438\u043d\u0433 \u0438 \u0448\u0435\u0441\u0442\u0432\u0438\u0435 \u00ab\u0411\u0435\u0441\u0441\u043c\u0435\u0440\u0442\u043d\u044b\u0439 \u043f\u043e\u043b\u043a\u00bb \u0432 \u041c\u043e\u043d\u043f\u0435\u043b\u044c\u0435, 8 \u043c\u0430\u044f.<br \/>\n<\/strong><br \/>\n\u041d\u0430\u0447\u0430\u043b\u043e \u0448\u0435\u0441\u0442\u0432\u0438\u044f \u0432 08.15 \u0447\u0430\u0441\u043e\u0432 \u043e\u0442 \u0437\u0434\u0430\u043d\u0438\u044f \u041e\u043f\u0435\u0440\u044b \u043d\u0430 \u041f\u043b\u043e\u0449\u0430\u0434\u0438 \u041a\u043e\u043c\u0435\u0434\u0438. \u0417\u0430\u0432\u0435\u0440\u0448\u0435\u043d\u0438\u0435 \u0432 08.45 \u0447\u0430\u0441\u043e\u0432 \u043d\u0430 All\u00e9e Jean de Lattre de Tassigny, \u043e\u043a\u043e\u043b\u043e \u0411\u0435\u0441\u0435\u0434\u043a\u0438 \u0440\u044f\u0434\u043e\u043c \u0441 \u041f\u0430\u0432\u0438\u043b\u044c\u043e\u043d\u043e\u043c \u043c\u0443\u0437\u0435\u044f \u0424\u0430\u0431\u0440. 08.45 \u2013 \u0423\u0447\u0430\u0441\u0442\u043d\u0438\u043a\u0438 \u0448\u0435\u0441\u0442\u0432\u0438\u044f \u0411\u0435\u0441\u0441\u043c\u0435\u0440\u0442\u043d\u043e\u0433\u043e \u041f\u043e\u043b\u043a\u0430 \u0432\u0441\u0442\u0440\u0435\u0447\u0430\u044e\u0442\u0441\u044f \u0441 \u043c\u044d\u0440\u043e\u043c \u0433\u043e\u0440\u043e\u0434\u0430 \u041c\u043e\u043d\u043f\u0435\u043b\u044c\u0435 \u0438 \u043f\u0440\u0435\u0444\u0435\u043a\u0442\u043e\u043c \u0438 \u043d\u0430\u043f\u0440\u0430\u0432\u043b\u044f\u044e\u0442\u0441\u044f \u043a \u043c\u043e\u043d\u0443\u043c\u0435\u043d\u0442\u0443 \u0434\u043b\u044f \u0432\u043e\u0437\u043b\u043e\u0436\u0435\u043d\u0438\u044f \u0432\u0435\u043d\u043a\u043e\u0432. 09.00\u2013 \u0412\u043e\u0437\u043b\u043e\u0436\u0435\u043d\u0438\u0435 \u0432\u0435\u043d\u043a\u043e\u0432. \u041e\u0444\u0438\u0446\u0438\u0430\u043b\u044c\u043d\u0430\u044f \u0446\u0435\u0440\u0435\u043c\u043e\u043d\u0438\u044f. 10.00\u2013 \u041a\u043e\u043d\u0446\u0435\u0440\u0442 \u0433\u0440\u0443\u043f\u043f\u044b \u00ab\u041e\u0414\u0415\u0421\u0421\u0410\u00bb, \u043f\u0435\u0441\u043d\u0438 \u0432\u043e\u0435\u043d\u043d\u044b\u0445 \u043b\u0435\u0442 \u043d\u0430 \u0440\u0443\u0441\u0441\u043a\u043e\u043c \u044f\u0437\u044b\u043a\u0435.<\/p>\n\u041e\u0440\u0433\u043a\u043e\u043c\u0438\u0442\u0435\u0442: iaratam@yahoo.fr 06 14 69 72 63.<br \/>\nhttps:\/\/www.facebook.com\/events\/216089988773347\/<\/div>\n<p>Nous souhaitons honorer la m\u00e9moire des soldats sovi\u00e9tiques, des r\u00e9sistants et des soldats alli\u00e9s morts au combat contre le nazisme ainsi que celle de toutes les victimes du nazisme.<br \/>\nNous voulons nous \u00e9lever contre la r\u00e9surgence d\u2019id\u00e9ologies porteuses de haine et l\u2019\u00e9closion de nouveaux conflits militaires lourds de menaces.<br \/>\nNous serons ravis de vous voir parmi nous.<br \/>\nGueorgui Chepelev, comit\u00e9 d&#39;organisation du rassemblement du 8 mai \u00e0 Paris<\/p>\n<p><strong> Rassemblement et marche \u00ab R\u00e9giment immortel \u00bb \u00e0 Paris, le 8 mai<br \/>\n<\/strong><br \/>\nProgramme : 12h30 rassemblement et concert sur la place de la Bastille, puis vers 14h30 d\u00e9part en direction du cimeti\u00e8re du P\u00e8re-Lachaise et d\u00e9p\u00f4t de fleurs au monument aux combattants sovi\u00e9tiques de la R\u00e9sistance fran\u00e7aise.<br \/>\nNotre action fait \u00e9cho aux initiatives populaires \u00ab R\u00e9giment immortel \u00bb qui d\u00e9marrent par l\u2019Extr\u00eame-Orient en Russie d\u00e8s le 8 mai (heure fran\u00e7aise). Nous vous invitons \u00e0 apporter les portraits de parents ou bien d\u2019\u00eatres chers qui ont combattu ou connu la guerre.<\/p>\n<p>Organisateurs : collectif \u00ab Russie-France : m\u00e9moire commune \u00bb , Collectif citoyen pour la paix , r\u00e9seau \u00abFrance\u2013Russie : secours d\u2019urgence \u00bb https:\/\/www.facebook.com\/groups\/rus.fr.secours.<br \/>\nFacebook : https:\/\/www.facebook.com\/events\/1267463826617131\/<br \/>\nOrganisation : 07.70.33. 89. 73<\/p>\n<p><strong>Rassemblement et marche \u00ab R\u00e9giment immortel \u00bb \u00e0 Strasbourg, le 8 mai<br \/>\n<\/strong><br \/>\nPoint de rassemblement : place de Vologda \u00e0 10.00.<br \/>\nOrganisation : 06.95.72.42.27.<br \/>\nhttps:\/\/www.facebook.com\/groups\/regimentimmortelstrasbourg\/<\/p>\n<p><strong>Rassemblement et marche \u00ab R\u00e9giment immortel \u00bb \u00e0 Montpellier, le 8 mai<br \/>\n<\/strong><br \/>\nLe d\u00e9part de la marche est pr\u00e9vu \u00e0 8h15 de l\u2019Op\u00e9ra, place de la Com\u00e9die. L\u2019arriv\u00e9e pr\u00e9vue 8h45 All\u00e9e Jean de Lattre de Tassigny, pr\u00e8s de la pergola situ\u00e9e \u00e0 c\u00f4t\u00e9 du pavillon du mus\u00e9e Fabre. Les participants \u00e0 la marche \u00ab R\u00e9giment immortel \u00bb se joignent au maire de Montpellier et au pr\u00e9fet et se dirigent vers le monument pour la c\u00e9r\u00e9monie officielle du d\u00e9p\u00f4t de gerbe \u00e0 9 heures. \u00c0 10 heures le groupe \u00ab Odessa \u00bb interpr\u00e9tera en russe des chansons de l\u2019\u00e9poque de la Seconde guerre mondiale.<\/p>\n<p>Organisation : iaratam@yahoo.fr 06 14 69 72 63.<\/p>\n","protected":false},"excerpt":{"rendered":"<p>Mesdames, Messieurs, Voici l&#39;information sur le rassemblement et la marche que la communaut\u00e9 russophone de France organise le 8 mai\u2026<\/p>\n","protected":false},"author":2,"featured_media":205697,"comment_status":"open","ping_status":"open","sticky":false,"template":"","format":"standard","meta":[],"categories":[3],"tags":[],"aioseo_notices":[],"_links":{"self":[{"href":"https:\/\/rusoch.fr\/fr\/wp-json\/wp\/v2\/posts\/205696"}],"collection":[{"href":"https:\/\/rusoch.fr\/fr\/wp-json\/wp\/v2\/posts"}],"about":[{"href":"https:\/\/rusoch.fr\/fr\/wp-json\/wp\/v2\/types\/post"}],"author":[{"embeddable":true,"href":"https:\/\/rusoch.fr\/fr\/wp-json\/wp\/v2\/users\/2"}],"replies":[{"embeddable":true,"href":"https:\/\/rusoch.fr\/fr\/wp-json\/wp\/v2\/comments?post=205696"}],"version-history":[{"count":0,"href":"https:\/\/rusoch.fr\/fr\/wp-json\/wp\/v2\/posts\/205696\/revisions"}],"wp:featuredmedia":[{"embeddable":true,"href":"https:\/\/rusoch.fr\/fr\/wp-json\/wp\/v2\/media\/205697"}],"wp:attachment":[{"href":"https:\/\/rusoch.fr\/fr\/wp-json\/wp\/v2\/media?parent=205696"}],"wp:term":[{"taxonomy":"category","embeddable":true,"href":"https:\/\/rusoch.fr\/fr\/wp-json\/wp\/v2\/categories?post=205696"},{"taxonomy":"post_tag","embeddable":true,"href":"https:\/\/rusoch.fr\/fr\/wp-json\/wp\/v2\/tags?post=205696"}],"curies":[{"name":"wp","href":"https:\/\/api.w.org\/{rel}","templated":true}]}}