{"id":206097,"date":"2016-06-05T00:49:11","date_gmt":"2016-06-04T23:49:11","guid":{"rendered":"http:\/\/rusoch.fr\/?p=206097"},"modified":"2017-07-04T08:02:47","modified_gmt":"2017-07-04T07:02:47","slug":"dni-moskvy-v-parizhe","status":"publish","type":"post","link":"https:\/\/rusoch.fr\/fr\/guests\/dni-moskvy-v-parizhe.html","title":{"rendered":"Les \u00ab&nbsp;Journ\u00e9es de Moscou \u00e0 Paris&nbsp;\u00bb"},"content":{"rendered":"<p>Dans le cadre d&#39;une visite officielle dans la capitale fran\u00e7aise, le maire de Moscou <strong>Sergue\u00ef Sobianine<\/strong> a pris part aux <em>\u00ab\u00a0Journ\u00e9es de Moscou \u00e0 Paris\u00a0\u00bb q<\/em>ui se sont tenues du 2 au 4 juin dernier. Une visite ponctu\u00e9e de rencontres avec les d\u00e9put\u00e9s et s\u00e9nateurs fran\u00e7ais, les hauts fonctionnaires de la ville de Paris et d&#39;\u00cele-de-France sans oublier les chefs d&#39;entreprises fran\u00e7ais.<!--more--><\/p>\n<p><div id=\"attachment_206101\" style=\"width: 606px\" class=\"wp-caption alignnone\"><a href=\"http:\/\/rusoch.fr\/files\/2016\/06\/WP_20160603_14_21_00_Pro-1.jpg\" rel=\"attachment wp-att-206101\"><img aria-describedby=\"caption-attachment-206101\" loading=\"lazy\" class=\"wp-image-206101 size-medium\" src=\"http:\/\/rusoch.fr\/files\/2016\/06\/WP_20160603_14_21_00_Pro-1-596x336.jpg\" alt=\"\" width=\"596\" height=\"336\" srcset=\"https:\/\/rusoch.fr\/files\/2016\/06\/WP_20160603_14_21_00_Pro-1-596x336.jpg 596w, https:\/\/rusoch.fr\/files\/2016\/06\/WP_20160603_14_21_00_Pro-1-768x432.jpg 768w, https:\/\/rusoch.fr\/files\/2016\/06\/WP_20160603_14_21_00_Pro-1-600x338.jpg 600w, https:\/\/rusoch.fr\/files\/2016\/06\/WP_20160603_14_21_00_Pro-1.jpg 1000w\" sizes=\"(max-width: 596px) 100vw, 596px\" \/><\/a><p id=\"caption-attachment-206101\" class=\"wp-caption-text\">Cr\u00e9dit: Ekaterina Gadal<\/p><\/div><\/p>\n<p>La matin\u00e9e du vendredi 3 juin a commenc\u00e9 pour<em> Sergue\u00ef Sobianine<\/em> par les n\u00e9gociations d&#39;un programme de coop\u00e9ration avec la maire de Paris <strong>Anne Hidalgo\u00a0<\/strong>et s&#39;est conclue par un accord sign\u00e9.<br \/>\nL&#39;apr\u00e8s-midi fut consacr\u00e9e \u00e0 l&#39;\u00e9v\u00e9nement majeur de la rencontre organis\u00e9e \u00e0 la Chambre du Commerce et d&#39;Industrie de Paris : la session pl\u00e9ni\u00e8re du forum sur la coop\u00e9ration \u00e9conomique entre les deux capitales, une conf\u00e9rence intitul\u00e9e &laquo;grand Moscou-grand Paris&raquo;.<br \/>\nLes axes principaux de cette conf\u00e9rence ont \u00e9t\u00e9 annonc\u00e9s par le pr\u00e9sident de la CCI <strong>Jean-Paul Verm\u00e8s<\/strong> et le ministre de Moscou <strong>Sergue\u00ef Tcheremine<\/strong>, mod\u00e9rateur du premier volet intitul\u00e9 <em>\u00ab\u00a0r\u00e9sultats d<\/em><em>es projets Grand Moscou-grand Paris\u00a0\u00bb.<\/em>L&#39;Ambassadeur de Russie<strong> Alexandre Orlov<\/strong> a profit\u00e9 de la rencontre pour exprimer sa gratitude envers les entreprises fran\u00e7aises qui n&#39;ont pas d\u00e9sert\u00e9 le march\u00e9 russe en d\u00e9pit des sanctions et a rappel\u00e9 \u00e0 l&#39;auditoire que la France occupe la premi\u00e8re place en Russieen terme d&#39;investissements \u00e9trangers.<\/p>\n<p><div id=\"attachment_206104\" style=\"width: 223px\" class=\"wp-caption alignnone\"><a href=\"http:\/\/rusoch.fr\/files\/2016\/06\/WP_20160603_14_31_28_Pro.jpg\" rel=\"attachment wp-att-206104\"><img aria-describedby=\"caption-attachment-206104\" loading=\"lazy\" class=\"wp-image-206104 size-medium\" src=\"http:\/\/rusoch.fr\/files\/2016\/06\/WP_20160603_14_31_28_Pro-213x379.jpg\" alt=\"\" width=\"213\" height=\"379\" srcset=\"https:\/\/rusoch.fr\/files\/2016\/06\/WP_20160603_14_31_28_Pro-213x379.jpg 213w, https:\/\/rusoch.fr\/files\/2016\/06\/WP_20160603_14_31_28_Pro-768x1366.jpg 768w, https:\/\/rusoch.fr\/files\/2016\/06\/WP_20160603_14_31_28_Pro-225x400.jpg 225w, https:\/\/rusoch.fr\/files\/2016\/06\/WP_20160603_14_31_28_Pro-600x1067.jpg 600w, https:\/\/rusoch.fr\/files\/2016\/06\/WP_20160603_14_31_28_Pro.jpg 1000w\" sizes=\"(max-width: 213px) 100vw, 213px\" \/><\/a><p id=\"caption-attachment-206104\" class=\"wp-caption-text\">Cr\u00e9dit: Ekaterina Gadal<\/p><\/div><\/p>\n<p>&nbsp;<\/p>\n<p><span lang=\"fr-FR\">Profitant du premier volet de la conf\u00e9rence, le maire de Moscou a insist\u00e9 aupr\u00e8s des participants sur l&#39;int\u00e9r\u00eat des investissements en Russie, favoris\u00e9s par la conjoncture actuelle et le cours du rouble en baisse qui ont r\u00e9duit les co\u00fbts pour les \u00e9trangers de plus d&#39;un tiers.<\/span><\/p>\n<p><span lang=\"fr-FR\">\u00ab\u00a0La ville de Moscou repr\u00e9sente le principal march\u00e9 de Russie dans tous les secteurs du commerce, il compte 25 millions de consommateurs et se d\u00e9veloppe \u00e0 vive allure. Parmi les secteurs particuli\u00e8rement dynamiques, citons la pharmacie et le tourisme. La demande en m\u00e9dicaments augmente sensiblement, la ville se dote de plus en plus d&#39;\u00e9quipements m\u00e9dicaux. Nous construisons de nouveaux h\u00f4tels pour accueillir les touristes \u00e9trangers dont l&#39;afflux est favoris\u00e9 par les variations du cours du rouble. De plus, Moscou organise de nombreux \u00e9v\u00e9nements int\u00e9ressants qui attirent tant les touristes russes que les \u00e9trangers \u00bb. L&#39;am\u00e9nagement du territoire de Moscou a lieu simultan\u00e9ment : le quart des investissements va \u00e0 la r\u00e9novation des zones industrielles. L&#39;ach\u00e8vement cette ann\u00e9e du m\u00e9ga-projet de construction d&#39;une voie ferr\u00e9e en p\u00e9riph\u00e9rie de la ville, chantier d&#39;envergure, donnera encore une impulsion au d\u00e9veloppement de la capitale. Selon le maire de la ville, \u00ab\u00a0Moscou r\u00e9pond g\u00e9n\u00e9reusement \u00e0 la demande des usagers des transports et \u00e0 celle des constructeurs en faisant l&#39;acquisition de rames de m\u00e9tro, de tramways et d&#39;autobus \u00bb<\/span><\/p>\n<blockquote>\n<p>\u00ab\u00a0On me pose souvent la question de l&#39;acc\u00e8s aux produits alimentaires. Concernant ce point, je r\u00e9ponds qu&#39;\u00e0 Moscou il n&#39;y a aucun probl\u00e8me. Malheureusement, les entreprises fran\u00e7aises perdent leurs parts march\u00e9 \u00e0 cause des sanctions, notre ville se tourne vers la production domestique et fait appel \u00e0 des fournisseurs issus d&#39;autres r\u00e9gions\u00a0\u00bb.<\/p>\n<\/blockquote>\n<p>Lors de la conf\u00e9rence, le directeur du projet <em>\u00ab\u00a0Grand Paris\u00a0\u00bb<\/em> <strong>Maurice Leroy<\/strong> a \u00e9galement d\u00e9taill\u00e9 les travaux pr\u00e9vus pour la capitale fran\u00e7aise. L&#39;initiative pr\u00e9voit le r\u00e9am\u00e9nagement de l&#39;ensemble du \u00ab\u00a0territoire de la capitale\u00a0\u00bb ainsi que la cr\u00e9ation d&#39;un m\u00e9canisme de gestion unifi\u00e9. \u00c0 la diff\u00e9rence du projet <em>\u00ab\u00a0Grand Moscou \u00bb<\/em> , les projets pour Paris n&#39;en sont qu&#39;\u00e0 leurs d\u00e9buts et ne seront concr\u00e9tis\u00e9s qu&#39;\u00e0 l&#39;horizon 2030. Ils repr\u00e9sentent un investissement d&#39;environ 30 milliards d&#39;euros et permettront \u00e0 la capitale de cr\u00e9er pr\u00e8s d&#39;un million d&#39;emplois, l&#39;engagement actuel pour d\u00e9velopper la m\u00e9galopole est donc un investissement sur l&#39;avenir.<br \/>\nLa conf\u00e9rence fut \u00e9galement l&#39;occasion pour la pr\u00e9sidente de la conf\u00e9d\u00e9ration moscovite des industriels et des chefs d&#39;entreprise<strong> Elena Panina<\/strong> et le pr\u00e9sident d&#39;Alstom Russie-Bi\u00e9lorussie-Ukraine<strong> Philippe Pegorier<\/strong> d&#39;\u00e9voquer la place des contrats commerciaux dans ces deux grands projets.<br \/>\n<em>Sergue\u00ef Sobianine<\/em> a quitt\u00e9 la conf\u00e9rence apr\u00e8s la premi\u00e8re partie pour une rencontre pr\u00e9vue avec la pr\u00e9sidente de la r\u00e9gion \u00cele-de-France <strong>Val\u00e9rie Pecresse<\/strong>. Le reste de la conf\u00e9rence fut consacr\u00e9 \u00e0 des th\u00e8mes importants pour les deux villes comme l&#39;\u00e9cologie.<br \/>\nLes <em>\u00ab\u00a0journ\u00e9es de Moscou \u00e0 Paris\u00a0\u00bb<\/em> ont \u00e9t\u00e9 conclues par un concert donn\u00e9 \u00e0 l&#39;Ambassade de Russie o\u00f9 se sont produits des groupes de musique russes, Le th\u00e9atre acad\u00e9mique national de danse \u00ab\u00a0Gjel\u00a0\u00bb et le groupe \u00ab\u00a0Quarto\u00a0\u00bb, pr\u00e9sent\u00e9s par <strong>Ilona Bronevitskaya<\/strong> dans un fran\u00e7ais parfait pour le plus grand plaisir des invit\u00e9s.<\/p>","protected":false},"excerpt":{"rendered":"<p>D\u00e9sol\u00e9, cet article est seulement disponible en Russe.<\/p>\n","protected":false},"author":2,"featured_media":206101,"comment_status":"open","ping_status":"open","sticky":false,"template":"","format":"standard","meta":[],"categories":[3],"tags":[2611,2610,2612,2609],"aioseo_notices":[],"_links":{"self":[{"href":"https:\/\/rusoch.fr\/fr\/wp-json\/wp\/v2\/posts\/206097"}],"collection":[{"href":"https:\/\/rusoch.fr\/fr\/wp-json\/wp\/v2\/posts"}],"about":[{"href":"https:\/\/rusoch.fr\/fr\/wp-json\/wp\/v2\/types\/post"}],"author":[{"embeddable":true,"href":"https:\/\/rusoch.fr\/fr\/wp-json\/wp\/v2\/users\/2"}],"replies":[{"embeddable":true,"href":"https:\/\/rusoch.fr\/fr\/wp-json\/wp\/v2\/comments?post=206097"}],"version-history":[{"count":0,"href":"https:\/\/rusoch.fr\/fr\/wp-json\/wp\/v2\/posts\/206097\/revisions"}],"wp:featuredmedia":[{"embeddable":true,"href":"https:\/\/rusoch.fr\/fr\/wp-json\/wp\/v2\/media\/206101"}],"wp:attachment":[{"href":"https:\/\/rusoch.fr\/fr\/wp-json\/wp\/v2\/media?parent=206097"}],"wp:term":[{"taxonomy":"category","embeddable":true,"href":"https:\/\/rusoch.fr\/fr\/wp-json\/wp\/v2\/categories?post=206097"},{"taxonomy":"post_tag","embeddable":true,"href":"https:\/\/rusoch.fr\/fr\/wp-json\/wp\/v2\/tags?post=206097"}],"curies":[{"name":"wp","href":"https:\/\/api.w.org\/{rel}","templated":true}]}}