{"id":20668,"date":"2014-11-16T00:53:01","date_gmt":"2014-11-15T23:53:01","guid":{"rendered":"http:\/\/rusoch.fr\/?p=20668"},"modified":"2022-05-13T10:57:24","modified_gmt":"2022-05-13T08:57:24","slug":"esli-arxitektura-zastyvshaya-muzyka-to-fondation-louis-vuitton-eto-dzhaz","status":"publish","type":"post","link":"https:\/\/rusoch.fr\/fr\/mond\/esli-arxitektura-zastyvshaya-muzyka-to-fondation-louis-vuitton-eto-dzhaz.html","title":{"rendered":"Si l\u2019architecture est une musique statique, celle de la Fondation Louis Vuitton serait du jazz\u2026\u0415\u0441\u043b\u0438 \u0430\u0440\u0445\u0438\u0442\u0435\u043a\u0442\u0443\u0440\u0430&nbsp;&mdash; \u0437\u0430\u0441\u0442\u044b\u0432\u0448\u0430\u044f \u043c\u0443\u0437\u044b\u043a\u0430, \u0442\u043e \u0424\u043e\u043d\u0434 \u041b\u0443\u0438 \u0412\u0438\u0442\u0442\u043e\u043d\u0430&nbsp;&mdash; \u044d\u0442\u043e \u0434\u0436\u0430\u0437 |Si l\u2019architecture est une musique statique, celle de la Fondation Louis Vuitton serait du jazz\u2026"},"content":{"rendered":"\n<div class=\"hidden_text\"><strong>\u0412 \u043a\u043e\u043d\u0446\u0435 \u043e\u043a\u0442\u044f\u0431\u0440\u044f \u0432 \u0441\u0442\u043e\u043b\u0438\u0446\u0435 \u0424\u0440\u0430\u043d\u0446\u0438\u0438 \u043f\u043e\u044f\u0432\u0438\u043b\u0441\u044f \u043d\u043e\u0432\u044b\u0439 \u0430\u0440\u0445\u0438\u0442\u0435\u043a\u0442\u0443\u0440\u043d\u044b\u0439 \u0448\u0435\u0434\u0435\u0432\u0440 \u0438 \u043e\u0434\u043d\u043e\u0432\u0440\u0435\u043c\u0435\u043d\u043d\u043e \u043d\u043e\u0432\u044b\u0439 \u043c\u0443\u0437\u0435\u0439 \u0441\u043e\u0432\u0440\u0435\u043c\u0435\u043d\u043d\u043e\u0433\u043e \u0438\u0441\u043a\u0443\u0441\u0441\u0442\u0432\u0430.<\/strong><\/div>\n<p>Fin octobre dans la capitale de la France, un nouveau chef-d\u2019\u0153uvre architectural \u2013 et par la m\u00eame occasion un nouveau mus\u00e9e d\u2019art contemporain \u2013 a fait son apparition.<\/p>\n<p><!--more--><\/p>\n<p><div id=\"attachment_20669\" style=\"width: 557px\" class=\"wp-caption alignnone\"><a href=\"http:\/\/rusoch.fr\/files\/2014\/11\/Fondation-Louis-Vuitton-_Y7M.jpg\"><img aria-describedby=\"caption-attachment-20669\" loading=\"lazy\" class=\"size-large wp-image-20669\" src=\"http:\/\/rusoch.fr\/files\/2014\/11\/Fondation-Louis-Vuitton-_Y7M-547x400.jpg\" alt=\"\" width=\"547\" height=\"400\" srcset=\"https:\/\/rusoch.fr\/files\/2014\/11\/Fondation-Louis-Vuitton-_Y7M-547x400.jpg 547w, https:\/\/rusoch.fr\/files\/2014\/11\/Fondation-Louis-Vuitton-_Y7M.jpg 900w\" sizes=\"(max-width: 547px) 100vw, 547px\" \/><\/a><p id=\"caption-attachment-20669\" class=\"wp-caption-text\">Fondation Louis Vuitton Photo:Vladimir Bazan<\/p><\/div><\/p>\n<div class=\"hidden_text\">\u0420\u0430\u0437\u043c\u0435\u0441\u0442\u0438\u043b\u043e\u0441\u044c &laquo;\u0421\u0442\u0435\u043a\u043b\u044f\u043d\u043d\u043e\u0435 \u043e\u0431\u043b\u0430\u043a\u043e&raquo;&nbsp;&mdash; \u0442\u0430\u043a \u043e\u043a\u0440\u0435\u0441\u0442\u0438\u043b \u0441\u0432\u043e\u0435 \u0434\u0435\u0442\u0438\u0449\u0435 \u043e\u0434\u0438\u043d \u0438\u0437 \u0441\u0430\u043c\u044b\u0445 \u0438\u0437\u0432\u0435\u0441\u0442\u043d\u044b\u0445 \u0430\u0440\u0445\u0438\u0442\u0435\u043a\u0442\u043e\u0440\u043e\u0432 \u0441\u043e\u0432\u0440\u0435\u043c\u0435\u043d\u043d\u043e\u0441\u0442\u0438 85 \u043b\u0435\u0442\u043d\u0438\u0439 \u0424\u0440\u044d\u043d\u043a \u0413\u0435\u0440\u0438, \u0432 \u0441\u0435\u0432\u0435\u0440\u043d\u043e\u0439 \u0447\u0430\u0441\u0442\u0438 \u0411\u0443\u043b\u043e\u043d\u0441\u043a\u043e\u0433\u043e \u043b\u0435\u0441\u0430.<\/div>\n<p>Le \u00ab\u00a0nuage de verre\u00a0\u00bb \u2013 comme l\u2019appelle son cr\u00e9ateur, Frank Gehry, l\u2019un des plus c\u00e9l\u00e8bres architectes de notre temps \u2013 s\u2019est implant\u00e9 dans la partie nord du bois de Boulogne.<\/p>\n<p><div id=\"attachment_20743\" style=\"width: 610px\" class=\"wp-caption alignnone\"><a href=\"http:\/\/rusoch.fr\/files\/2014\/11\/Fondation-Louis-Vuitton-2.jpg\"><img aria-describedby=\"caption-attachment-20743\" loading=\"lazy\" class=\" wp-image-20743\" src=\"http:\/\/rusoch.fr\/files\/2014\/11\/Fondation-Louis-Vuitton-2-600x362.jpg\" alt=\"\" width=\"600\" height=\"362\" srcset=\"https:\/\/rusoch.fr\/files\/2014\/11\/Fondation-Louis-Vuitton-2-600x362.jpg 600w, https:\/\/rusoch.fr\/files\/2014\/11\/Fondation-Louis-Vuitton-2.jpg 1324w\" sizes=\"(max-width: 600px) 100vw, 600px\" \/><\/a><p id=\"caption-attachment-20743\" class=\"wp-caption-text\">Fondation Louis Vuitton. Photo:Vladimir Bazan<\/p><\/div><\/p>\n<div class=\"hidden_text\">Fondation <a href=\"http:\/\/rusoch.fr\/cult\/chemodan-moej-mechty.html\">Louis Vuitton<\/a> \u00a0\u0441\u043e\u0437\u0434\u0430\u043d \u00a0\u0432 \u0441\u0442\u0438\u043b\u0435 \u043f\u043e\u0441\u0442\u043c\u043e\u0434\u0435\u0440\u043d\u0438\u0437\u043c\u0430 \u0438\u0437 \u0441\u0442\u0435\u043a\u043b\u0430, \u043c\u0435\u0442\u0430\u043b\u043b\u0430 \u0438 \u0431\u0435\u0442\u043e\u043d\u0430.<\/div>\n<p>Le \u00ab\u00a0nuage de verre\u00a0\u00bb \u2013 comme l\u2019appelle son cr\u00e9ateur, Frank Gehry, l\u2019un des plus c\u00e9l\u00e8bres architectes de notre temps \u2013 s\u2019est implant\u00e9 dans la partie nord du bois de Boulogne.<\/p>\n<p><div id=\"attachment_20744\" style=\"width: 339px\" class=\"wp-caption alignnone\"><a href=\"http:\/\/rusoch.fr\/files\/2014\/11\/Fondation-Louis-Vuitton-IMG_5009.jpg\"><img aria-describedby=\"caption-attachment-20744\" loading=\"lazy\" class=\"size-large wp-image-20744 \" src=\"http:\/\/rusoch.fr\/files\/2014\/11\/Fondation-Louis-Vuitton-IMG_5009-329x400.jpg\" alt=\"\" width=\"329\" height=\"400\" srcset=\"https:\/\/rusoch.fr\/files\/2014\/11\/Fondation-Louis-Vuitton-IMG_5009-329x400.jpg 329w, https:\/\/rusoch.fr\/files\/2014\/11\/Fondation-Louis-Vuitton-IMG_5009.jpg 1000w\" sizes=\"(max-width: 329px) 100vw, 329px\" \/><\/a><p id=\"caption-attachment-20744\" class=\"wp-caption-text\">Photo:Vladimir Bazan<\/p><\/div><\/p>\n<div class=\"hidden_text\">\u0418\u0437\u0434\u0430\u043b\u0438 \u043e\u043d\u043e \u043d\u0430\u043f\u043e\u043c\u0438\u043d\u0430\u0435\u0442, \u0432 \u0437\u0430\u0432\u0438\u0441\u0438\u043c\u043e\u0441\u0442\u0438 \u043e\u0442 \u0444\u0430\u043d\u0442\u0430\u0437\u0438\u0438, \u0438 \u0430\u0439\u0441\u0431\u0435\u0440\u0433, \u0438 \u043f\u0430\u0440\u0443\u0441\u043d\u0438\u043a, \u0438 \u043e\u0431\u043b\u0430\u043a\u0430\u2026<\/div>\n<p>Au loin, elle ressemble, selon l\u2019imagination, \u00e0 un iceberg, \u00e0 un voilier, \u00e0 un nuage\u2026<\/p>\n<p><div id=\"attachment_20745\" style=\"width: 610px\" class=\"wp-caption alignnone\"><a href=\"http:\/\/rusoch.fr\/files\/2014\/11\/Fondation-Louis-....jpg\"><img aria-describedby=\"caption-attachment-20745\" loading=\"lazy\" class=\"size-large wp-image-20745\" src=\"http:\/\/rusoch.fr\/files\/2014\/11\/Fondation-Louis-...-600x292.jpg\" alt=\"\" width=\"600\" height=\"292\" srcset=\"https:\/\/rusoch.fr\/files\/2014\/11\/Fondation-Louis-...-600x292.jpg 600w, https:\/\/rusoch.fr\/files\/2014\/11\/Fondation-Louis-....jpg 1642w\" sizes=\"(max-width: 600px) 100vw, 600px\" \/><\/a><p id=\"caption-attachment-20745\" class=\"wp-caption-text\">Photo:Vladimir Bazan<\/p><\/div><\/p>\n<div class=\"hidden_text\">\u041f\u043e\u0441\u0442\u0440\u043e\u0435\u043d\u0430 \u00a0\u0433\u0430\u043b\u0435\u0440\u0435\u044f \u00a0\u043d\u0430 \u0441\u0440\u0435\u0434\u0441\u0442\u0432\u0430 \u0433\u043b\u0430\u0432\u044b \u043a\u043e\u043d\u0446\u0435\u0440\u043d\u0430 Louis Vuitton Mo\u00ebt Hennessy, \u0441\u0430\u043c\u043e\u0433\u043e \u0431\u043e\u0433\u0430\u0442\u043e\u0433\u043e \u0447\u0435\u043b\u043e\u0432\u0435\u043a\u0430 \u0424\u0440\u0430\u043d\u0446\u0438\u0438 \u0411\u0435\u0440\u043d\u0430\u0440\u0430 \u0410\u0440\u043d\u043e.<\/div>\n<p>La galerie a \u00e9t\u00e9 construite avec les fonds du chef du groupe Louis Vuitton Mo\u00ebt Hennessy, le plus riche homme de France, Bernard Arnault.<\/p>\n<p><div id=\"attachment_20746\" style=\"width: 610px\" class=\"wp-caption alignnone\"><a href=\"http:\/\/rusoch.fr\/files\/2014\/11\/Fondation-Louis-Vuitton-_Y7M7760.jpg\"><img aria-describedby=\"caption-attachment-20746\" loading=\"lazy\" class=\" wp-image-20746\" src=\"http:\/\/rusoch.fr\/files\/2014\/11\/Fondation-Louis-Vuitton-_Y7M7760-600x363.jpg\" alt=\"\" width=\"600\" height=\"363\" srcset=\"https:\/\/rusoch.fr\/files\/2014\/11\/Fondation-Louis-Vuitton-_Y7M7760-600x363.jpg 600w, https:\/\/rusoch.fr\/files\/2014\/11\/Fondation-Louis-Vuitton-_Y7M7760.jpg 1322w\" sizes=\"(max-width: 600px) 100vw, 600px\" \/><\/a><p id=\"caption-attachment-20746\" class=\"wp-caption-text\">Photo:Vladimir Bazan<\/p><\/div><\/p>\n<div class=\"hidden_text\">\u041d\u043e\u0432\u044b\u0439 \u0447\u0430\u0441\u0442\u043d\u044b\u0439 \u043c\u0443\u0437\u0435\u0439 \u0424\u0440\u0430\u043d\u0446\u0438\u0438 \u0431\u0443\u0434\u0435\u0442 \u044d\u043a\u0441\u043f\u043e\u043d\u0438\u0440\u043e\u0432\u0430\u0442\u044c \u0430\u043a\u0442\u0443\u0430\u043b\u044c\u043d\u043e\u0435 \u0438\u0441\u043a\u0443\u0441\u0441\u0442\u0432\u043e, \u043d\u0430\u0447\u0438\u043d\u0430\u044f \u0441 1960 \u0433\u043e\u0434\u043e\u0432 \u0438 \u043f\u043e \u0441\u0435\u0433\u043e\u0434\u043d\u044f\u0448\u043d\u0435\u0435 \u0432\u0440\u0435\u043c\u044f. \u0410 \u0433\u043b\u0430\u0432\u043d\u043e\u0435 \u043c\u0435\u0441\u0442\u043e \u0437\u0430\u0439\u043c\u0435\u0442 \u0447\u0430\u0441\u0442\u044c \u043a\u043e\u043b\u043b\u0435\u043a\u0446\u0438\u0438 \u0445\u0443\u0434\u043e\u0436\u0435\u0441\u0442\u0432\u0435\u043d\u043d\u044b\u0445 \u043f\u0440\u043e\u0438\u0437\u0432\u0435\u0434\u0435\u043d\u0438\u0439 \u0424\u043e\u043d\u0434\u0430 \u041b\u0443\u0438 \u0412\u0438\u0442\u0442\u043e\u043d.<\/div>\n<p>Le nouveau mus\u00e9e priv\u00e9 de France pr\u00e9sentera l\u2019art contemporain des ann\u00e9es 1960 jusqu\u2019\u00e0 nos jours. Et l\u2019espace principal disposera d\u2019une partie de la collection d\u2019\u0153uvres d\u2019art du Fond Louis Vuitton.<\/p>\n<p><div id=\"attachment_20747\" style=\"width: 584px\" class=\"wp-caption alignnone\"><a href=\"http:\/\/rusoch.fr\/files\/2014\/11\/AA-IMG_5097.jpg\"><img aria-describedby=\"caption-attachment-20747\" loading=\"lazy\" class=\"size-large wp-image-20747\" src=\"http:\/\/rusoch.fr\/files\/2014\/11\/AA-IMG_5097-574x400.jpg\" alt=\"\" width=\"574\" height=\"400\" srcset=\"https:\/\/rusoch.fr\/files\/2014\/11\/AA-IMG_5097-574x400.jpg 574w, https:\/\/rusoch.fr\/files\/2014\/11\/AA-IMG_5097.jpg 1148w\" sizes=\"(max-width: 574px) 100vw, 574px\" \/><\/a><p id=\"caption-attachment-20747\" class=\"wp-caption-text\">Photo:Vladimir Bazan<\/p><\/div><\/p>\n<div class=\"hidden_text\">\u0418\u043d\u0442\u0435\u0440\u0435\u0441\u043d\u044b\u0439 \u0444\u0430\u043a\u0442. \u0423\u0447\u0430\u0441\u0442\u043e\u043a \u0437\u0435\u043c\u043b\u0438, \u043d\u0430 \u043a\u043e\u0442\u043e\u0440\u043e\u043c \u0432\u043e\u0437\u0432\u0435\u0434\u0435\u043d\u043e \u0443\u043d\u0438\u043a\u0430\u043b\u044c\u043d\u043e\u0435 \u0441\u043e\u043e\u0440\u0443\u0436\u0435\u043d\u0438\u0435, \u041f\u0430\u0440\u0438\u0436 \u043e\u0442\u0434\u0430\u043b \u0411\u0435\u0440\u043d\u0430\u0440\u0443 \u0410\u0440\u043d\u043e \u0432 \u0430\u0440\u0435\u043d\u0434\u0443 \u043d\u0430 55 \u043b\u0435\u0442. \u0422\u0430\u043a \u0447\u0442\u043e \u0447\u0435\u0440\u0435\u0437 \u043f\u043e\u043b\u0432\u0435\u043a\u0430 \u043c\u0443\u0437\u0435\u0439 \u0431\u0443\u0434\u0435\u0442 \u043f\u0440\u0438\u043d\u0430\u0434\u043b\u0435\u0436\u0430\u0442\u044c \u0441\u0442\u043e\u043b\u0438\u0446\u0435.<\/div>\n<p>Un fait int\u00e9ressant. Bernard Arnault a lou\u00e9 la partie du terrain, sur lequel est \u00e9rig\u00e9e la structure unique \u00e0 la ville de Paris pour 55 ans. Ainsi, dans un demi-si\u00e8cle, le mus\u00e9e appartiendra \u00e0 la capitale.\u00a0<\/p>\n<p><div id=\"attachment_20748\" style=\"width: 610px\" class=\"wp-caption alignnone\"><a href=\"http:\/\/rusoch.fr\/files\/2014\/11\/AA-IMG_5111.jpg\"><img aria-describedby=\"caption-attachment-20748\" loading=\"lazy\" class=\" wp-image-20748\" src=\"http:\/\/rusoch.fr\/files\/2014\/11\/AA-IMG_5111-600x400.jpg\" alt=\"\" width=\"600\" height=\"400\" srcset=\"https:\/\/rusoch.fr\/files\/2014\/11\/AA-IMG_5111-600x400.jpg 600w, https:\/\/rusoch.fr\/files\/2014\/11\/AA-IMG_5111.jpg 1200w\" sizes=\"(max-width: 600px) 100vw, 600px\" \/><\/a><p id=\"caption-attachment-20748\" class=\"wp-caption-text\">Photo:Vladimir Bazan<\/p><\/div><br \/>\n<div id=\"attachment_20749\" style=\"width: 382px\" class=\"wp-caption alignnone\"><a href=\"http:\/\/rusoch.fr\/files\/2014\/11\/AA-IMG_5091.jpg\"><img aria-describedby=\"caption-attachment-20749\" loading=\"lazy\" class=\" wp-image-20749\" src=\"http:\/\/rusoch.fr\/files\/2014\/11\/AA-IMG_5091-372x400.jpg\" alt=\"\" width=\"372\" height=\"400\" srcset=\"https:\/\/rusoch.fr\/files\/2014\/11\/AA-IMG_5091-372x400.jpg 372w, https:\/\/rusoch.fr\/files\/2014\/11\/AA-IMG_5091.jpg 1000w\" sizes=\"(max-width: 372px) 100vw, 372px\" \/><\/a><p id=\"caption-attachment-20749\" class=\"wp-caption-text\">Photo:Vladimir Bazan<\/p><\/div><br \/>\n<div id=\"attachment_20750\" style=\"width: 359px\" class=\"wp-caption alignnone\"><a href=\"http:\/\/rusoch.fr\/files\/2014\/11\/AA-IMG_5023.jpg\"><img aria-describedby=\"caption-attachment-20750\" loading=\"lazy\" class=\"size-large wp-image-20750\" src=\"http:\/\/rusoch.fr\/files\/2014\/11\/AA-IMG_5023-349x400.jpg\" alt=\"\" width=\"349\" height=\"400\" srcset=\"https:\/\/rusoch.fr\/files\/2014\/11\/AA-IMG_5023-349x400.jpg 349w, https:\/\/rusoch.fr\/files\/2014\/11\/AA-IMG_5023.jpg 1000w\" sizes=\"(max-width: 349px) 100vw, 349px\" \/><\/a><p id=\"caption-attachment-20750\" class=\"wp-caption-text\">Photo:Vladimir Bazan<\/p><\/div><br \/>\n<div id=\"attachment_20751\" style=\"width: 328px\" class=\"wp-caption alignnone\"><a href=\"http:\/\/rusoch.fr\/files\/2014\/11\/AA-IMG_5040-1.jpg\"><img aria-describedby=\"caption-attachment-20751\" loading=\"lazy\" class=\"size-large wp-image-20751\" src=\"http:\/\/rusoch.fr\/files\/2014\/11\/AA-IMG_5040-1-318x400.jpg\" alt=\"\" width=\"318\" height=\"400\" srcset=\"https:\/\/rusoch.fr\/files\/2014\/11\/AA-IMG_5040-1-318x400.jpg 318w, https:\/\/rusoch.fr\/files\/2014\/11\/AA-IMG_5040-1.jpg 1000w\" sizes=\"(max-width: 318px) 100vw, 318px\" \/><\/a><p id=\"caption-attachment-20751\" class=\"wp-caption-text\">Photo:Vladimir Bazan<\/p><\/div><br \/>\n<div id=\"attachment_20752\" style=\"width: 610px\" class=\"wp-caption alignnone\"><a href=\"http:\/\/rusoch.fr\/files\/2014\/11\/AA-IMG_5065.jpg\"><img aria-describedby=\"caption-attachment-20752\" loading=\"lazy\" class=\" wp-image-20752\" src=\"http:\/\/rusoch.fr\/files\/2014\/11\/AA-IMG_5065-600x400.jpg\" alt=\"\" width=\"600\" height=\"400\" srcset=\"https:\/\/rusoch.fr\/files\/2014\/11\/AA-IMG_5065-600x400.jpg 600w, https:\/\/rusoch.fr\/files\/2014\/11\/AA-IMG_5065.jpg 1200w\" sizes=\"(max-width: 600px) 100vw, 600px\" \/><\/a><p id=\"caption-attachment-20752\" class=\"wp-caption-text\">Photo:Vladimir Bazan<\/p><\/div><\/p>\n<p>&nbsp;<\/p>\n","protected":false},"excerpt":{"rendered":"<p>Fin octobre dans la capitale de la France, un nouveau chef-d\u2019\u0153uvre architectural \u2013 et par la m\u00eame occasion un nouveau\u2026<\/p>\n","protected":false},"author":2,"featured_media":20752,"comment_status":"open","ping_status":"open","sticky":false,"template":"","format":"standard","meta":[],"categories":[8],"tags":[3420,3626,3335],"aioseo_notices":[],"_links":{"self":[{"href":"https:\/\/rusoch.fr\/fr\/wp-json\/wp\/v2\/posts\/20668"}],"collection":[{"href":"https:\/\/rusoch.fr\/fr\/wp-json\/wp\/v2\/posts"}],"about":[{"href":"https:\/\/rusoch.fr\/fr\/wp-json\/wp\/v2\/types\/post"}],"author":[{"embeddable":true,"href":"https:\/\/rusoch.fr\/fr\/wp-json\/wp\/v2\/users\/2"}],"replies":[{"embeddable":true,"href":"https:\/\/rusoch.fr\/fr\/wp-json\/wp\/v2\/comments?post=20668"}],"version-history":[{"count":3,"href":"https:\/\/rusoch.fr\/fr\/wp-json\/wp\/v2\/posts\/20668\/revisions"}],"predecessor-version":[{"id":224000,"href":"https:\/\/rusoch.fr\/fr\/wp-json\/wp\/v2\/posts\/20668\/revisions\/224000"}],"wp:featuredmedia":[{"embeddable":true,"href":"https:\/\/rusoch.fr\/fr\/wp-json\/wp\/v2\/media\/20752"}],"wp:attachment":[{"href":"https:\/\/rusoch.fr\/fr\/wp-json\/wp\/v2\/media?parent=20668"}],"wp:term":[{"taxonomy":"category","embeddable":true,"href":"https:\/\/rusoch.fr\/fr\/wp-json\/wp\/v2\/categories?post=20668"},{"taxonomy":"post_tag","embeddable":true,"href":"https:\/\/rusoch.fr\/fr\/wp-json\/wp\/v2\/tags?post=20668"}],"curies":[{"name":"wp","href":"https:\/\/api.w.org\/{rel}","templated":true}]}}