{"id":207159,"date":"2016-10-20T08:22:08","date_gmt":"2016-10-20T07:22:08","guid":{"rendered":"http:\/\/rusoch.fr\/?p=207159"},"modified":"2021-06-16T16:35:24","modified_gmt":"2021-06-16T14:35:24","slug":"v-parizhe-torzhestvenno-otkryli-rossijskij-duxovno-kulturnyj-centr-na-branli","status":"publish","type":"post","link":"https:\/\/rusoch.fr\/fr\/events\/v-parizhe-torzhestvenno-otkryli-rossijskij-duxovno-kulturnyj-centr-na-branli.html","title":{"rendered":" Inauguration solennelle du Centre Spirituel et Culturel Orthodoxe Russe de Paris"},"content":{"rendered":"<div class=\"hidden_text\">\u0420\u043e\u0441\u0441\u0438\u0439\u0441\u043a\u0438\u0439 \u0426\u0435\u043d\u0442\u0440 \u043d\u0430 \u043d\u0430\u0431\u0435\u0440\u0435\u0436\u043d\u043e\u0439 \u0411\u0440\u0430\u043d\u043b\u0438, \u0437\u0430 \u0441\u0442\u0440\u043e\u0438\u0442\u0435\u043b\u044c\u0441\u0442\u0432\u043e\u043c \u043a\u043e\u0442\u043e\u0440\u043e\u0433\u043e <em>\u00ab\u0420\u0443\u0441\u0441\u043a\u0438\u0439 \u043e\u0447\u0435\u0432\u0438\u0434\u0435\u0446\u00bb<\/em> \u0432\u043d\u0438\u043c\u0430\u0442\u0435\u043b\u044c\u043d\u043e \u0441\u043b\u0435\u0434\u0438\u043b, \u043e\u0442\u043a\u0440\u044b\u043b\u0438 \u0432 \u0441\u0440\u0435\u0434\u0443 19 \u043e\u043a\u0442\u044f\u0431\u0440\u044f.<\/p>\n\u041b\u0435\u043d\u0442\u0443 \u0441 \u0446\u0432\u0435\u0442\u0430\u043c\u0438 \u0442\u0440\u0438\u043a\u043e\u043b\u043e\u0440\u0430 \u043f\u0435\u0440\u0435\u0440\u0435\u0437\u0430\u043b \u043c\u0438\u043d\u0438\u0441\u0442\u0440 \u043a\u0443\u043b\u044c\u0442\u0443\u0440\u044b \u0420\u0424 <strong>\u0412\u043b\u0430\u0434\u0438\u043c\u0438\u0440 \u041c\u0435\u0434\u0438\u043d\u0441\u043a\u0438\u0439<\/strong> \u0438 <strong>\u0415\u043f\u0438\u0441\u043a\u043e\u043f \u0410\u043d\u0442\u043e\u043d\u0438\u0439<\/strong>&nbsp;&mdash; \u0440\u0443\u043a\u043e\u0432\u043e\u0434\u0438\u0442\u0435\u043b\u044c \u0423\u043f\u0440\u0430\u0432\u043b\u0435\u043d\u0438\u044f \u043f\u043e \u0437\u0430\u0440\u0443\u0431\u0435\u0436\u043d\u044b\u043c \u0443\u0447\u0440\u0435\u0436\u0434\u0435\u043d\u0438\u044f\u043c \u041c\u043e\u0441\u043a\u043e\u0432\u0441\u043a\u043e\u0439 \u041f\u0430\u0442\u0440\u0438\u0430\u0440\u0445\u0438\u0438.<\/div>\n<p>Le Centre Russe du quai Branly, dont la construction captiva toute l\u2019attention de L\u2019observateur russe, a ouvert ce mercredi 19 octobre.<br \/>\nLe ministre russe de la culture, <strong>Vladimir Medinsky<\/strong>, ainsi que <strong>l\u2019\u00e9v\u00eaque Antoine<\/strong>, par ailleurs responsable de l\u2019administration des institutions du patriarcat de Moscou \u00e0 l\u2019\u00e9tranger, ont tous deux coup\u00e9 le ruban tricolore, aux couleurs de la Russie.<!--more--><\/p>\n<p><a href=\"http:\/\/rusoch.fr\/files\/2016\/10\/20161019_120308.jpg\" rel=\"attachment wp-att-207160\"><img loading=\"lazy\" class=\"alignnone size-medium wp-image-207160\" src=\"http:\/\/rusoch.fr\/files\/2016\/10\/20161019_120308-596x336.jpg\" alt=\"20161019_120308\" width=\"596\" height=\"336\" srcset=\"https:\/\/rusoch.fr\/files\/2016\/10\/20161019_120308-596x336.jpg 596w, https:\/\/rusoch.fr\/files\/2016\/10\/20161019_120308-768x432.jpg 768w, https:\/\/rusoch.fr\/files\/2016\/10\/20161019_120308-600x338.jpg 600w, https:\/\/rusoch.fr\/files\/2016\/10\/20161019_120308.jpg 1000w\" sizes=\"(max-width: 596px) 100vw, 596px\" \/><\/a><\/p>\n<p><a href=\"http:\/\/rusoch.fr\/files\/2016\/10\/20161019_120330.jpg\" rel=\"attachment wp-att-207162\"><img loading=\"lazy\" class=\"alignnone size-medium wp-image-207162\" src=\"http:\/\/rusoch.fr\/files\/2016\/10\/20161019_120330-596x336.jpg\" alt=\"20161019_120330\" width=\"596\" height=\"336\" srcset=\"https:\/\/rusoch.fr\/files\/2016\/10\/20161019_120330-596x336.jpg 596w, https:\/\/rusoch.fr\/files\/2016\/10\/20161019_120330-768x432.jpg 768w, https:\/\/rusoch.fr\/files\/2016\/10\/20161019_120330-600x338.jpg 600w, https:\/\/rusoch.fr\/files\/2016\/10\/20161019_120330.jpg 1000w\" sizes=\"(max-width: 596px) 100vw, 596px\" \/><\/a><\/p>\n<a href=\"http:\/\/rusoch.fr\/lang\/ru\/temoin\/v-medinskij-otkryvaet-russkij-centr-v-parizhe-v-medinski-inaugure-le-centre-russe-a-paris.html\">\n<div class=\"hidden_text\">\u0412\u0438\u0434\u0435\u043e \u0432\u044b\u0441\u0442\u0443\u043f\u043b\u0435\u043d\u0438\u044f \u0412. \u041c\u0435\u0434\u0438\u043d\u0441\u043a\u043e\u0433\u043e.<\/div>\n<p><\/a><br \/>\n<a href=\"http:\/\/rusoch.fr\/lang\/fr\/temoin\/v-medinskij-otkryvaet-russkij-centr-v-parizhe-v-medinski-inaugure-le-centre-russe-a-paris.html\">Vid\u00e9o de l\u2019intervention de Vladimir Medinsky.<\/a><\/p>\n<div class=\"hidden_text\">\u041d\u0430 \u0438\u043d\u0430\u0443\u0433\u0443\u0440\u0430\u0446\u0438\u0438 \u0426\u0435\u043d\u0442\u0440\u0430 \u0432\u044b\u0441\u0442\u0443\u043f\u0438\u043b\u0430 \u043c\u044d\u0440 \u041f\u0430\u0440\u0438\u0436\u0430 <strong>\u0410\u043d\u043d \u0418\u0434\u0430\u043b\u044c\u0433\u043e<\/strong>.<\/div>\n<p>\n<strong>Anne Hidalgo<\/strong>, maire de Paris, a elle aussi prononc\u00e9 un discours lors de cette inauguration.<\/p>\n<p><a href=\"http:\/\/rusoch.fr\/files\/2016\/10\/20161019_130036.jpg\" rel=\"attachment wp-att-207167\"><img loading=\"lazy\" class=\"alignnone size-medium wp-image-207167\" src=\"http:\/\/rusoch.fr\/files\/2016\/10\/20161019_130036-596x336.jpg\" alt=\"20161019_130036\" width=\"596\" height=\"336\" srcset=\"https:\/\/rusoch.fr\/files\/2016\/10\/20161019_130036-596x336.jpg 596w, https:\/\/rusoch.fr\/files\/2016\/10\/20161019_130036-768x432.jpg 768w, https:\/\/rusoch.fr\/files\/2016\/10\/20161019_130036-600x338.jpg 600w, https:\/\/rusoch.fr\/files\/2016\/10\/20161019_130036.jpg 1000w\" sizes=\"(max-width: 596px) 100vw, 596px\" \/><\/a><\/p>\n<div class=\"hidden_text\">\u0422\u043e\u0440\u0436\u0435\u0441\u0442\u0432\u0435\u043d\u043d\u044b\u0435 \u0440\u0435\u0447\u0438 \u043f\u0440\u043e\u0438\u0437\u043d\u0435\u0441\u043b\u0438 \u043c\u044d\u0440 VII \u043e\u043a\u0440\u0443\u0433\u0430, \u043d\u0430 \u0442\u0435\u0440\u0440\u0438\u0442\u043e\u0440\u0438\u0438 \u043a\u043e\u0442\u043e\u0440\u043e\u0433\u043e \u0442\u0435\u043f\u0435\u0440\u044c \u0440\u0430\u0441\u043f\u043e\u043b\u0430\u0433\u0430\u0435\u0442\u0441\u044f \u0420\u043e\u0441\u0441\u0438\u0439\u0441\u043a\u0438\u0439 \u0446\u0435\u043d\u0442\u0440 <strong>\u0420\u0430\u0448\u0438\u0434\u0430 \u0414\u0430\u0442\u0438<\/strong>; <strong>\u0416\u0430\u043d-\u041c\u0430\u0440\u0438 \u041b\u0435 \u0413\u0443\u044d\u043d<\/strong>, \u0433\u043e\u0441\u0441\u0435\u043a\u0440\u0435\u0442\u0430\u0440\u044c \u043f\u0440\u0438 \u043f\u0440\u0435\u043c\u044c\u0435\u0440-\u043c\u0438\u043d\u0438\u0441\u0442\u0440\u0435, \u043e\u0442\u0432\u0435\u0442\u0441\u0442\u0432\u0435\u043d\u043d\u044b\u0439 \u0437\u0430 \u043e\u0442\u043d\u043e\u0448\u0435\u043d\u0438\u044f \u0441 \u043f\u0430\u0440\u043b\u0430\u043c\u0435\u043d\u0442\u043e\u043c; \u0430\u0440\u0445\u0438\u0442\u0435\u043a\u0442\u043e\u0440 \u043f\u0440\u043e\u0435\u043a\u0442\u0430 <strong>\u0416\u0430\u043d-\u041c\u0438\u0448\u0435\u043b\u044c \u0412\u0438\u043b\u044c\u043c\u043e\u0442\u0442<\/strong>; \u043f\u0440\u0435\u0437\u0438\u0434\u0435\u043d\u0442 \u0441\u0442\u0440\u043e\u0438\u0442\u0435\u043b\u044c\u043d\u043e\u0439 \u0444\u0438\u0440\u043c\u044b \u0411\u0443\u0438\u0433 (Bouygues B\u00e2timent) <strong>\u0411\u0435\u0440\u043d\u0430\u0440 \u041c\u0443\u043d\u044c\u0435<\/strong>.<\/div>\n<p>\nD\u2019autres personnalit\u00e9s politiques, mais aussi publiques, ont \u00e9galement pris la parole dans le cadre de cette c\u00e9r\u00e9monie. Sont intervenus <strong>Rachida Dati<\/strong>, maire du 7\u00e8me arrondissement, o\u00f9 se trouve donc le Centre; <strong>Jean-Marie Le Guen,<\/strong> secr\u00e9taire d\u2019Etat aupr\u00e8s du Premier ministre et charg\u00e9 des Relations avec le Parlement ; <strong>Jean-Michel Wilmotte<\/strong>, architecte du projet ; <strong>Bernard Mounier<\/strong>, pr\u00e9sident de l\u2019entreprise de BTP Bouygues B\u00e2timent.<\/p>\n<p><a href=\"http:\/\/rusoch.fr\/files\/2016\/10\/20161019_131924.jpg\" rel=\"attachment wp-att-207164\"><img loading=\"lazy\" class=\"alignnone size-medium wp-image-207164\" src=\"http:\/\/rusoch.fr\/files\/2016\/10\/20161019_131924-596x336.jpg\" alt=\"20161019_131924\" width=\"596\" height=\"336\" srcset=\"https:\/\/rusoch.fr\/files\/2016\/10\/20161019_131924-596x336.jpg 596w, https:\/\/rusoch.fr\/files\/2016\/10\/20161019_131924-768x432.jpg 768w, https:\/\/rusoch.fr\/files\/2016\/10\/20161019_131924-600x338.jpg 600w, https:\/\/rusoch.fr\/files\/2016\/10\/20161019_131924.jpg 1000w\" sizes=\"(max-width: 596px) 100vw, 596px\" \/><\/a><\/p>\n<div class=\"hidden_text\">\u0424\u0438\u0440\u043c\u0430 Bouygues B\u00e2timent \u0432\u0440\u0443\u0447\u0438\u043b\u0430 \u0440\u043e\u0441\u0441\u0438\u0439\u0441\u043a\u0438\u043c \u0433\u043e\u0441\u0442\u044f\u043c \u043f\u0430\u043c\u044f\u0442\u043d\u044b\u0435 \u043c\u0435\u0434\u0430\u043b\u0438 \u0438 \u043f\u043e\u0434\u0430\u0440\u0438\u043b\u0430 \u0420\u0443\u0441\u0441\u043a\u043e\u043c\u0443 \u0446\u0435\u043d\u0442\u0440\u0443 \u0440\u043e\u044f\u043b\u044c.<\/div>\n<p>\nLa soci\u00e9t\u00e9 Bouygues B\u00e2timent a par ailleurs remis des m\u00e9dailles comm\u00e9moratives aux membres de la d\u00e9l\u00e9gation russe. Elle a m\u00eame offert un piano au Centre.<\/p>\n<p><a href=\"http:\/\/rusoch.fr\/files\/2016\/10\/20161019_131811.jpg\" rel=\"attachment wp-att-207171\"><img loading=\"lazy\" class=\"alignnone size-medium wp-image-207171\" src=\"http:\/\/rusoch.fr\/files\/2016\/10\/20161019_131811-596x336.jpg\" alt=\"20161019_131811\" width=\"596\" height=\"336\" srcset=\"https:\/\/rusoch.fr\/files\/2016\/10\/20161019_131811-596x336.jpg 596w, https:\/\/rusoch.fr\/files\/2016\/10\/20161019_131811-768x432.jpg 768w, https:\/\/rusoch.fr\/files\/2016\/10\/20161019_131811-600x338.jpg 600w, https:\/\/rusoch.fr\/files\/2016\/10\/20161019_131811.jpg 1000w\" sizes=\"(max-width: 596px) 100vw, 596px\" \/><\/a><\/p>\n<div class=\"hidden_text\">\u0425\u0440\u0430\u043c \u0432 \u0447\u0435\u0441\u0442\u044c \u0421\u0432\u044f\u0442\u043e\u0439 \u0422\u0440\u043e\u0438\u0446\u044b \u0435\u0449\u0435 \u0436\u0434\u0435\u0442 \u0441\u0432\u043e\u0435\u0433\u043e \u043e\u0444\u043e\u0440\u043c\u043b\u0435\u043d\u0438\u044f.<\/div>\n<p>\nLa cath\u00e9drale de la Sainte -Trinit\u00e9 est pour le moment en phase d\u2019am\u00e9nagement.<\/p>\n<p><iframe title=\"\u0425\u0440\u0430\u043c \u0432 \u0447\u0435\u0441\u0442\u044c \u0421\u0432\u044f\u0442\u043e\u0439 \u0422\u0440\u043e\u0438\u0446\u044b \u0432 \u041f\u0430\u0440\u0438\u0436\u0435 \u0436\u0434\u0435\u0442 \u0441\u0432\u043e\u0435\u0433\u043e \u043e\u0444\u043e\u0440\u043c\u043b\u0435\u043d\u0438\u044f.\" width=\"640\" height=\"360\" src=\"https:\/\/www.youtube.com\/embed\/apLPOFdpAYs?feature=oembed\" frameborder=\"0\" allow=\"accelerometer; autoplay; clipboard-write; encrypted-media; gyroscope; picture-in-picture\" allowfullscreen><\/iframe><\/p>\n<div class=\"hidden_text\">\u0412 \u0437\u0434\u0430\u043d\u0438\u0438 \u0412\u044b\u0441\u0442\u0430\u0432\u043e\u0447\u043d\u043e\u0433\u043e \u0446\u0435\u043d\u0442\u0440\u0430 \u043c\u0438\u043d\u0438\u0441\u0442\u0440 \u043a\u0443\u043b\u044c\u0442\u0443\u0440\u044b \u0420\u0424 <em>\u0412.\u041c\u0435\u0434\u0438\u043d\u0441\u043a\u0438\u0439<\/em> \u043e\u0442\u043a\u0440\u044b\u043b \u0434\u0432\u0435 \u044d\u043a\u0441\u043f\u043e\u0437\u0438\u0446\u0438\u0438 \u0438 \u043f\u0440\u043e\u0434\u0435\u043c\u043e\u043d\u0441\u0442\u0440\u0438\u0440\u043e\u0432\u0430\u043b \u0443\u0432\u0435\u0441\u0438\u0441\u0442\u0443\u044e \u043f\u0430\u043f\u043a\u0443 \u043a\u0443\u043b\u044c\u0442\u0443\u0440\u043d\u044b\u0445 \u043f\u0440\u043e\u0435\u043a\u0442\u043e\u0432, \u0443\u0436\u0435 \u0437\u0430\u043f\u043b\u0430\u043d\u0438\u0440\u043e\u0432\u0430\u043d\u043d\u044b\u0445 \u0432 \u0426\u0435\u043d\u0442\u0440\u0435.<\/div>\n<p>\nDeux expositions prennent d\u00e9j\u00e0 place dans le Centre culturel, situ\u00e9 lui quai Branly. <em>Vladimir Medinsky<\/em> a profit\u00e9 de leur inauguration pour pr\u00e9senter au public l\u2019imposant classeur contenant les futurs projets culturels du Centre.<\/p>\n<p><a href=\"http:\/\/rusoch.fr\/files\/2016\/10\/20161019_134943.jpg\" rel=\"attachment wp-att-207168\"><img loading=\"lazy\" class=\"alignnone size-medium wp-image-207168\" src=\"http:\/\/rusoch.fr\/files\/2016\/10\/20161019_134943-596x336.jpg\" alt=\"20161019_134943\" width=\"596\" height=\"336\" srcset=\"https:\/\/rusoch.fr\/files\/2016\/10\/20161019_134943-596x336.jpg 596w, https:\/\/rusoch.fr\/files\/2016\/10\/20161019_134943-768x432.jpg 768w, https:\/\/rusoch.fr\/files\/2016\/10\/20161019_134943-600x338.jpg 600w, https:\/\/rusoch.fr\/files\/2016\/10\/20161019_134943.jpg 1000w\" sizes=\"(max-width: 596px) 100vw, 596px\" \/><\/a><\/p>\n<p><a href=\"http:\/\/rusoch.fr\/files\/2016\/10\/20161019_135206.jpg\" rel=\"attachment wp-att-207169\"><img loading=\"lazy\" class=\"alignnone size-medium wp-image-207169\" src=\"http:\/\/rusoch.fr\/files\/2016\/10\/20161019_135206-213x379.jpg\" alt=\"20161019_135206\" width=\"213\" height=\"379\" srcset=\"https:\/\/rusoch.fr\/files\/2016\/10\/20161019_135206-213x379.jpg 213w, https:\/\/rusoch.fr\/files\/2016\/10\/20161019_135206-768x1366.jpg 768w, https:\/\/rusoch.fr\/files\/2016\/10\/20161019_135206-225x400.jpg 225w, https:\/\/rusoch.fr\/files\/2016\/10\/20161019_135206-600x1067.jpg 600w, https:\/\/rusoch.fr\/files\/2016\/10\/20161019_135206.jpg 1000w\" sizes=\"(max-width: 213px) 100vw, 213px\" \/><\/a><\/p>\n<p><a href=\"http:\/\/rusoch.fr\/files\/2016\/10\/20161019_135250.jpg\" rel=\"attachment wp-att-207170\"><img loading=\"lazy\" class=\"alignnone size-medium wp-image-207170\" src=\"http:\/\/rusoch.fr\/files\/2016\/10\/20161019_135250-213x379.jpg\" alt=\"20161019_135250\" width=\"213\" height=\"379\" srcset=\"https:\/\/rusoch.fr\/files\/2016\/10\/20161019_135250-213x379.jpg 213w, https:\/\/rusoch.fr\/files\/2016\/10\/20161019_135250-768x1366.jpg 768w, https:\/\/rusoch.fr\/files\/2016\/10\/20161019_135250-225x400.jpg 225w, https:\/\/rusoch.fr\/files\/2016\/10\/20161019_135250-600x1067.jpg 600w, https:\/\/rusoch.fr\/files\/2016\/10\/20161019_135250.jpg 1000w\" sizes=\"(max-width: 213px) 100vw, 213px\" \/><\/a><\/p>\n<p><a href=\"http:\/\/rusoch.fr\/files\/2016\/10\/20161019_135324.jpg\" rel=\"attachment wp-att-207173\"><img loading=\"lazy\" class=\"alignnone size-medium wp-image-207173\" src=\"http:\/\/rusoch.fr\/files\/2016\/10\/20161019_135324-596x336.jpg\" alt=\"20161019_135324\" width=\"596\" height=\"336\" srcset=\"https:\/\/rusoch.fr\/files\/2016\/10\/20161019_135324-596x336.jpg 596w, https:\/\/rusoch.fr\/files\/2016\/10\/20161019_135324-768x432.jpg 768w, https:\/\/rusoch.fr\/files\/2016\/10\/20161019_135324-600x338.jpg 600w, https:\/\/rusoch.fr\/files\/2016\/10\/20161019_135324.jpg 1000w\" sizes=\"(max-width: 596px) 100vw, 596px\" \/><\/a><\/p>\n<p>&nbsp;<\/p>\n<p>&nbsp;<\/p>\n<strong>\n<div class=\"hidden_text\">\u041c\u0430\u0442\u0435\u0440\u0438\u0430\u043b\u044b \u043f\u043e \u0442\u0435\u043c\u0435:<\/div>\n<p><\/strong><\/p>\n<p><strong>Sur le m\u00eame th\u00e8me<\/strong><\/p>\n<blockquote class=\"wp-embedded-content\" data-secret=\"zrNeniDGbW\">\n<p><a href=\"https:\/\/rusoch.fr\/events\/xram-na-fone-ejfelevoj-bashni.html\">\u0425\u0440\u0430\u043c \u043d\u0430 \u0444\u043e\u043d\u0435 \u042d\u0439\u0444\u0435\u043b\u0435\u0432\u043e\u0439 \u0431\u0430\u0448\u043d\u0438<\/a><\/p>\n<\/blockquote>\n<p><iframe class=\"wp-embedded-content\" sandbox=\"allow-scripts\" security=\"restricted\" style=\"position: absolute; clip: rect(1px, 1px, 1px, 1px);\" title=\"\u00ab\u0425\u0440\u0430\u043c \u043d\u0430 \u0444\u043e\u043d\u0435 \u042d\u0439\u0444\u0435\u043b\u0435\u0432\u043e\u0439 \u0431\u0430\u0448\u043d\u0438\u00bb &#8212; \u0420\u0443\u0441\u0441\u043a\u0438\u0439 \u043e\u0447\u0435\u0432\u0438\u0434\u0435\u0446 | L\u2019Observateur Russe\" src=\"https:\/\/rusoch.fr\/events\/xram-na-fone-ejfelevoj-bashni.html\/embed#?secret=zrNeniDGbW\" data-secret=\"zrNeniDGbW\" width=\"600\" height=\"338\" frameborder=\"0\" marginwidth=\"0\" marginheight=\"0\" scrolling=\"no\"><\/iframe><\/p>\n<blockquote class=\"wp-embedded-content\" data-secret=\"8ZIvOWhYjr\">\n<p><a href=\"https:\/\/rusoch.fr\/events\/centr-na-branli.html\">Le centre culturel et spirituel russe du quai Branly<\/a><\/p>\n<\/blockquote>\n<p><iframe class=\"wp-embedded-content\" sandbox=\"allow-scripts\" security=\"restricted\" style=\"position: absolute; clip: rect(1px, 1px, 1px, 1px);\" title=\"\u00abLe centre culturel et spirituel russe du quai Branly\u00bb &#8212; \u0420\u0443\u0441\u0441\u043a\u0438\u0439 \u043e\u0447\u0435\u0432\u0438\u0434\u0435\u0446 | L\u2019Observateur Russe\" src=\"https:\/\/rusoch.fr\/events\/centr-na-branli.html\/embed#?secret=8ZIvOWhYjr\" data-secret=\"8ZIvOWhYjr\" width=\"600\" height=\"338\" frameborder=\"0\" marginwidth=\"0\" marginheight=\"0\" scrolling=\"no\"><\/iframe><\/p>\n<blockquote class=\"wp-embedded-content\" data-secret=\"yi8wLQZuTq\">\n<p><a href=\"https:\/\/rusoch.fr\/events\/pervyj-kamen-sobora-na-branli.html\">La premi\u00e8re pierre de la cath\u00e9drale du quai Branly<\/a><\/p>\n<\/blockquote>\n<p><iframe class=\"wp-embedded-content\" sandbox=\"allow-scripts\" security=\"restricted\" style=\"position: absolute; clip: rect(1px, 1px, 1px, 1px);\" title=\"\u00abLa premi\u00e8re pierre de la cath\u00e9drale du quai Branly\u00bb &#8212; \u0420\u0443\u0441\u0441\u043a\u0438\u0439 \u043e\u0447\u0435\u0432\u0438\u0434\u0435\u0446 | L\u2019Observateur Russe\" src=\"https:\/\/rusoch.fr\/events\/pervyj-kamen-sobora-na-branli.html\/embed#?secret=yi8wLQZuTq\" data-secret=\"yi8wLQZuTq\" width=\"600\" height=\"338\" frameborder=\"0\" marginwidth=\"0\" marginheight=\"0\" scrolling=\"no\"><\/iframe><\/p>\n<blockquote class=\"wp-embedded-content\" data-secret=\"2zSSJheNA9\">\n<p><a href=\"https:\/\/rusoch.fr\/events\/na-fone-ejfelevoj-bashni.html\">\u041d\u0430 \u0444\u043e\u043d\u0435 \u042d\u0439\u0444\u0435\u043b\u0435\u0432\u043e\u0439 \u0431\u0430\u0448\u043d\u0438 | Sur fond de Tour Eiffel<\/a><\/p>\n<\/blockquote>\n<p><iframe class=\"wp-embedded-content\" sandbox=\"allow-scripts\" security=\"restricted\" style=\"position: absolute; clip: rect(1px, 1px, 1px, 1px);\" title=\"\u00ab\u041d\u0430 \u0444\u043e\u043d\u0435 \u042d\u0439\u0444\u0435\u043b\u0435\u0432\u043e\u0439 \u0431\u0430\u0448\u043d\u0438 | Sur fond de Tour Eiffel\u00bb &#8212; \u0420\u0443\u0441\u0441\u043a\u0438\u0439 \u043e\u0447\u0435\u0432\u0438\u0434\u0435\u0446 | L\u2019Observateur Russe\" src=\"https:\/\/rusoch.fr\/events\/na-fone-ejfelevoj-bashni.html\/embed#?secret=2zSSJheNA9\" data-secret=\"2zSSJheNA9\" width=\"600\" height=\"338\" frameborder=\"0\" marginwidth=\"0\" marginheight=\"0\" scrolling=\"no\"><\/iframe><\/p>\n<p>&nbsp;<\/p>\n","protected":false},"excerpt":{"rendered":"<p>Le Centre Russe du quai Branly, dont la construction captiva toute l\u2019attention de L\u2019observateur russe, a ouvert ce mercredi 19\u2026<\/p>\n","protected":false},"author":2,"featured_media":207160,"comment_status":"open","ping_status":"open","sticky":false,"template":"","format":"standard","meta":[],"categories":[6],"tags":[2683,3509],"aioseo_notices":[],"_links":{"self":[{"href":"https:\/\/rusoch.fr\/fr\/wp-json\/wp\/v2\/posts\/207159"}],"collection":[{"href":"https:\/\/rusoch.fr\/fr\/wp-json\/wp\/v2\/posts"}],"about":[{"href":"https:\/\/rusoch.fr\/fr\/wp-json\/wp\/v2\/types\/post"}],"author":[{"embeddable":true,"href":"https:\/\/rusoch.fr\/fr\/wp-json\/wp\/v2\/users\/2"}],"replies":[{"embeddable":true,"href":"https:\/\/rusoch.fr\/fr\/wp-json\/wp\/v2\/comments?post=207159"}],"version-history":[{"count":1,"href":"https:\/\/rusoch.fr\/fr\/wp-json\/wp\/v2\/posts\/207159\/revisions"}],"predecessor-version":[{"id":222624,"href":"https:\/\/rusoch.fr\/fr\/wp-json\/wp\/v2\/posts\/207159\/revisions\/222624"}],"wp:featuredmedia":[{"embeddable":true,"href":"https:\/\/rusoch.fr\/fr\/wp-json\/wp\/v2\/media\/207160"}],"wp:attachment":[{"href":"https:\/\/rusoch.fr\/fr\/wp-json\/wp\/v2\/media?parent=207159"}],"wp:term":[{"taxonomy":"category","embeddable":true,"href":"https:\/\/rusoch.fr\/fr\/wp-json\/wp\/v2\/categories?post=207159"},{"taxonomy":"post_tag","embeddable":true,"href":"https:\/\/rusoch.fr\/fr\/wp-json\/wp\/v2\/tags?post=207159"}],"curies":[{"name":"wp","href":"https:\/\/api.w.org\/{rel}","templated":true}]}}