{"id":207445,"date":"2016-11-09T00:36:17","date_gmt":"2016-11-08T23:36:17","guid":{"rendered":"http:\/\/rusoch.fr\/?p=207445"},"modified":"2019-11-10T14:26:57","modified_gmt":"2019-11-10T13:26:57","slug":"per-aleshinskij-v-muzee-matissa-pierre-alechinsky-au-musee-matisse","status":"publish","type":"post","link":"https:\/\/rusoch.fr\/fr\/temoin\/per-aleshinskij-v-muzee-matissa-pierre-alechinsky-au-musee-matisse.html","title":{"rendered":" Pierre Alechinsky au mus\u00e9e Matisse"},"content":{"rendered":"<div class=\"hidden_text\">\u0412 \u043c\u0443\u0437\u0435\u0435 \u041c\u0430\u0442\u0438\u0441\u0441\u0430 \u0432 \u041b\u0435 \u041a\u0430\u0442\u043e-\u041a\u0430\u043c\u0431\u0440\u0435\u0437\u0438 \u043f\u0440\u043e\u0445\u043e\u0434\u0438\u0442 \u0432\u044b\u0441\u0442\u0430\u0432\u043a\u0430 \u0431\u0435\u043b\u044c\u0433\u0438\u0439\u0441\u043a\u043e\u0433\u043e \u0436\u0438\u0432\u043e\u043f\u0438\u0441\u0446\u0430 \u0441 \u0440\u0443\u0441\u0441\u043a\u0438\u043c\u0438 \u043a\u043e\u0440\u043d\u044f\u043c\u0438.<\/p>\n\u041f\u044c\u0435\u0440 \u0410\u043b\u0435\u0448\u0438\u043d\u0441\u043a\u0438\u0439, \u043a\u043e\u0442\u043e\u0440\u043e\u043c\u0443 \u0432 \u0441\u043b\u0435\u0434\u0443\u044e\u0449\u0435\u043c \u0433\u043e\u0434\u0443 \u0438\u0441\u043f\u043e\u043b\u043d\u0438\u0442\u0441\u044f 90 \u043b\u0435\u0442, \u0436\u0438\u0432\u0435\u0442 \u0432 \u0411\u0443\u0436\u0438\u0432\u0430\u043b\u0435 (\u0424\u0440\u0430\u043d\u0446\u0438\u044f) \u043f\u043e \u0441\u043e\u0441\u0435\u0434\u0441\u0442\u0432\u0443 \u0441 \u0438\u043c\u0435\u043d\u0438\u0435\u043c \u0418.\u0421.\u0422\u0443\u0440\u0433\u0435\u043d\u0435\u0432\u0430. <\/div>\n<p>\nLe mus\u00e9e Matisse au Cateau-Cambr\u00e9sis pr\u00e9sente l&#39;exposition de Pierre Alechinsky, artiste belge aux origines russes. Pierre Alechinsky qui va f\u00eater ses 90 ans l&#39;ann\u00e9e prochaine vit \u00e0 Boujival dans les Yvelines.<\/p>\n<p>&nbsp;<br \/>\n<iframe width=\"640\" height=\"360\" src=\"https:\/\/www.youtube.com\/embed\/kSWSaZeGahs?feature=oembed\" frameborder=\"0\" allow=\"accelerometer; autoplay; encrypted-media; gyroscope; picture-in-picture\" allowfullscreen><\/iframe><\/p>\n<p>Vid\u00e9o: Elena Iakounine<\/p>\n<p>&nbsp;<\/p>","protected":false},"excerpt":{"rendered":"<p>D\u00e9sol\u00e9, cet article est seulement disponible en Russe.<\/p>\n","protected":false},"author":2,"featured_media":207452,"comment_status":"open","ping_status":"open","sticky":false,"template":"","format":"standard","meta":[],"categories":[1899],"tags":[2700,125,2699],"aioseo_notices":[],"_links":{"self":[{"href":"https:\/\/rusoch.fr\/fr\/wp-json\/wp\/v2\/posts\/207445"}],"collection":[{"href":"https:\/\/rusoch.fr\/fr\/wp-json\/wp\/v2\/posts"}],"about":[{"href":"https:\/\/rusoch.fr\/fr\/wp-json\/wp\/v2\/types\/post"}],"author":[{"embeddable":true,"href":"https:\/\/rusoch.fr\/fr\/wp-json\/wp\/v2\/users\/2"}],"replies":[{"embeddable":true,"href":"https:\/\/rusoch.fr\/fr\/wp-json\/wp\/v2\/comments?post=207445"}],"version-history":[{"count":3,"href":"https:\/\/rusoch.fr\/fr\/wp-json\/wp\/v2\/posts\/207445\/revisions"}],"predecessor-version":[{"id":217713,"href":"https:\/\/rusoch.fr\/fr\/wp-json\/wp\/v2\/posts\/207445\/revisions\/217713"}],"wp:featuredmedia":[{"embeddable":true,"href":"https:\/\/rusoch.fr\/fr\/wp-json\/wp\/v2\/media\/207452"}],"wp:attachment":[{"href":"https:\/\/rusoch.fr\/fr\/wp-json\/wp\/v2\/media?parent=207445"}],"wp:term":[{"taxonomy":"category","embeddable":true,"href":"https:\/\/rusoch.fr\/fr\/wp-json\/wp\/v2\/categories?post=207445"},{"taxonomy":"post_tag","embeddable":true,"href":"https:\/\/rusoch.fr\/fr\/wp-json\/wp\/v2\/tags?post=207445"}],"curies":[{"name":"wp","href":"https:\/\/api.w.org\/{rel}","templated":true}]}}