{"id":207497,"date":"2016-11-21T00:46:09","date_gmt":"2016-11-20T23:46:09","guid":{"rendered":"http:\/\/rusoch.fr\/?p=207497"},"modified":"2017-06-26T13:16:47","modified_gmt":"2017-06-26T12:16:47","slug":"mega-fajl-francii-za-i-protiv","status":"publish","type":"post","link":"https:\/\/rusoch.fr\/fr\/politique\/mega-fajl-francii-za-i-protiv.html","title":{"rendered":"Le m\u00e9ga-fichier fran\u00e7ais, pour ou contre"},"content":{"rendered":"<p>Le lundi 31 octobre 2016, au milieu des vacances scolaires et de la f\u00eate de la Toussaint paraissait au \u00ab Journal Officiel \u00bb une communication sur l&#39;adoption du d\u00e9cret N\u00b02016&mdash;1460 qui officialise la constitution d&#39;un \u00abm\u00e9ga-fichier \u00bb \u00e9lectronique contenant les donn\u00e9es personnelles de tous les r\u00e9sidents du territoire fran\u00e7ais.<!--more--><\/p>\n<p><div id=\"attachment_207498\" style=\"width: 471px\" class=\"wp-caption alignnone\"><a href=\"http:\/\/rusoch.fr\/files\/2016\/11\/keyboard-895556_1280.jpg\" rel=\"attachment wp-att-207498\"><img aria-describedby=\"caption-attachment-207498\" loading=\"lazy\" class=\"wp-image-207498 size-medium\" src=\"http:\/\/rusoch.fr\/files\/2016\/11\/keyboard-895556_1280-461x379.jpg\" alt=\"\" width=\"461\" height=\"379\" srcset=\"https:\/\/rusoch.fr\/files\/2016\/11\/keyboard-895556_1280-461x379.jpg 461w, https:\/\/rusoch.fr\/files\/2016\/11\/keyboard-895556_1280-768x631.jpg 768w, https:\/\/rusoch.fr\/files\/2016\/11\/keyboard-895556_1280-487x400.jpg 487w, https:\/\/rusoch.fr\/files\/2016\/11\/keyboard-895556_1280-600x493.jpg 600w, https:\/\/rusoch.fr\/files\/2016\/11\/keyboard-895556_1280.jpg 873w\" sizes=\"(max-width: 461px) 100vw, 461px\" \/><\/a><p id=\"caption-attachment-207498\" class=\"wp-caption-text\">Photo: pixabay.com<\/p><\/div><\/p>\n<p>&nbsp;<\/p>\n<p>&nbsp;<\/p>\n<p>&nbsp;<\/p>\n<p>&nbsp;<\/p>\n<p>Le long week-end pass\u00e9, les fran\u00e7ais sont rentr\u00e9s chez eux, ont feuillet\u00e9 la presse et se sont inqui\u00e9t\u00e9s : \u00ab il faut toujours \u00eatre prudent avec les textes publi\u00e9s pendant les vacances \u00bb disent les opposants \u00e0 cette innovation, \u00ab l\u2019exp\u00e9rience montre qu&#39;il s&#39;y cache toujours une diablerie \u00bb.<\/p>\n<p>Que craignent ces opposants ?<\/p>\n<p><strong>L&#39;histoire de la question<\/strong><\/p>\n<p>En octobre 1940 pendant l&#39;occupation, la police fran\u00e7aise a constitu\u00e9 la premi\u00e8re base de donn\u00e9es centralis\u00e9e, \u00e9norme pour l&#39;\u00e9poque, afin de pouvoir contr\u00f4ler les habitants du pays. Apr\u00e8s la lib\u00e9ration, cette base f\u00fbt supprim\u00e9e car \u00e9tant incompatible avec les principes d&#39;une soci\u00e9t\u00e9 d\u00e9mocratique.<\/p>\n<p>En 1974, sous la pr\u00e9sidence de <strong>Georges Pompidou<\/strong> et le ministre de l&#39;int\u00e9rieur Jacques Chirac appara\u00eet le projet \u00ab <strong>Safari<\/strong> \u00bb (Syst\u00e8me Automatis\u00e9 pour les Fichiers Administratifs et le R\u00e9pertoire des Individus) qui propose de mettre en commun dans un seul et m\u00eame fichier toutes les donn\u00e9es des citoyens \u00e0 partir du num\u00e9ro d&#39;assur\u00e9 social d\u00e9tenu par l&#39;INSEE. Dans le journal \u00ab Le Monde \u00bb, un article \u00e9tait paru avec le titre \u00ab Safari ou la chasse aux fran\u00e7ais \u00bb, la publication a entra\u00een\u00e9 des contestations de la part de la population et l&#39;id\u00e9e a progressivement disparu.<\/p>\n<p>\u00ab <strong>Le fichier des gens honn\u00eates<\/strong> \u00bb appara\u00eet en 2012, ouvrant la voie \u00e0 l&#39;identification de n&#39;importe quelle personne, d\u00e9linquante ou non, \u00e0 l&#39;aide de l&#39;analyse biom\u00e9trique. Plusieurs d\u00e9put\u00e9s socialistes avaient d\u00e9pos\u00e9 un recours \u00e0 la cour constitutionnelle et le projet avait \u00e9t\u00e9 suspendu.<\/p>\n<p>Quatre ann\u00e9es plus tard, les repr\u00e9sentants de ce m\u00eame parti, sans aucune discussion, publient le d\u00e9cret N\u00b02016&mdash;1460.<\/p>\n<p><strong>Le n\u0153ud du probl\u00e8me<\/strong><\/p>\n<p>Ce nouveau d\u00e9cret pr\u00e9voit la constitution d&#39;un unique et gigantesque fichier \u00ab TES \u00bb o\u00f9 seront compil\u00e9es toutes les donn\u00e9es des documents d&#39;identit\u00e9s de la r\u00e9publique fran\u00e7aise : les titres de s\u00e9jours temporaires et permanents, les cartes d&#39;identit\u00e9 et les passeports.<\/p>\n<p>En France, les normes de s\u00e9curit\u00e9 pour obtenir une carte d&#39;identit\u00e9 obligent les citoyens et les personnes souhaitant r\u00e9sider l\u00e9galement sur le territoire \u00e0 donner leurs empreintes digitales et parfois m\u00eame leurs empreintes r\u00e9tiniennes. Ainsi le futur \u00ab m\u00e9ga-fichier \u00bb va contenir ni plus ni moins les adresses postales et \u00e9lectroniques, les num\u00e9ros de t\u00e9l\u00e9phone, la couleur des yeux, les signatures num\u00e9riques et les donn\u00e9es biom\u00e9triques compl\u00e8tes de toutes les personnes r\u00e9sidant l\u00e9galement sur le territoire, de l&#39;\u00e9tudiant \u00e9tranger au pr\u00e9sident.<\/p>\n<p>De cette fa\u00e7on, quiconque ayant acc\u00e8s d&#39;une mani\u00e8re ou d&#39;une autre \u00e0 ce \u00ab m\u00e9ga-r\u00e9servoir \u00bb peut r\u00e9cup\u00e9rer \u00e0 tout moment des donn\u00e9es et identifier chaque r\u00e9sident fran\u00e7ais sans qu&#39;il ne le sache. \u00c9videmment, ce d\u00e9cret ne pr\u00e9voit pas l&#39;utilisation ill\u00e9gale du \u00ab m\u00e9ga-fichier TES \u00bb, on peut gr\u00e2ce \u00e0 lui seulement donner la possibilit\u00e9 de retrouver des vrais ou des faux documents. Afin de convaincre de la n\u00e9cessite de ce \u00ab m\u00e9ga-fichier TES \u00bb, ses d\u00e9veloppeurs affirment qu&#39;une telle mesure permettrait de r\u00e9duire consid\u00e9rablement la fraude de documents et faciliter ainsi le travail de la police et des organes judiciaires.<\/p>\n<p>On suppose qu&#39;environ 10 000 personnes charg\u00e9es des donn\u00e9es personnelles auront acc\u00e8s \u00e0 cette base, des employ\u00e9s de mairie, de pr\u00e9fecture de police et les agents consulaires.<\/p>\n<p><strong>Les d\u00e9saccords des politiques<\/strong><\/p>\n<p><strong>Axelle Lemaire<\/strong>, la secr\u00e9taire d&#39;\u00e9tat charg\u00e9e du num\u00e9rique et de l&#39;innovation et <strong>Bernard Cazeneuve,<\/strong> ministre de l\u2019int\u00e9rieur, ont des avis partag\u00e9s.<\/p>\n<p>Axelle Lemaire d\u00e9fend l&#39;id\u00e9e de la libert\u00e9 d&#39;internet. Elle affirme ne rien savoir sur ce projet imminent qui la choque.<\/p>\n<p>Bernard Cazeneuve plaide lui pour la s\u00e9curit\u00e9 et la simplification des proc\u00e9dures administratives. Il est n\u00e9cessaire de savoir ce qui se passe, d\u00e9clare-t-il. Lors d&#39;une conf\u00e9rence de presse, le ministre a port\u00e9 l&#39;attention sur la nouvelle proc\u00e9dure de d\u00e9livrance des cartes d&#39;identit\u00e9, ce qui permet la constitution du <strong>\u00abm\u00e9ga-fichier TES\u00bb<\/strong>. Tout cela dans l&#39;int\u00e9r\u00eat, selon Cazeneuve, de r\u00e9duire consid\u00e9rablement les formalit\u00e9s pour le demandeur qui n&#39;a plus besoin de se pr\u00e9-inscrire en ligne, ni de demande de certificat de naissance \u00e0 la mairie (traduction incertaine). De cette fa\u00e7on, le minist\u00e8re peut supprimer pr\u00e8s de 2000 postes.<\/p>\n<p><strong>Une occasion de r\u00e9fl\u00e9chir<\/strong><\/p>\n<p>Il est \u00e9vident qu&#39;avec la situation critique du pays, la police doit pouvoir d\u00e9terminer rapidement l&#39;authenticit\u00e9 d&#39;un document, mais pour cela des m\u00e9thodes progressistes sont utilis\u00e9es depuis longtemps dans le monde moderne, comme les micro-puces prot\u00e9g\u00e9es avec les donn\u00e9es biom\u00e9triques, telle est la recommandation de la CNIL (Commission nationale de l&#39;informatique et des libert\u00e9s). Le minist\u00e8re de l&#39;int\u00e9rieur ne salue pas cette proposition en raison de son co\u00fbt \u00e9lev\u00e9. La production de passeports biom\u00e9triques est cinq fois plus ch\u00e8re qu&#39;une carte d&#39;identit\u00e9 en plastique.<\/p>\n<p>Les d\u00e9tracteurs de cette initiative estiment qu&#39;une telle d\u00e9marche concernant tous les r\u00e9sidents du territoire fran\u00e7ais sans exception, m\u00e9riterait l&#39;ouverture d&#39;une r\u00e9flexion du parlement avec la participation de sp\u00e9cialistes dans le domaine de la protection des donn\u00e9es personnelles et dans les autres domaines concern\u00e9s, en particulier la CNIL dont les recommandations n&#39;ont pas \u00e9t\u00e9 entendues par les d\u00e9veloppeurs du projet. Ils estiment que la lutte contre le terrorisme ne doit pas justifier la restriction des libert\u00e9s des citoyens fran\u00e7ais respectueux des lois.<\/p>","protected":false},"excerpt":{"rendered":"<p>D\u00e9sol\u00e9, cet article est seulement disponible en Russe.<\/p>\n","protected":false},"author":2,"featured_media":207498,"comment_status":"open","ping_status":"open","sticky":false,"template":"","format":"standard","meta":[],"categories":[4],"tags":[],"aioseo_notices":[],"_links":{"self":[{"href":"https:\/\/rusoch.fr\/fr\/wp-json\/wp\/v2\/posts\/207497"}],"collection":[{"href":"https:\/\/rusoch.fr\/fr\/wp-json\/wp\/v2\/posts"}],"about":[{"href":"https:\/\/rusoch.fr\/fr\/wp-json\/wp\/v2\/types\/post"}],"author":[{"embeddable":true,"href":"https:\/\/rusoch.fr\/fr\/wp-json\/wp\/v2\/users\/2"}],"replies":[{"embeddable":true,"href":"https:\/\/rusoch.fr\/fr\/wp-json\/wp\/v2\/comments?post=207497"}],"version-history":[{"count":0,"href":"https:\/\/rusoch.fr\/fr\/wp-json\/wp\/v2\/posts\/207497\/revisions"}],"wp:featuredmedia":[{"embeddable":true,"href":"https:\/\/rusoch.fr\/fr\/wp-json\/wp\/v2\/media\/207498"}],"wp:attachment":[{"href":"https:\/\/rusoch.fr\/fr\/wp-json\/wp\/v2\/media?parent=207497"}],"wp:term":[{"taxonomy":"category","embeddable":true,"href":"https:\/\/rusoch.fr\/fr\/wp-json\/wp\/v2\/categories?post=207497"},{"taxonomy":"post_tag","embeddable":true,"href":"https:\/\/rusoch.fr\/fr\/wp-json\/wp\/v2\/tags?post=207497"}],"curies":[{"name":"wp","href":"https:\/\/api.w.org\/{rel}","templated":true}]}}