{"id":207800,"date":"2016-12-02T18:39:15","date_gmt":"2016-12-02T17:39:15","guid":{"rendered":"http:\/\/rusoch.fr\/?p=207800"},"modified":"2016-12-03T11:20:37","modified_gmt":"2016-12-03T10:20:37","slug":"70-letie-tvorcheskoj-deyatelnosti-pera-kardena-v-institute-francii","status":"publish","type":"post","link":"https:\/\/rusoch.fr\/fr\/cult\/70-letie-tvorcheskoj-deyatelnosti-pera-kardena-v-institute-francii.html","title":{"rendered":" 70 ans de carri\u00e8re de Pierre Cardin se f\u00eatent \u00e0 l\u2019Institut de France"},"content":{"rendered":"<div class=\"hidden_text\">\u0417\u043d\u0430\u043c\u0435\u043d\u0438\u0442\u043e\u043c\u0443 \u043d\u0430 \u0432\u0435\u0441\u044c \u043c\u0438\u0440 \u043a\u0443\u0442\u044e\u0440\u044c\u0435 \u2013 94 \u0433\u043e\u0434\u0430. \u0418\u0437 \u043d\u0438\u0445 70 \u043b\u0435\u0442 \u043e\u043d \u043f\u043e\u0441\u0432\u044f\u0442\u0438\u043b \u043c\u0438\u0440\u0443 \u043c\u043e\u0434\u044b \u0438 \u0434\u0438\u0437\u0430\u0439\u043d\u0430, \u0442\u0435\u0430\u0442\u0440\u0443 \u0438 \u0438\u0441\u043a\u0443\u0441\u0441\u0442\u0432\u0443 \u0444\u0440\u0430\u043d\u0446\u0443\u0437\u0441\u043a\u043e\u0433\u043e \u0441\u0442\u043e\u043b\u0430.<\/p>\n\u041f\u044c\u0435\u0440 \u041a\u0430\u0440\u0434\u0435\u043d \u2013 \u043f\u0435\u0440\u0432\u044b\u0439 \u043c\u043e\u0434\u0435\u043b\u044c\u0435\u0440, \u0438\u0437\u0431\u0440\u0430\u043d\u043d\u044b\u0439 \u0432 \u0410\u043a\u0430\u0434\u0435\u043c\u0438\u044e \u0445\u0443\u0434\u043e\u0436\u0435\u0441\u0442\u0432 \u0438 \u0443\u0434\u043e\u0441\u0442\u043e\u0438\u0432\u0448\u0438\u0439\u0441\u044f \u0430\u043a\u0430\u0434\u0435\u043c\u0438\u0447\u0435\u0441\u043a\u043e\u0439 \u0448\u043f\u0430\u0433\u0438 \u0438 \u0444\u0440\u0430\u043a\u0430.<\/div>\n<p>\nPierre Cardin, couturier connu du monde entier a 94 ans. 70 ans sont consacr\u00e9s \u00e0 la mode, le design, le th\u00e9\u00e2tre et l\u2019art de la table.<\/p>\n<p>Cardin est le premier couturier \u00e0 \u00eatre \u00e9lu \u00e0 l\u2019Acad\u00e9mie des Beaux-Arts. Son \u00e9p\u00e9e, il l\u2019a dessin\u00e9e lui-m\u00eame.<!--more--><\/p>\n<p><div id=\"attachment_207803\" style=\"width: 278px\" class=\"wp-caption alignnone\"><a href=\"http:\/\/rusoch.fr\/files\/2016\/12\/Glavnaya-1.jpg\" rel=\"attachment wp-att-207803\"><img aria-describedby=\"caption-attachment-207803\" loading=\"lazy\" class=\"wp-image-207803 size-medium\" src=\"http:\/\/rusoch.fr\/files\/2016\/12\/Glavnaya-1-268x379.jpg\" alt=\"\" width=\"268\" height=\"379\" srcset=\"https:\/\/rusoch.fr\/files\/2016\/12\/Glavnaya-1-268x379.jpg 268w, https:\/\/rusoch.fr\/files\/2016\/12\/Glavnaya-1-768x1085.jpg 768w, https:\/\/rusoch.fr\/files\/2016\/12\/Glavnaya-1-283x400.jpg 283w, https:\/\/rusoch.fr\/files\/2016\/12\/Glavnaya-1-600x848.jpg 600w, https:\/\/rusoch.fr\/files\/2016\/12\/Glavnaya-1.jpg 1000w\" sizes=\"(max-width: 268px) 100vw, 268px\" \/><\/a><p id=\"caption-attachment-207803\" class=\"wp-caption-text\">Cr\u00e9dit photo Henri Martin<\/p><\/div><\/p>\n<div class=\"hidden_text\">\u0418\u043d\u0441\u0442\u0438\u0442\u0443\u0442 \u0424\u0440\u0430\u043d\u0446\u0438\u0438 \u043f\u043e\u0432\u0438\u0434\u0430\u043b \u0441\u0442\u043e\u043b\u044c\u043a\u043e \u0443\u0447\u0435\u043d\u044b\u0445 \u043c\u0443\u0436\u0435\u0439 (\u0438 \u0432\u0441\u0435\u0433\u043e \u043d\u0435\u0441\u043a\u043e\u043b\u044c\u043a\u043e \u0434\u0430\u043c), \u0447\u0442\u043e \u0443\u0434\u0438\u0432\u0438\u0442\u044c \u0441\u0442\u0430\u0440\u0438\u043d\u043d\u044b\u0435 \u0441\u0432\u043e\u0434\u044b \u0433\u043b\u0430\u0432\u043d\u043e\u0433\u043e \u0437\u0430\u043b\u0430 \u043d\u0435 \u043f\u0440\u0435\u0434\u0441\u0442\u0430\u0432\u043b\u044f\u043b\u043e\u0441\u044c \u0432\u043e\u0437\u043c\u043e\u0436\u043d\u044b\u043c.<br \/>\n\u0422\u0435\u043c \u043d\u0435 \u043c\u0435\u043d\u0435\u0435, \u0441\u043e\u0431\u044b\u0442\u0438\u0435 \u0438\u043c\u0435\u043b\u043e \u043c\u0435\u0441\u0442\u043e 30 \u043d\u043e\u044f\u0431\u0440\u044f. \u0412\u043f\u0435\u0440\u0432\u044b\u0435 \u0432\u044b\u0441\u043e\u043a\u0438\u0439 \u043a\u0443\u043f\u043e\u043b \u0418\u043d\u0441\u0442\u0438\u0442\u0443\u0442\u0430 \u0441\u0442\u0430\u043b \u0441\u0432\u0438\u0434\u0435\u0442\u0435\u043b\u0435\u043c \u043f\u043e\u043a\u0430\u0437\u0430 \u043c\u043e\u0434. \u041c\u043e\u043b\u043e\u0434\u0435\u043d\u044c\u043a\u0438\u0435 \u043c\u043e\u0434\u0435\u043b\u0438 \u0432 \u043c\u0438\u043d\u0438 70-\u0445 \u0433\u043e\u0434\u043e\u0432 \u043f\u0440\u043e\u0448\u043b\u0438\u0441\u044c \u0432 \u0441\u0432\u044f\u0442\u0430\u044f \u0441\u0432\u044f\u0442\u044b\u0445 \u043f\u043e \u0430\u043a\u0430\u0434\u0435\u043c\u0438\u0447\u0435\u0441\u043a\u0438\u043c \u0434\u043e\u0440\u043e\u0436\u043a\u0430\u043c.<\/div>\n<p>\nL\u2019Institut de France a vu passer tant d\u2019hommes illustres que rien ne peut lui couper le souffle. Et pourtant la premi\u00e8re fois dans son histoire le 30 novembre 2016 il a \u00e9t\u00e9 le t\u00e9moin du d\u00e9fil\u00e9 des jeunes mannequins en mini jupes des ann\u00e9es 70 sous ses vo\u00fbtes.<\/p>\n<p><div id=\"attachment_207805\" style=\"width: 279px\" class=\"wp-caption alignnone\"><a href=\"http:\/\/rusoch.fr\/files\/2016\/12\/2T5A4202.jpg\" rel=\"attachment wp-att-207805\"><img aria-describedby=\"caption-attachment-207805\" loading=\"lazy\" class=\"wp-image-207805 size-medium\" src=\"http:\/\/rusoch.fr\/files\/2016\/12\/2T5A4202-269x379.jpg\" alt=\"\" width=\"269\" height=\"379\" srcset=\"https:\/\/rusoch.fr\/files\/2016\/12\/2T5A4202-269x379.jpg 269w, https:\/\/rusoch.fr\/files\/2016\/12\/2T5A4202-768x1083.jpg 768w, https:\/\/rusoch.fr\/files\/2016\/12\/2T5A4202-284x400.jpg 284w, https:\/\/rusoch.fr\/files\/2016\/12\/2T5A4202-600x846.jpg 600w, https:\/\/rusoch.fr\/files\/2016\/12\/2T5A4202.jpg 1000w\" sizes=\"(max-width: 269px) 100vw, 269px\" \/><\/a><p id=\"caption-attachment-207805\" class=\"wp-caption-text\">Cr\u00e9dit photo Henri Martin<\/p><\/div><\/p>\n<div class=\"hidden_text\">\u00ab70 \u043b\u0435\u0442 \u0416\u0438\u0432\u044b\u043c \u0441\u043a\u0443\u043b\u044c\u043f\u0442\u0443\u0440\u0430\u043c \u041f\u044c\u0435\u0440\u0430 \u041a\u0430\u0440\u0434\u0435\u043d\u0430\u00bb&nbsp;&mdash; \u0442\u0430\u043a \u043d\u0430\u0437\u044b\u0432\u0430\u043b\u043e\u0441\u044c \u0434\u0435\u0444\u0438\u043b\u0435, \u043a\u043e\u0442\u043e\u0440\u043e\u0435 \u0441\u0442\u0430\u043b\u043e \u0440\u0435\u0442\u0440\u043e\u0441\u043f\u0435\u043a\u0442\u0438\u0432\u043e\u0439 \u0441\u0435\u043c\u0438 \u0434\u0435\u0441\u044f\u0442\u043a\u043e\u0432 \u043b\u0435\u0442 \u043f\u043e\u0441\u0442\u043e\u044f\u043d\u043d\u043e\u0433\u043e \u0442\u0440\u0443\u0434\u0430. \u041f\u0440\u0435\u0436\u0434\u0435 \u0447\u0435\u043c \u043e\u0442\u043a\u0440\u044b\u0442\u044c \u0441\u0432\u043e\u0439 \u0441\u043e\u0431\u0441\u0442\u0432\u0435\u043d\u043d\u044b\u0439 \u0434\u043e\u043c \u0432 1950 \u0433\u043e\u0434\u0443, \u043c\u043e\u043b\u043e\u0434\u043e\u0439 \u0432\u0435\u043d\u0435\u0446\u0438\u0430\u043d\u0435\u0446 \u043f\u043e\u043b\u0443\u0447\u0438\u043b \u0445\u043e\u0440\u043e\u0448\u0443\u044e \u0448\u043a\u043e\u043b\u0443 \u0443 \u0414\u0438\u043e\u0440\u0430. \u0410 \u043f\u043e\u0441\u043b\u0435\u0434\u043d\u044f\u044f \u043a\u043e\u043b\u043b\u0435\u043a\u0446\u0438\u044f \u043e\u0442 \u043a\u0443\u0442\u044e\u0440 \u041f\u044c\u0435\u0440\u0430 \u041a\u0430\u0440\u0434\u0435\u043d\u0430 \u0434\u0430\u0442\u0438\u0440\u0443\u0435\u0442\u0441\u044f \u043b\u0435\u0442\u043e\u043c 2016 \u0433\u043e\u0434\u0430.<\/p>\n\u0418\u0442\u0430\u043a, 60-\u0435, 70-\u0435, 80-\u0435 \u0433\u043e\u0434\u044b \u043e\u0442 \u043c\u0430\u044d\u0441\u0442\u0440\u043e \u041a\u0430\u0440\u0434\u0435\u043d\u0430:<\/div>\n<\/p>\n<p>La pr\u00e9sentation des <strong>70 ans de Sculptures vivantes de Pierre Cardin<\/strong> au Palais de l\u2019Institut de France:<\/p>\n<p><iframe width=\"640\" height=\"360\" src=\"https:\/\/www.youtube.com\/embed\/kQmJFIqqtg0?feature=oembed\" frameborder=\"0\" allowfullscreen><\/iframe><\/p>\n<p><iframe width=\"640\" height=\"360\" src=\"https:\/\/www.youtube.com\/embed\/DDCPP5UOkAo?feature=oembed\" frameborder=\"0\" allowfullscreen><\/iframe><\/p>\n<p><iframe width=\"640\" height=\"360\" src=\"https:\/\/www.youtube.com\/embed\/clFlx2-i7SA?feature=oembed\" frameborder=\"0\" allowfullscreen><\/iframe><\/p>\n<p>&nbsp;<\/p>\n","protected":false},"excerpt":{"rendered":"<p>Pierre Cardin, couturier connu du monde entier a 94 ans. 70 ans sont consacr\u00e9s \u00e0 la mode, le design, le\u2026<\/p>\n","protected":false},"author":2,"featured_media":207803,"comment_status":"open","ping_status":"open","sticky":false,"template":"","format":"standard","meta":[],"categories":[5],"tags":[2743,2742],"aioseo_notices":[],"_links":{"self":[{"href":"https:\/\/rusoch.fr\/fr\/wp-json\/wp\/v2\/posts\/207800"}],"collection":[{"href":"https:\/\/rusoch.fr\/fr\/wp-json\/wp\/v2\/posts"}],"about":[{"href":"https:\/\/rusoch.fr\/fr\/wp-json\/wp\/v2\/types\/post"}],"author":[{"embeddable":true,"href":"https:\/\/rusoch.fr\/fr\/wp-json\/wp\/v2\/users\/2"}],"replies":[{"embeddable":true,"href":"https:\/\/rusoch.fr\/fr\/wp-json\/wp\/v2\/comments?post=207800"}],"version-history":[{"count":0,"href":"https:\/\/rusoch.fr\/fr\/wp-json\/wp\/v2\/posts\/207800\/revisions"}],"wp:featuredmedia":[{"embeddable":true,"href":"https:\/\/rusoch.fr\/fr\/wp-json\/wp\/v2\/media\/207803"}],"wp:attachment":[{"href":"https:\/\/rusoch.fr\/fr\/wp-json\/wp\/v2\/media?parent=207800"}],"wp:term":[{"taxonomy":"category","embeddable":true,"href":"https:\/\/rusoch.fr\/fr\/wp-json\/wp\/v2\/categories?post=207800"},{"taxonomy":"post_tag","embeddable":true,"href":"https:\/\/rusoch.fr\/fr\/wp-json\/wp\/v2\/tags?post=207800"}],"curies":[{"name":"wp","href":"https:\/\/api.w.org\/{rel}","templated":true}]}}