{"id":207842,"date":"2016-12-12T00:10:28","date_gmt":"2016-12-11T23:10:28","guid":{"rendered":"http:\/\/rusoch.fr\/?p=207842"},"modified":"2017-06-26T12:52:46","modified_gmt":"2017-06-26T11:52:46","slug":"francuzy-za-obyazatelnuyu-sluzhbu-v-armii","status":"publish","type":"post","link":"https:\/\/rusoch.fr\/fr\/politique\/francuzy-za-obyazatelnuyu-sluzhbu-v-armii.html","title":{"rendered":"Les fran\u00e7ais favorables au retour du service militaire obligatoire"},"content":{"rendered":"<p>Les citoyens fran\u00e7ais se sont mis \u00e0 parler du retour du service militaire obligatoire (ou conscription), comme contre-mesure \u00e0 la menace que repr\u00e9sente l&#39;islam radical, et comme moyen de sauvegarde des valeurs de la R\u00e9publique.<!--more--><\/p>\n<p><div id=\"attachment_207843\" style=\"width: 541px\" class=\"wp-caption alignnone\"><a href=\"http:\/\/rusoch.fr\/files\/2016\/12\/soldiers-559761_640.jpg\" rel=\"attachment wp-att-207843\"><img aria-describedby=\"caption-attachment-207843\" loading=\"lazy\" class=\"wp-image-207843 size-medium\" src=\"http:\/\/rusoch.fr\/files\/2016\/12\/soldiers-559761_640-531x379.jpg\" alt=\"\" width=\"531\" height=\"379\" srcset=\"https:\/\/rusoch.fr\/files\/2016\/12\/soldiers-559761_640-531x379.jpg 531w, https:\/\/rusoch.fr\/files\/2016\/12\/soldiers-559761_640-560x400.jpg 560w, https:\/\/rusoch.fr\/files\/2016\/12\/soldiers-559761_640-600x428.jpg 600w, https:\/\/rusoch.fr\/files\/2016\/12\/soldiers-559761_640.jpg 640w\" sizes=\"(max-width: 531px) 100vw, 531px\" \/><\/a><p id=\"caption-attachment-207843\" class=\"wp-caption-text\">Photo: pixabay.com<\/p><\/div><\/p>\n<p>&nbsp;<\/p>\n<p>&nbsp;<\/p>\n<p>L&#39;int\u00e9r\u00eat d&#39;un service militaire obligatoire s&#39;est fait de plus en plus grandissant apr\u00e8s les attaques islamistes contre la r\u00e9daction du journal satirique Charlie Hebdo. Les attaques terroristes suivantes n&#39;ont fait que renforcer la volont\u00e9 de rendre de nouveau obligatoire la conscription.<\/p>\n<p>Il y a deux ans, seuls les R\u00e9publicains et le Front National (FN), parti d&#39;extr\u00eame droite d\u00e9fendaient activement le retour de cette mesure. En effet, 90% des \u00e9lecteurs de ces deux partis soutenaient le retour du service obligatoire. Alors que ceux du parti socialiste (PS) ne repr\u00e9sentaient que 71%.<\/p>\n<blockquote>\n<p>Le programme des socialistes pour les \u00e9lections de 2017 pr\u00e9voit des dispositions quant au r\u00e9tablissement du service militaire obligatoire.<\/p>\n<\/blockquote>\n<p>Le journal Le Monde rapporte l&#39;intervention de <strong>Jean-Christophe Cambad\u00e9lis<\/strong>, premier secr\u00e9taire du PS, qui estime que dans une situation o\u00f9 le manque \u00e9vident de moyens \u00e0 disposition pour garantir la s\u00e9curit\u00e9 optimale des citoyens se fait ressentir, le r\u00e9tablissement du service militaire obligatoire et l&#39;instauration d&#39;une \u00ab v\u00e9ritable \u00bb garde nationale semble n\u00e9cessaire.<\/p>\n<p><strong>La majorit\u00e9 de la population soutient cette initiative.<\/strong><\/p>\n<p>Le quotidien Direct Matin, rapporte les r\u00e9sultats des sondages men\u00e9s par le CSA (Conseil sup\u00e9rieur de l&#39;audiovisuel), institut d&#39;\u00e9tudes marketing et d&#39;opinions, 15 ans apr\u00e8s que le dernier appel\u00e9 au service a quitt\u00e9 la caserne, le 30 janvier 2001.<\/p>\n<p>74% de la population, et ce, de toutes les cat\u00e9gories socioprofessionnelles, des travailleurs aux pensionnaires, en passant par les \u00e9lecteurs de tous les partis et les citoyens de moins de 25 ans, souhaitent \u00e9tablir un r\u00e9gime de service obligatoire. Beaucoup pensent que le service \u00e0 l&#39;arm\u00e9e effectu\u00e9 par des personnes issues de groupes ethniques vari\u00e9s serait utile \u00e0 l&#39;unit\u00e9 de la nation et renforcerait sa s\u00e9curit\u00e9. Parmi les membres de la Droite et l&#39;Extr\u00eame Droite, 4 personnes interrog\u00e9es sur 5 (80%) soutiennent cette mesure. Au sein du FN, 9 personnes sur 10, (93%), sont favorables au retour de la conscription. Les repr\u00e9sentants de la Gauche ne le soutiendraient qu&#39;\u00e0 64%.<\/p>\n<p>Parmi les employ\u00e9s et ouvriers, le retour du service militaire obligatoire est approuv\u00e9 \u00e0 81%. Les travailleurs qualifi\u00e9s et les cadres soutiennent la proposition \u00e0 67%. Nombreux sont ceux qui regrettent sa suppression. Plus les personnes interrog\u00e9es \u00e9taient \u00e2g\u00e9es, plus la nostalgie envers le service militaire obligatoire se faisait ressentir. Parmi les personnes \u00e2g\u00e9es de plus de 65 ans, le d\u00e9sir de son retour y est pr\u00e9sent \u00e0 78%.<\/p>\n<blockquote>\n<p>Plus de la moiti\u00e9 des jeunes entre 18 et 24 ans (55%), notamment ceux directement concern\u00e9s par ce devoir national, y sont favorables.<\/p>\n<\/blockquote>\n<p>Il n&#39;y a pratiquement aucune divergence d&#39;opinion dans les r\u00e9ponses du sondage. 75% des hommes ont vot\u00e9 pour le retour du service obligatoire, pour 74% chez les femmes.<\/p>\n<p><strong>L&#39;opinion des politiciens divergerait<\/strong><\/p>\n<p><strong>Nicolas Sarkozy<\/strong> s&#39;est exprim\u00e9 sur la mise en place du service obligatoire pour les jeunes sans emploi ayant termin\u00e9 l&#39;enseignement secondaire. Il a pr\u00e9sent\u00e9 cette mesure comme une forme d&#39;int\u00e9gration sociale et comme un moyen de renforcer la s\u00e9curit\u00e9 int\u00e9rieure face \u00e0 la menace djihadiste.<\/p>\n<p><strong>Nathalie Kosciusko-Morizet,<\/strong> ancienne candidate \u00e0 la mairie de Paris, et <strong>Jean-Fr\u00e9d\u00e9ric Poisson<\/strong>, candidat \u00e0 la pr\u00e9sidentielle, se sont exprim\u00e9s sur le service militaire obligatoire pour tous. <strong>Alain Jupp\u00e9<\/strong>, ancien premier ministre, et Fran\u00e7ois Fillon, candidat \u00e0 la pr\u00e9sidentielle ne soutiennent pas une telle initiative.<br \/>\nDans son programme \u00e9lectoral,<strong> F. Fillon<\/strong> critique fortement le retour de la conscription, car selon lui,<\/p>\n<blockquote>\n<p>\u00ab il est impossible d&#39;int\u00e9grer pr\u00e8s de 800 000 jeunes chaque ann\u00e9e, sans faire de dommages \u00e0 l&#39;arm\u00e9e professionnelle \u00bb.<\/p>\n<\/blockquote>\n<p>\u0421ertaines casernes n&#39;ont pas \u00e9t\u00e9 utilis\u00e9es pendant pr\u00e8s de 20 ans et sont aujourd&#39;hui en mauvais \u00e9tat. La restauration d&#39;une arm\u00e9e r\u00e9guli\u00e8re est une entreprise tr\u00e8s co\u00fbteuse. Rien que pour le paiement des subventions mensuelles pour les recrues, une d\u00e9pense annuelle de 3 milliards d&#39;euros minimum serait \u00e0 pr\u00e9voir. Elle pourrait s&#39;\u00e9lever \u00e0 5 milliards si l&#39;on devait y inclure les frais de logement. D&#39;autant plus que dans le but d&#39;am\u00e9liorer les mesures de s\u00e9curit\u00e9,<strong> la loi sur la garde nationale<\/strong> a pris effet le 14 octobre dernier. La garde nationale comprend des r\u00e9servistes de l&#39;arm\u00e9e, estim\u00e9s aujourd&#39;hui \u00e0 63 000 personnes, ainsi que des volontaires. Les membres de la garde nationale devrait comptabiliser 84 000 personnes d&#39;ici 2018.<\/p>\n<p><strong>A ce jour, l&#39;arm\u00e9e fran\u00e7aise est l&#39;une des plus puissantes d&#39;Europe<\/strong><\/p>\n<p>La force arm\u00e9e du pays est op\u00e9rationnelle pour les op\u00e9rations ext\u00e9rieures. De nombreux militaires ont \u00e9t\u00e9 mobilis\u00e9s pour l&#39;op\u00e9ration Sentinelle. Il est peu probable qu&#39;il soit possible et utile de se passer de l&#39;arm\u00e9e professionnelle au profit des conscrits. Cependant, malgr\u00e9 la grande confiance qu&#39;ont les citoyens en l&#39;arm\u00e9e, ils expriment le d\u00e9sir d&#39;\u00eatre impliqu\u00e9s dans la s\u00e9curit\u00e9 de leur pays afin de jouir d&#39;une vie paisible et tranquille.<\/p>\n<p><strong><em>Sur le m\u00eame sujet:<\/em><\/strong><\/p>\n<p><a href=\"http:\/\/rusoch.fr\/lang\/fr\/soc\/francuzy-stremyatsya-zashhishhat-rodinu.html\">Les Fran\u00e7ais s&#39;engagent pour d\u00e9fendre la patrie<\/a><\/p>","protected":false},"excerpt":{"rendered":"<p>D\u00e9sol\u00e9, cet article est seulement disponible en Russe.<\/p>\n","protected":false},"author":2,"featured_media":207843,"comment_status":"open","ping_status":"open","sticky":false,"template":"","format":"standard","meta":[],"categories":[4],"tags":[],"aioseo_notices":[],"_links":{"self":[{"href":"https:\/\/rusoch.fr\/fr\/wp-json\/wp\/v2\/posts\/207842"}],"collection":[{"href":"https:\/\/rusoch.fr\/fr\/wp-json\/wp\/v2\/posts"}],"about":[{"href":"https:\/\/rusoch.fr\/fr\/wp-json\/wp\/v2\/types\/post"}],"author":[{"embeddable":true,"href":"https:\/\/rusoch.fr\/fr\/wp-json\/wp\/v2\/users\/2"}],"replies":[{"embeddable":true,"href":"https:\/\/rusoch.fr\/fr\/wp-json\/wp\/v2\/comments?post=207842"}],"version-history":[{"count":0,"href":"https:\/\/rusoch.fr\/fr\/wp-json\/wp\/v2\/posts\/207842\/revisions"}],"wp:featuredmedia":[{"embeddable":true,"href":"https:\/\/rusoch.fr\/fr\/wp-json\/wp\/v2\/media\/207843"}],"wp:attachment":[{"href":"https:\/\/rusoch.fr\/fr\/wp-json\/wp\/v2\/media?parent=207842"}],"wp:term":[{"taxonomy":"category","embeddable":true,"href":"https:\/\/rusoch.fr\/fr\/wp-json\/wp\/v2\/categories?post=207842"},{"taxonomy":"post_tag","embeddable":true,"href":"https:\/\/rusoch.fr\/fr\/wp-json\/wp\/v2\/tags?post=207842"}],"curies":[{"name":"wp","href":"https:\/\/api.w.org\/{rel}","templated":true}]}}