{"id":208227,"date":"2017-01-07T16:15:31","date_gmt":"2017-01-07T15:15:31","guid":{"rendered":"http:\/\/rusoch.fr\/?p=208227"},"modified":"2017-07-01T18:20:19","modified_gmt":"2017-07-01T17:20:19","slug":"russkoe-rozhdestvo-v-ansi","status":"publish","type":"post","link":"https:\/\/rusoch.fr\/fr\/events\/russkoe-rozhdestvo-v-ansi.html","title":{"rendered":"No\u00ebl orthodoxe \u00e0 Annecy"},"content":{"rendered":"<p>Cela fait d\u00e9j\u00e0 quatre ans qu\u2019a lieu, sous la b\u00e9n\u00e9diction de l\u2019archev\u00eaque du dioc\u00e8se de Gen\u00e8ve et d\u2019Europe occidentale Mikha\u00efl, chaque premier dimanche du mois en la paroisse de l\u2019\u00e9glise de Tous les Saints d\u2019<strong>Annecy,<\/strong> la Divine Liturgie c\u00e9l\u00e9br\u00e9e par l\u2019archipr\u00eatre Georgi Gontcharov de la cath\u00e9drale de l\u2019Exaltation de la Sainte Croix de Gen\u00e8ve. <!--more--><\/p>\n<p><a href=\"http:\/\/rusoch.fr\/files\/2017\/01\/20170107_1210141.jpg\" rel=\"attachment wp-att-208232\"><img loading=\"lazy\" class=\"alignnone size-medium wp-image-208232\" src=\"http:\/\/rusoch.fr\/files\/2017\/01\/20170107_1210141-596x336.jpg\" alt=\"20170107_1210141\" width=\"596\" height=\"336\" srcset=\"https:\/\/rusoch.fr\/files\/2017\/01\/20170107_1210141-596x336.jpg 596w, https:\/\/rusoch.fr\/files\/2017\/01\/20170107_1210141-768x432.jpg 768w, https:\/\/rusoch.fr\/files\/2017\/01\/20170107_1210141-600x338.jpg 600w, https:\/\/rusoch.fr\/files\/2017\/01\/20170107_1210141.jpg 1000w\" sizes=\"(max-width: 596px) 100vw, 596px\" \/><\/a><\/p>\n<p>Les paroissiens attendent toujours avec impatience ces jours afin de prier, de communier lors de l\u2019Eucharistie, puis de prendre part \u00e0 des discussions spirituelles et b\u00e9n\u00e9fiques avec le p\u00e8re Georgi. Aujourd\u2019hui un heureux \u00e9v\u00e9nement a eu lieu : la c\u00e9l\u00e9bration de la Liturgie de la Nativit\u00e9, c\u00e9l\u00e9br\u00e9e par l\u2019archipr\u00eatre Emilien Pocinoc venu de Gen\u00e8ve.<\/p>\n<p><a href=\"http:\/\/rusoch.fr\/files\/2017\/01\/20170107_1157491.jpg\" rel=\"attachment wp-att-208234\"><img loading=\"lazy\" class=\"alignnone size-medium wp-image-208234\" src=\"http:\/\/rusoch.fr\/files\/2017\/01\/20170107_1157491-596x336.jpg\" alt=\"20170107_1157491\" width=\"596\" height=\"336\" srcset=\"https:\/\/rusoch.fr\/files\/2017\/01\/20170107_1157491-596x336.jpg 596w, https:\/\/rusoch.fr\/files\/2017\/01\/20170107_1157491-768x432.jpg 768w, https:\/\/rusoch.fr\/files\/2017\/01\/20170107_1157491-600x338.jpg 600w, https:\/\/rusoch.fr\/files\/2017\/01\/20170107_1157491.jpg 1000w\" sizes=\"(max-width: 596px) 100vw, 596px\" \/><\/a><\/p>\n<p>Malgr\u00e9 leur emploi du temps charg\u00e9, beaucoup ont fait le d\u00e9placement en ce samedi matin afin d\u2019adresser des pri\u00e8res au seigneur et de partager ensemble les all\u00e9gresses divines.<\/p>\n<p><a href=\"http:\/\/rusoch.fr\/files\/2017\/01\/20170107_1206101.jpg\" rel=\"attachment wp-att-208235\"><img loading=\"lazy\" class=\"alignnone size-medium wp-image-208235\" src=\"http:\/\/rusoch.fr\/files\/2017\/01\/20170107_1206101-596x336.jpg\" alt=\"20170107_1206101\" width=\"596\" height=\"336\" srcset=\"https:\/\/rusoch.fr\/files\/2017\/01\/20170107_1206101-596x336.jpg 596w, https:\/\/rusoch.fr\/files\/2017\/01\/20170107_1206101-768x432.jpg 768w, https:\/\/rusoch.fr\/files\/2017\/01\/20170107_1206101-600x338.jpg 600w, https:\/\/rusoch.fr\/files\/2017\/01\/20170107_1206101.jpg 1000w\" sizes=\"(max-width: 596px) 100vw, 596px\" \/><\/a><\/p>\n<p>Gr\u00e2ce aux efforts des plus fid\u00e8les paroissiens, le traditionnel arbre de no\u00ebl a \u00e9t\u00e9 d\u00e9cor\u00e9 selon la coutume. Le service s\u2019est d\u00e9roul\u00e9 sans interruption.<\/p>\n<p><a href=\"http:\/\/rusoch.fr\/files\/2017\/01\/20170107_1158262.jpg\" rel=\"attachment wp-att-208236\"><img loading=\"lazy\" class=\"alignnone size-medium wp-image-208236\" src=\"http:\/\/rusoch.fr\/files\/2017\/01\/20170107_1158262-596x336.jpg\" alt=\"20170107_1158262\" width=\"596\" height=\"336\" srcset=\"https:\/\/rusoch.fr\/files\/2017\/01\/20170107_1158262-596x336.jpg 596w, https:\/\/rusoch.fr\/files\/2017\/01\/20170107_1158262-768x432.jpg 768w, https:\/\/rusoch.fr\/files\/2017\/01\/20170107_1158262-600x338.jpg 600w, https:\/\/rusoch.fr\/files\/2017\/01\/20170107_1158262.jpg 1000w\" sizes=\"(max-width: 596px) 100vw, 596px\" \/><\/a><\/p>\n<p>La chorale a entonn\u00e9 diff\u00e9rents chants de no\u00ebl, contribuant d\u2019autant plus \u00e0 l\u2019ambiance festive de l\u2019\u00e9v\u00e8nement.<\/p>\n<p><a href=\"http:\/\/rusoch.fr\/files\/2017\/01\/\u0421\u043d\u0438\u043c\u043e\u043arogd.png\" rel=\"attachment wp-att-208243\"><img loading=\"lazy\" class=\"alignnone size-medium wp-image-208243\" src=\"http:\/\/rusoch.fr\/files\/2017\/01\/\u0421\u043d\u0438\u043c\u043e\u043arogd-596x320.png\" alt=\"snimokrogd\" width=\"596\" height=\"320\" srcset=\"https:\/\/rusoch.fr\/files\/2017\/01\/\u0421\u043d\u0438\u043c\u043e\u043arogd-596x320.png 596w, https:\/\/rusoch.fr\/files\/2017\/01\/\u0421\u043d\u0438\u043c\u043e\u043arogd-768x412.png 768w, https:\/\/rusoch.fr\/files\/2017\/01\/\u0421\u043d\u0438\u043c\u043e\u043arogd-600x322.png 600w, https:\/\/rusoch.fr\/files\/2017\/01\/\u0421\u043d\u0438\u043c\u043e\u043arogd.png 1369w\" sizes=\"(max-width: 596px) 100vw, 596px\" \/><\/a><\/p>\n<p>Selon la tradition, les paroissiens se sont r\u00e9unis pour le repas de f\u00eate.<\/p>\n<p><a href=\"http:\/\/rusoch.fr\/files\/2017\/01\/20170107_1230561.jpg\" rel=\"attachment wp-att-208237\"><img loading=\"lazy\" class=\"alignnone size-medium wp-image-208237\" src=\"http:\/\/rusoch.fr\/files\/2017\/01\/20170107_1230561-596x336.jpg\" alt=\"20170107_1230561\" width=\"596\" height=\"336\" srcset=\"https:\/\/rusoch.fr\/files\/2017\/01\/20170107_1230561-596x336.jpg 596w, https:\/\/rusoch.fr\/files\/2017\/01\/20170107_1230561-768x432.jpg 768w, https:\/\/rusoch.fr\/files\/2017\/01\/20170107_1230561-600x338.jpg 600w, https:\/\/rusoch.fr\/files\/2017\/01\/20170107_1230561.jpg 1000w\" sizes=\"(max-width: 596px) 100vw, 596px\" \/><\/a><\/p>\n<p>A la fin de l\u2019\u00e9v\u00e8nement, le p\u00e8re Emilien a remerci\u00e9 tous les membres pour leur accueil chaleureux.<\/p>\n<p><strong><em>Sur le th\u00e8me :<\/em><\/strong><\/p>\n<blockquote data-secret=\"i7uhx9SWJ6\" class=\"wp-embedded-content\">\n<p><a href=\"http:\/\/rusoch.fr\/tour\/sopernica-bajkala.html\">\u0410\u043d\u0441\u0438&nbsp;&mdash; \u0441\u043e\u043f\u0435\u0440\u043d\u0438\u043a  \u0411\u0430\u0439\u043a\u0430\u043b\u0430<\/a><\/p>\n<\/blockquote>\n<p><iframe class=\"wp-embedded-content\" sandbox=\"allow-scripts\" security=\"restricted\" style=\"position: absolute; clip: rect(1px, 1px, 1px, 1px);\" src=\"http:\/\/rusoch.fr\/tour\/sopernica-bajkala.html\/embed#?secret=i7uhx9SWJ6\" data-secret=\"i7uhx9SWJ6\" width=\"600\" height=\"338\" title=\"\u00ab\u0410\u043d\u0441\u0438&nbsp;&mdash; \u0441\u043e\u043f\u0435\u0440\u043d\u0438\u043a  \u0411\u0430\u0439\u043a\u0430\u043b\u0430\u00bb &#8212; \u0420\u0443\u0441\u0441\u043a\u0438\u0439 \u043e\u0447\u0435\u0432\u0438\u0434\u0435\u0446|L\u2019Observateur Russe\" frameborder=\"0\" marginwidth=\"0\" marginheight=\"0\" scrolling=\"no\"><\/iframe><\/p>\n<blockquote data-secret=\"iX4K1ienkK\" class=\"wp-embedded-content\">\n<p><a href=\"http:\/\/rusoch.fr\/tour\/v-ansi-otprazdnovali-9-maya.html\">\u0412 \u0410\u043d\u0441\u0438 \u043e\u0442\u043f\u0440\u0430\u0437\u0434\u043d\u043e\u0432\u0430\u043b\u0438 9 \u043c\u0430\u044f|Annecy f\u00eate le 9 mai<\/a><\/p>\n<\/blockquote>\n<p><iframe class=\"wp-embedded-content\" sandbox=\"allow-scripts\" security=\"restricted\" style=\"position: absolute; clip: rect(1px, 1px, 1px, 1px);\" src=\"http:\/\/rusoch.fr\/tour\/v-ansi-otprazdnovali-9-maya.html\/embed#?secret=iX4K1ienkK\" data-secret=\"iX4K1ienkK\" width=\"600\" height=\"338\" title=\"\u00ab\u0412 \u0410\u043d\u0441\u0438 \u043e\u0442\u043f\u0440\u0430\u0437\u0434\u043d\u043e\u0432\u0430\u043b\u0438 9 \u043c\u0430\u044f|Annecy f\u00eate le 9 mai\u00bb &#8212; \u0420\u0443\u0441\u0441\u043a\u0438\u0439 \u043e\u0447\u0435\u0432\u0438\u0434\u0435\u0446|L\u2019Observateur Russe\" frameborder=\"0\" marginwidth=\"0\" marginheight=\"0\" scrolling=\"no\"><\/iframe><\/p>\n<p><strong>Marina Oganova, pr\u00e9sidente de L&#39;association Franco-russe, Annecy<br \/>\n<\/strong><br \/>\n<em>Photos de l&#39;auteur<\/em><\/p>\n<p><strong>Lire aussi:<\/strong><\/p>\n<h4 class=\"entry-title p-name\"><a href=\"http:\/\/rusoch.fr\/lang\/fr\/tour\/v-ansi-otprazdnovali-9-maya.html\">Annecy f\u00eate le 9 mai <\/a><\/h4>\n<p>&nbsp;<\/p>","protected":false},"excerpt":{"rendered":"<p>D\u00e9sol\u00e9, cet article est seulement disponible en Russe.<\/p>\n","protected":false},"author":2,"featured_media":208232,"comment_status":"open","ping_status":"open","sticky":false,"template":"","format":"standard","meta":[],"categories":[6],"tags":[2803,2804,2795,289],"aioseo_notices":[],"_links":{"self":[{"href":"https:\/\/rusoch.fr\/fr\/wp-json\/wp\/v2\/posts\/208227"}],"collection":[{"href":"https:\/\/rusoch.fr\/fr\/wp-json\/wp\/v2\/posts"}],"about":[{"href":"https:\/\/rusoch.fr\/fr\/wp-json\/wp\/v2\/types\/post"}],"author":[{"embeddable":true,"href":"https:\/\/rusoch.fr\/fr\/wp-json\/wp\/v2\/users\/2"}],"replies":[{"embeddable":true,"href":"https:\/\/rusoch.fr\/fr\/wp-json\/wp\/v2\/comments?post=208227"}],"version-history":[{"count":0,"href":"https:\/\/rusoch.fr\/fr\/wp-json\/wp\/v2\/posts\/208227\/revisions"}],"wp:featuredmedia":[{"embeddable":true,"href":"https:\/\/rusoch.fr\/fr\/wp-json\/wp\/v2\/media\/208232"}],"wp:attachment":[{"href":"https:\/\/rusoch.fr\/fr\/wp-json\/wp\/v2\/media?parent=208227"}],"wp:term":[{"taxonomy":"category","embeddable":true,"href":"https:\/\/rusoch.fr\/fr\/wp-json\/wp\/v2\/categories?post=208227"},{"taxonomy":"post_tag","embeddable":true,"href":"https:\/\/rusoch.fr\/fr\/wp-json\/wp\/v2\/tags?post=208227"}],"curies":[{"name":"wp","href":"https:\/\/api.w.org\/{rel}","templated":true}]}}