{"id":208505,"date":"2017-01-25T00:39:19","date_gmt":"2017-01-24T23:39:19","guid":{"rendered":"http:\/\/rusoch.fr\/?p=208505"},"modified":"2017-06-26T14:01:19","modified_gmt":"2017-06-26T13:01:19","slug":"kak-franciya-boretsya-s-rekordnymi-xolodami-ili-pochemu-v-strane-ne-xvataet-elektrichestva","status":"publish","type":"post","link":"https:\/\/rusoch.fr\/fr\/tour\/kak-franciya-boretsya-s-rekordnymi-xolodami-ili-pochemu-v-strane-ne-xvataet-elektrichestva.html","title":{"rendered":"Comment la France fait-elle face aux records de froid ou pourquoi le pays est en p\u00e9nurie d&#39;\u00e9lectricit\u00e9"},"content":{"rendered":"<p>La France grelotte. Afin de ne pas laisser les Fran\u00e7ais sans l\u2019\u00e9lectricit\u00e9 ni chauffage, le gouvernement a lanc\u00e9 un ambitieux plan de lutte contre le froid. Comment les Fran\u00e7ais aident-ils les autorit\u00e9s \u00e0 \u00e9viter un blackout ? Quelle est l\u2019origine de la p\u00e9nurie d\u2019\u00e9nergie de la 6\u00e8me puissance \u00e9conomique mondiale ?<!--more--><\/p>\n<p><div id=\"attachment_208506\" style=\"width: 580px\" class=\"wp-caption alignnone\"><a href=\"http:\/\/rusoch.fr\/files\/2017\/01\/Flickr.jpg\" rel=\"attachment wp-att-208506\"><img aria-describedby=\"caption-attachment-208506\" loading=\"lazy\" class=\"wp-image-208506 size-medium\" src=\"http:\/\/rusoch.fr\/files\/2017\/01\/Flickr-570x379.jpg\" alt=\"\" width=\"570\" height=\"379\" srcset=\"https:\/\/rusoch.fr\/files\/2017\/01\/Flickr-570x379.jpg 570w, https:\/\/rusoch.fr\/files\/2017\/01\/Flickr-768x511.jpg 768w, https:\/\/rusoch.fr\/files\/2017\/01\/Flickr-600x399.jpg 600w, https:\/\/rusoch.fr\/files\/2017\/01\/Flickr.jpg 1024w\" sizes=\"(max-width: 570px) 100vw, 570px\" \/><\/a><p id=\"caption-attachment-208506\" class=\"wp-caption-text\">Photo: Flickr<\/p><\/div><\/p>\n<p><strong>-8 : ordinaire pour les Russes, insurmontable pour les Fran\u00e7ais<\/strong><br \/>\nSelon les normales saisonni\u00e8res, cette temp\u00e9rature relev\u00e9e cet hiver en France devrait \u00eatre de 5 \u00e0 10 degr\u00e9s plus \u00e9lev\u00e9e. M\u00eame la menace d\u2019une \u00e9pid\u00e9mie de grippe et les difficult\u00e9s li\u00e9es aux transports en commun sont rel\u00e9gu\u00e9es au second plan. La principale pr\u00e9occupation du gouvernement est d\u2019\u00e9viter la survenue, fort probable, d\u2019un blackout. En effet, le pays est pris en otage par sa politique environnementale.<\/p>\n<p><strong>Une bonne intention<br \/>\n<\/strong><br \/>\n<a href=\"http:\/\/www.developpement-durable.gouv.fr\/-La-transition-energetique-pour-la-.html\">La loi relative \u00e0 la transition \u00e9nerg\u00e9tique<\/a> adopt\u00e9e en 2014 avait des objectifs honorables : assurer l\u2019ind\u00e9pendance \u00e9nerg\u00e9tique de la France et contribuer \u00e0 la protection de l\u2019environnement. L\u2019un des objectifs de la loi est de r\u00e9duire la part du nucl\u00e9aire de 75 \u00e0 50% \u00e0 l\u2019horizon 2025, notamment pour des raisons de s\u00e9curit\u00e9, objectif fix\u00e9 apr\u00e8s le terrible accident de la centrale nucl\u00e9aire japonaise de Fukushima en 2011.<\/p>\n<blockquote>\n<p>R\u00e9sultat : la plupart des r\u00e9acteurs nucl\u00e9aires en activit\u00e9 depuis deux d\u00e9cennies en France ont \u00e9t\u00e9 subitement ferm\u00e9s.<\/p>\n<\/blockquote>\n<p>En outre, au cours des derni\u00e8res ann\u00e9es, beaucoup de centrales de production d\u2019\u00e9lectricit\u00e9 et d\u2019\u00e9nergie thermique : charbon, mazout et gaz, pour une puissance totale de 1 200 m\u00e9gawatts ont \u00e9t\u00e9 ferm\u00e9es.<\/p>\n<p><a href=\"http:\/\/rusoch.fr\/files\/2017\/01\/\u041f\u043e\u0442\u0440\u0435\u0431\u043b\u0435\u043d\u0438\u0435-\u044d\u043b\u0435\u043a\u0442\u0440\u043e\u044d\u043d\u0435\u0440\u0433\u0438\u0438-\u0432\u043e-\u0424\u0440\u0430\u043d\u0446\u0438\u0438.png\" rel=\"attachment wp-att-208507\"><img loading=\"lazy\" class=\"alignnone size-medium wp-image-208507\" src=\"http:\/\/rusoch.fr\/files\/2017\/01\/\u041f\u043e\u0442\u0440\u0435\u0431\u043b\u0435\u043d\u0438\u0435-\u044d\u043b\u0435\u043a\u0442\u0440\u043e\u044d\u043d\u0435\u0440\u0433\u0438\u0438-\u0432\u043e-\u0424\u0440\u0430\u043d\u0446\u0438\u0438-418x379.png\" alt=\"\u041f\u043e\u0442\u0440\u0435\u0431\u043b\u0435\u043d\u0438\u0435 \u044d\u043b\u0435\u043a\u0442\u0440\u043e\u044d\u043d\u0435\u0440\u0433\u0438\u0438 \u0432\u043e \u0424\u0440\u0430\u043d\u0446\u0438\u0438\" width=\"418\" height=\"379\" srcset=\"https:\/\/rusoch.fr\/files\/2017\/01\/\u041f\u043e\u0442\u0440\u0435\u0431\u043b\u0435\u043d\u0438\u0435-\u044d\u043b\u0435\u043a\u0442\u0440\u043e\u044d\u043d\u0435\u0440\u0433\u0438\u0438-\u0432\u043e-\u0424\u0440\u0430\u043d\u0446\u0438\u0438-418x379.png 418w, https:\/\/rusoch.fr\/files\/2017\/01\/\u041f\u043e\u0442\u0440\u0435\u0431\u043b\u0435\u043d\u0438\u0435-\u044d\u043b\u0435\u043a\u0442\u0440\u043e\u044d\u043d\u0435\u0440\u0433\u0438\u0438-\u0432\u043e-\u0424\u0440\u0430\u043d\u0446\u0438\u0438-768x696.png 768w, https:\/\/rusoch.fr\/files\/2017\/01\/\u041f\u043e\u0442\u0440\u0435\u0431\u043b\u0435\u043d\u0438\u0435-\u044d\u043b\u0435\u043a\u0442\u0440\u043e\u044d\u043d\u0435\u0440\u0433\u0438\u0438-\u0432\u043e-\u0424\u0440\u0430\u043d\u0446\u0438\u0438-441x400.png 441w, https:\/\/rusoch.fr\/files\/2017\/01\/\u041f\u043e\u0442\u0440\u0435\u0431\u043b\u0435\u043d\u0438\u0435-\u044d\u043b\u0435\u043a\u0442\u0440\u043e\u044d\u043d\u0435\u0440\u0433\u0438\u0438-\u0432\u043e-\u0424\u0440\u0430\u043d\u0446\u0438\u0438-600x544.png 600w, https:\/\/rusoch.fr\/files\/2017\/01\/\u041f\u043e\u0442\u0440\u0435\u0431\u043b\u0435\u043d\u0438\u0435-\u044d\u043b\u0435\u043a\u0442\u0440\u043e\u044d\u043d\u0435\u0440\u0433\u0438\u0438-\u0432\u043e-\u0424\u0440\u0430\u043d\u0446\u0438\u0438.png 909w\" sizes=\"(max-width: 418px) 100vw, 418px\" \/><\/a><\/p>\n<p>&nbsp;<\/p>\n<p>Au c\u0153ur de la semaine du 16 au 22 janvier, la plus froide de cet hiver, beaucoup de membres du gouvernement ont certainement regrett\u00e9 leurs d\u00e9cisions h\u00e2tives. En effet, durant cette semaine, le volume de la consommation a franchi<a href=\"http:\/\/www.rte-france.com\/fr\/eco2mix\/chiffres-cles\"> les 93 Gw<\/a> alors que la moyenne quotidienne en 2012&mdash;2015 \u00e9tait de 55 Gw.<br \/>\nEn th\u00e9orie, la France est capable de produire 129 gigawatts d&#39;\u00e9nergie.<\/p>\n<blockquote>\n<p>Mais plus de la moiti\u00e9 de cette puissance provient de 58 r\u00e9acteurs nucl\u00e9aires, dont seulement 5 fonctionnent normalement et produisent 5,5 Gw.<\/p>\n<\/blockquote>\n<p><strong>\u00ab L\u2019\u00e9nergie verte \u00bb n\u2019est d\u2019aucune aide<\/strong><\/p>\n<p>Entre autres, la menace de blackout r\u00e9side dans le fait que 33% des logements du pays sont chauff\u00e9s \u00e0 l&#39;\u00e9lectricit\u00e9. En comparaison, ce taux est de 5% en Allemagne. C\u2019est pourquoi la France est le pays d\u2019Europe qui consomme le plus d&#39;\u00e9nergie. Et il semblerait que cela ne soit pas pr\u00e8s de changer : une maison neuve sur deux est chauff\u00e9e \u00e0 l\u2019\u00e9lectricit\u00e9.<br \/>\nRenon\u00e7ant aux modes de production d\u2019\u00e9nergie&nbsp;&mdash; efficaces mais au d\u00e9triment de l\u2019environnement&nbsp;&mdash; \u00e0 partir de p\u00e9trole, de tourbe et de charbon, la France s\u2019est activement engag\u00e9e dans la construction de parcs \u00e9oliens, de centrales solaires, hydro\u00e9lectriques et autres centrales d\u2019extraction d\u2019\u00e9nergie \u00ab verte \u00bb. Mais le pays n\u2019est seulement qu\u2019\u00e0 l\u2019or\u00e9e du chemin menant \u00e0 une production \u00e9nerg\u00e9tique 100% \u00e9cologique. Entre autres, en raison des conditions m\u00e9t\u00e9orologiques : le soleil ne rayonne pas suffisamment sur les centrales solaires, le vent ne souffle pas assez sur les \u00e9oliennes et le d\u00e9bit des mar\u00e9es sur les centrales hydro\u00e9lectriques est trop faible. Par cons\u00e9quent, les autorit\u00e9s doivent trouver d\u2019autres solutions.<\/p>\n<p><strong>Le plan pour la \u00ab lutte contre le froid \u00bb<\/strong><\/p>\n<p>Pour compenser la p\u00e9nurie d\u2019\u00e9lectricit\u00e9, l\u2019Autorit\u00e9 de s\u00fbret\u00e9 nucl\u00e9aire, ASN, a retard\u00e9 la fermeture du r\u00e9acteur Tricastin-2 de deux semaines. Deux r\u00e9acteurs, Civaux-1 et Civaux-2 devaient \u00e9galement \u00eatre ferm\u00e9s, mais le gouvernement a chang\u00e9 d\u2019avis \u00ab en raison du risque de p\u00e9nurie d\u2019\u00e9lectricit\u00e9 dans le nord-ouest du pays en p\u00e9riode de grand froid \u00bb. En outre, le minist\u00e8re de l&#39;Environnement, de l&#39;Energie et de la Mer a donn\u00e9 son feu vert pour le red\u00e9marrage de 9 r\u00e9acteurs. 7 d\u2019entre eux sont d\u00e9j\u00e0 en activit\u00e9.<\/p>\n<p><a href=\"http:\/\/rusoch.fr\/files\/2017\/01\/\u041f\u0440\u043e\u0438\u0437\u0432\u043e\u0434\u0441\u0442\u0432\u043e-\u044d\u043b\u0435\u043a\u0442\u0440\u043e\u044d\u043d\u0435\u0440\u0433\u0438\u0438-\u0432\u043e-\u0424\u0440\u0430\u043d\u0446\u0438\u0438.png\" rel=\"attachment wp-att-208508\"><img loading=\"lazy\" class=\"alignnone size-medium wp-image-208508\" src=\"http:\/\/rusoch.fr\/files\/2017\/01\/\u041f\u0440\u043e\u0438\u0437\u0432\u043e\u0434\u0441\u0442\u0432\u043e-\u044d\u043b\u0435\u043a\u0442\u0440\u043e\u044d\u043d\u0435\u0440\u0433\u0438\u0438-\u0432\u043e-\u0424\u0440\u0430\u043d\u0446\u0438\u0438-420x379.png\" alt=\"\u041f\u0440\u043e\u0438\u0437\u0432\u043e\u0434\u0441\u0442\u0432\u043e \u044d\u043b\u0435\u043a\u0442\u0440\u043e\u044d\u043d\u0435\u0440\u0433\u0438\u0438 \u0432\u043e \u0424\u0440\u0430\u043d\u0446\u0438\u0438\" width=\"420\" height=\"379\" srcset=\"https:\/\/rusoch.fr\/files\/2017\/01\/\u041f\u0440\u043e\u0438\u0437\u0432\u043e\u0434\u0441\u0442\u0432\u043e-\u044d\u043b\u0435\u043a\u0442\u0440\u043e\u044d\u043d\u0435\u0440\u0433\u0438\u0438-\u0432\u043e-\u0424\u0440\u0430\u043d\u0446\u0438\u0438-420x379.png 420w, https:\/\/rusoch.fr\/files\/2017\/01\/\u041f\u0440\u043e\u0438\u0437\u0432\u043e\u0434\u0441\u0442\u0432\u043e-\u044d\u043b\u0435\u043a\u0442\u0440\u043e\u044d\u043d\u0435\u0440\u0433\u0438\u0438-\u0432\u043e-\u0424\u0440\u0430\u043d\u0446\u0438\u0438-768x693.png 768w, https:\/\/rusoch.fr\/files\/2017\/01\/\u041f\u0440\u043e\u0438\u0437\u0432\u043e\u0434\u0441\u0442\u0432\u043e-\u044d\u043b\u0435\u043a\u0442\u0440\u043e\u044d\u043d\u0435\u0440\u0433\u0438\u0438-\u0432\u043e-\u0424\u0440\u0430\u043d\u0446\u0438\u0438-443x400.png 443w, https:\/\/rusoch.fr\/files\/2017\/01\/\u041f\u0440\u043e\u0438\u0437\u0432\u043e\u0434\u0441\u0442\u0432\u043e-\u044d\u043b\u0435\u043a\u0442\u0440\u043e\u044d\u043d\u0435\u0440\u0433\u0438\u0438-\u0432\u043e-\u0424\u0440\u0430\u043d\u0446\u0438\u0438-600x541.png 600w, https:\/\/rusoch.fr\/files\/2017\/01\/\u041f\u0440\u043e\u0438\u0437\u0432\u043e\u0434\u0441\u0442\u0432\u043e-\u044d\u043b\u0435\u043a\u0442\u0440\u043e\u044d\u043d\u0435\u0440\u0433\u0438\u0438-\u0432\u043e-\u0424\u0440\u0430\u043d\u0446\u0438\u0438.png 910w\" sizes=\"(max-width: 420px) 100vw, 420px\" \/><\/a><\/p>\n<p>&nbsp;<\/p>\n<p>&nbsp;<\/p>\n<p>Le minist\u00e8re a \u00e9galement d\u00e9cid\u00e9 d\u2019augmenter l\u2019importation d\u2019\u00e9nergie en provenance des pays voisins (principalement d\u2019Allemagne, de Belgique et du Royaume-Uni).<\/p>\n<p>Le pr\u00e9sident Fran\u00e7ois Hollande a annonc\u00e9 un plan de \u00ab lutte contre le froid \u00bb. L\u2019une des mesures pour l\u2019\u00e9conomie d\u2019\u00e9nergie est l\u2019arr\u00eat de l\u2019\u00e9clairage de nuit de tous les b\u00e2timents administratifs. La capitale a d\u00e9j\u00e0 coup\u00e9 l\u2019\u00e9clairage de 230 b\u00e2timents. Par rapport \u00e0 la quantit\u00e9 d\u2019\u00e9lectricit\u00e9 consomm\u00e9e par l\u2019industrie, c\u2019est une goutte d\u2019eau dans la mer. Par cons\u00e9quent, 21 grandes entreprises ont conclu un accord sur l\u2019extinction de l\u2019\u00e9clairage de 15 minutes \u00e0 2 heures en cas de besoin. Cela permettra d\u2019\u00e9conomiser 1,5 Gw, mais aussi de r\u00e9duire la tension dans les r\u00e9seaux de 4 Gw aux heures de pointe de consommation d&#39;\u00e9lectricit\u00e9.<\/p>\n<p><strong>Un appel \u00e0 la responsabilit\u00e9 des citoyens<br \/>\n<\/strong><br \/>\nUniquement durant les premi\u00e8res heures du soir, les Fran\u00e7ais d\u00e9pensent 40% du volume d\u2019\u00e9nergie \u00e9lectrique, rapporte<a href=\"http:\/\/www.ademe.fr\/particuliers-eco-citoyens\/habitation\/bien-gerer-habitat\/limiter-consommation-denergie-periode-grand-froid\"> l\u2019Ad\u00e8me <\/a>(Agence de l&#39;environnement et de gestion de l&#39;\u00e9nergie). Il appara\u00eet qu\u2019en rentrant du travail, le premier r\u00e9flexe des Fran\u00e7ais est d\u2019allumer le chauffage et la lumi\u00e8re, plus pr\u00e9cis\u00e9ment entre 17 et 20 heures. En ce moment, il existe un risque de surtension des r\u00e9seaux et d\u2019importantes pannes qui pourraient conduire \u00e0 un blackout dans tout le pays.<\/p>\n<blockquote>\n<p>Le principal danger et non seulement la p\u00e9nurie d\u2019\u00e9nergie mais aussi sa consommation simultan\u00e9e<\/p>\n<\/blockquote>\n<p>C\u2019est pourquoi le gouvernement a demand\u00e9 \u00e0 la population du pays de \u00ab faire un geste civil \u00bb \u00e0 savoir :<\/p>\n<p>&mdash; r\u00e9duire la temp\u00e9rature des logements de 1\u00b0C. Selon les estimations des experts, cela permettrait d\u2019\u00e9conomiser 2,5 Gw (ce qui correspond \u00e0 la capacit\u00e9 de production de deux r\u00e9acteurs nucl\u00e9aires),<\/p>\n<p>&mdash; maintenir une temp\u00e9rature moyenne de 19\u00b0C dans le logement (16\u00b0C-17\u00b0C dans les chambres et 21\u00b0C dans la salle de bain),<\/p>\n<p>&mdash; ne pas mettre en route de lave-linge ou lave-vaisselle entre 17h00 et 20h00,<\/p>\n<p>&mdash; \u00e9teindre compl\u00e8tement les ordinateurs apr\u00e8s utilisation (pas de mode \u00ab veille \u00bb),<\/p>\n<p>&mdash; charger les appareils \u00e9lectroniques et les t\u00e9l\u00e9phones mobiles entre 15h00 et 17h00 ou apr\u00e8s 22h00,<\/p>\n<p>&mdash; ne pas laisser branch\u00e9s les chargeurs et appareils \u00e9lectriques inutilis\u00e9s,<\/p>\n<p>&mdash; fermer les volets et ne pas oublier d\u2019\u00e9teindre la lumi\u00e8re en quittant la pi\u00e8ce.<\/p>\n<p>A ce jour, les pr\u00e9visions des m\u00e9t\u00e9orologues ne sont pas des plus rassurantes : le froid persisterait au moins jusqu\u2019\u00e0 la fin de la semaine sur l\u2019ensemble du territoire fran\u00e7ais (hors Corse).<\/p>\n<p>Mais rien ne sert de paniquer : il n\u2019y aura pas de blackout. C\u2019est ce qu\u2019<a href=\"http:\/\/www.bfmtv.com\/mediaplayer\/video\/froid-royal-promet-qu-il-n-y-aura-pas-de-coupure-d-electricite-904365.html\">affirme S\u00e9gol\u00e8ne Royal<\/a>, ministre de l&#39;Environnement, de l&#39;\u00c9nergie et de la Mer\u00a0 ainsi que les principaux dirigeants des entreprises d\u2019\u00e9nergie du pays.<br \/>\nComme mesure extr\u00eame, le <a href=\"http:\/\/www.rte-france.com\/\">RTE <\/a>(R\u00e9seau de transport d\u2019\u00e9lectricit\u00e9)\u00a0 pourrait r\u00e9duire la tension \u00e9lectrique des logements des Fran\u00e7ais de 5%.<br \/>\nLes t\u00e9l\u00e9phones mettraient alors plus de temps \u00e0 se recharger, les cuisini\u00e8res \u00e9lectriques un peu plus de temps \u00e0 r\u00e9chauffer le d\u00eener et la lumi\u00e8re serait moins vive qu\u2019\u00e0 l\u2019accoutum\u00e9e. Mais ce n\u2019est que dans le pire des cas.<\/p>","protected":false},"excerpt":{"rendered":"<p>D\u00e9sol\u00e9, cet article est seulement disponible en Russe.<\/p>\n","protected":false},"author":2,"featured_media":208506,"comment_status":"open","ping_status":"open","sticky":false,"template":"","format":"standard","meta":[],"categories":[7],"tags":[],"aioseo_notices":[],"_links":{"self":[{"href":"https:\/\/rusoch.fr\/fr\/wp-json\/wp\/v2\/posts\/208505"}],"collection":[{"href":"https:\/\/rusoch.fr\/fr\/wp-json\/wp\/v2\/posts"}],"about":[{"href":"https:\/\/rusoch.fr\/fr\/wp-json\/wp\/v2\/types\/post"}],"author":[{"embeddable":true,"href":"https:\/\/rusoch.fr\/fr\/wp-json\/wp\/v2\/users\/2"}],"replies":[{"embeddable":true,"href":"https:\/\/rusoch.fr\/fr\/wp-json\/wp\/v2\/comments?post=208505"}],"version-history":[{"count":0,"href":"https:\/\/rusoch.fr\/fr\/wp-json\/wp\/v2\/posts\/208505\/revisions"}],"wp:featuredmedia":[{"embeddable":true,"href":"https:\/\/rusoch.fr\/fr\/wp-json\/wp\/v2\/media\/208506"}],"wp:attachment":[{"href":"https:\/\/rusoch.fr\/fr\/wp-json\/wp\/v2\/media?parent=208505"}],"wp:term":[{"taxonomy":"category","embeddable":true,"href":"https:\/\/rusoch.fr\/fr\/wp-json\/wp\/v2\/categories?post=208505"},{"taxonomy":"post_tag","embeddable":true,"href":"https:\/\/rusoch.fr\/fr\/wp-json\/wp\/v2\/tags?post=208505"}],"curies":[{"name":"wp","href":"https:\/\/api.w.org\/{rel}","templated":true}]}}