{"id":208665,"date":"2017-02-08T00:13:57","date_gmt":"2017-02-07T23:13:57","guid":{"rendered":"http:\/\/rusoch.fr\/?p=208665"},"modified":"2017-07-01T17:28:11","modified_gmt":"2017-07-01T16:28:11","slug":"iz-astraxani-v-parizh-edut-kazaki","status":"publish","type":"post","link":"https:\/\/rusoch.fr\/fr\/guests\/iz-astraxani-v-parizh-edut-kazaki.html","title":{"rendered":"Les cosaques d\u2019Astrakhan \u00e0 Paris"},"content":{"rendered":"<p>La deuxi\u00e8me Conf\u00e9rence scientifique internationale \u00ab Les cosaques \u00e0 l\u2019\u00e9tranger. 1917&mdash;2017 : les le\u00e7ons d\u2019un si\u00e8cle \u00bb aura lieu au centre spirituel et culturel de Paris les 18 et 19 f\u00e9vrier. <!--more--><a href=\"http:\/\/rusoch.fr\/files\/2017\/02\/d01097382339ead1c8d3c8cdefe62553.jpg\" rel=\"attachment wp-att-208666\"><img loading=\"lazy\" class=\"alignnone size-medium wp-image-208666\" src=\"http:\/\/rusoch.fr\/files\/2017\/02\/d01097382339ead1c8d3c8cdefe62553-573x379.jpg\" alt=\"d01097382339ead1c8d3c8cdefe62553\" width=\"573\" height=\"379\" srcset=\"https:\/\/rusoch.fr\/files\/2017\/02\/d01097382339ead1c8d3c8cdefe62553-573x379.jpg 573w, https:\/\/rusoch.fr\/files\/2017\/02\/d01097382339ead1c8d3c8cdefe62553-768x508.jpg 768w, https:\/\/rusoch.fr\/files\/2017\/02\/d01097382339ead1c8d3c8cdefe62553-600x397.jpg 600w, https:\/\/rusoch.fr\/files\/2017\/02\/d01097382339ead1c8d3c8cdefe62553.jpg 1200w\" sizes=\"(max-width: 573px) 100vw, 573px\" \/><\/a><\/p>\n<p>&nbsp;<\/p>\n<p>Des cosaques russes participeront \u00e0 l\u2019\u00e9v\u00e8nement.<\/p>\n<p>Une importante d\u00e9l\u00e9gation fera le d\u00e9placement de la r\u00e9gion d\u2019Astrakhan \u00e0 Paris.<\/p>\n<p>Sous la direction du vice-gouverneur de la r\u00e9gion, de l\u2019ataman d\u2019Astrakhan du district des cosaques, \u00e0 Paris arriveront le corps des cadets cosaques, l\u2019\u00e9quipe cr\u00e9ative de l\u2019Ensemble Chansons traditionnelles et des repr\u00e9sentants de l\u2019\u00e9glise.<\/p>\n<p>La deuxi\u00e8me Conf\u00e9rence scientifique internationale sera dirig\u00e9e par le m\u00e9tropolite Cyrille de Stavropol et Nevinnomyssk.<\/p>\n<p><strong> Au forum sont invit\u00e9s<\/strong> des repr\u00e9sentants des descendants de cosaques, des repr\u00e9sentants de la soci\u00e9t\u00e9 cosaque contemporaine, des associations, des repr\u00e9sentants des pouvoirs publics, des personnalit\u00e9s des sciences sociales et politiques, des scientifiques, des personnalit\u00e9s de la culture, de l\u2019\u00e9ducation, des repr\u00e9sentants des m\u00e9dias et des apprentis des institutions d\u2019\u00e9ducation cosaques.<\/p>\n<p><strong>Dimanche 19 f\u00e9vrier,<\/strong> la Divine Liturgie sera c\u00e9l\u00e9br\u00e9e dans la cath\u00e9drale de la Sainte Trinit\u00e9 du Dioc\u00e8se de Cherson\u00e8se de l\u2019\u00c9glise orthodoxe russe. Dans le cadre de la conf\u00e9rence, des rencontres avec les cosaques et leurs descendants vivants \u00e0 l\u2019\u00e9tranger, ainsi qu\u2019avec les pr\u00eatres, des c\u00e9l\u00e9brations de m\u00e9moire et souvenirs ainsi qu\u2019une r\u00e9ception au Mus\u00e9e du R\u00e9giment de cosaques de la Garde imp\u00e9riale sont pr\u00e9vus.<br \/>\nUn office est \u00e9galement pr\u00e9vu \u00e0 la parcelle cosaque du cimeti\u00e8re de Sainte-Genevi\u00e8ve-des-Bois.<\/p>\n<p>Pour toute question relative \u00e0 l\u2019organisation, veuillez contacter Poustobaev Alexandre Alexandrovitch, responsable du comit\u00e9 d\u2019organisation \u00e0 Paris, \u00e0 l\u2019adresse suivante : comreform.europe@gmail.com<\/p>\n<p>Sur le m\u00eame sujet:<br \/>\n<a href=\"http:\/\/rusoch.fr\/lang\/fr\/guests\/mitropolit-kirill-priexal-v-parizh-vstretitsya-s-potomkami-kazakov.html\"> Le m\u00e9tropolite Cyrille a rencontr\u00e9 \u00e0 Paris les descendants des Cosaques<\/a><br \/>\n<a href=\"http:\/\/rusoch.fr\/lang\/fr\/cult\/donskie-kazaki-vo-francii-ili-parizh-na-donu.html\">Les cosaques du Don en France, ou Paris-sur-le-Don<\/a><br \/>\n<a href=\"http:\/\/rusoch.fr\/lang\/fr\/rus\/velikoe-priorstvo-rossijskoe-v-muzee-lejb-gvardii-kazachego-polka.html\">L&#39;Assembl\u00e9e du Grand Prieur\u00e9 Russe au Mus\u00e9e des cosaques<\/a><\/p>","protected":false},"excerpt":{"rendered":"<p>D\u00e9sol\u00e9, cet article est seulement disponible en Russe.<\/p>\n","protected":false},"author":2,"featured_media":208666,"comment_status":"open","ping_status":"open","sticky":false,"template":"","format":"standard","meta":[],"categories":[3],"tags":[2854,2120,2118,13],"aioseo_notices":[],"_links":{"self":[{"href":"https:\/\/rusoch.fr\/fr\/wp-json\/wp\/v2\/posts\/208665"}],"collection":[{"href":"https:\/\/rusoch.fr\/fr\/wp-json\/wp\/v2\/posts"}],"about":[{"href":"https:\/\/rusoch.fr\/fr\/wp-json\/wp\/v2\/types\/post"}],"author":[{"embeddable":true,"href":"https:\/\/rusoch.fr\/fr\/wp-json\/wp\/v2\/users\/2"}],"replies":[{"embeddable":true,"href":"https:\/\/rusoch.fr\/fr\/wp-json\/wp\/v2\/comments?post=208665"}],"version-history":[{"count":0,"href":"https:\/\/rusoch.fr\/fr\/wp-json\/wp\/v2\/posts\/208665\/revisions"}],"wp:featuredmedia":[{"embeddable":true,"href":"https:\/\/rusoch.fr\/fr\/wp-json\/wp\/v2\/media\/208666"}],"wp:attachment":[{"href":"https:\/\/rusoch.fr\/fr\/wp-json\/wp\/v2\/media?parent=208665"}],"wp:term":[{"taxonomy":"category","embeddable":true,"href":"https:\/\/rusoch.fr\/fr\/wp-json\/wp\/v2\/categories?post=208665"},{"taxonomy":"post_tag","embeddable":true,"href":"https:\/\/rusoch.fr\/fr\/wp-json\/wp\/v2\/tags?post=208665"}],"curies":[{"name":"wp","href":"https:\/\/api.w.org\/{rel}","templated":true}]}}