{"id":208746,"date":"2017-02-13T00:42:19","date_gmt":"2017-02-12T23:42:19","guid":{"rendered":"http:\/\/rusoch.fr\/?p=208746"},"modified":"2018-12-05T19:19:38","modified_gmt":"2018-12-05T18:19:38","slug":"rossijskij-centr-na-branli-otkryl-dlya-gostej-parizh-aleksandra-serebryakova","status":"publish","type":"post","link":"https:\/\/rusoch.fr\/fr\/events\/rossijskij-centr-na-branli-otkryl-dlya-gostej-parizh-aleksandra-serebryakova.html","title":{"rendered":"L\u2019exposition \u00ab Paris \u00bb d\u2019Alexandre Serebriakoff au Centre russe du quai Branly"},"content":{"rendered":"<p>L\u2019exposition \u00ab Paris \u00bb regroupant les \u0153uvres du peintre Alexandre Serebriakoff a \u00e9t\u00e9 inaugur\u00e9e le 10 f\u00e9vrier 2017 dans la salle des expositions du Centre culturel et spirituel russe du quai Branly \u00e0 Paris.<br \/>\nL\u2019\u00e9v\u00e8nement est organis\u00e9 par <strong>la Fondation moscovite Zina\u00efda Serebriakova,<\/strong> l\u2019ambassade de la F\u00e9d\u00e9ration de Russie en France et le dioc\u00e8se de l\u2019\u00c9glise orthodoxe russe.<\/p>\n<p>L\u2019Observateur russe \u00e9tait pr\u00e9sent au vernissage de l\u2019exposition.<!--more--><\/p>\n<p><a href=\"http:\/\/rusoch.fr\/files\/2017\/02\/IMG_20170209_192304.jpg\" rel=\"attachment wp-att-208747\"><img loading=\"lazy\" class=\"alignnone size-medium wp-image-208747\" src=\"http:\/\/rusoch.fr\/files\/2017\/02\/IMG_20170209_192304-505x379.jpg\" alt=\"IMG_20170209_192304\" width=\"505\" height=\"379\" srcset=\"https:\/\/rusoch.fr\/files\/2017\/02\/IMG_20170209_192304-505x379.jpg 505w, https:\/\/rusoch.fr\/files\/2017\/02\/IMG_20170209_192304-768x576.jpg 768w, https:\/\/rusoch.fr\/files\/2017\/02\/IMG_20170209_192304-533x400.jpg 533w, https:\/\/rusoch.fr\/files\/2017\/02\/IMG_20170209_192304-600x450.jpg 600w, https:\/\/rusoch.fr\/files\/2017\/02\/IMG_20170209_192304.jpg 1000w\" sizes=\"(max-width: 505px) 100vw, 505px\" \/><\/a><\/p>\n<p>L\u2019exposition \u00ab Paris \u00bb est unique et enti\u00e8rement consacr\u00e9e \u00e0 la capitale fran\u00e7aise. Les \u0153uvres expos\u00e9es pr\u00e9sentent, selon<strong> l\u2019artiste de la dynastie Benois-Lanceray-Serebriakoff Anastasia Nikolaeva<\/strong> (la petite-ni\u00e8ce d\u2019Alexandre Serebriakoff), un int\u00e9r\u00eat non seulement du point de vue esth\u00e9tique, mais aussi historique.<br \/>\n\u00ab La derni\u00e8re fois que les \u0153uvres d\u2019Alexandre Serebriakoff ont \u00e9t\u00e9 expos\u00e9es en France c\u2019\u00e9tait en 1994. En 2014, nous avons organis\u00e9 une grande exposition dans la galerie d\u2019Etat Tretiakov (Moscou, \u00ab Zina\u00efda Serebriakova. P\u00e9riode parisienne. Alexandre et Ekaterina Serebriakoff \u00bb- ndlr).<\/p>\n<p><div id=\"attachment_208748\" style=\"width: 515px\" class=\"wp-caption alignnone\"><a href=\"http:\/\/rusoch.fr\/files\/2017\/02\/IMG_20170209_192859.jpg\" rel=\"attachment wp-att-208748\"><img aria-describedby=\"caption-attachment-208748\" loading=\"lazy\" class=\"wp-image-208748 size-medium\" src=\"http:\/\/rusoch.fr\/files\/2017\/02\/IMG_20170209_192859-505x379.jpg\" alt=\"\" width=\"505\" height=\"379\" srcset=\"https:\/\/rusoch.fr\/files\/2017\/02\/IMG_20170209_192859-505x379.jpg 505w, https:\/\/rusoch.fr\/files\/2017\/02\/IMG_20170209_192859-768x576.jpg 768w, https:\/\/rusoch.fr\/files\/2017\/02\/IMG_20170209_192859-533x400.jpg 533w, https:\/\/rusoch.fr\/files\/2017\/02\/IMG_20170209_192859-600x450.jpg 600w, https:\/\/rusoch.fr\/files\/2017\/02\/IMG_20170209_192859.jpg 1000w\" sizes=\"(max-width: 505px) 100vw, 505px\" \/><\/a><p id=\"caption-attachment-208748\" class=\"wp-caption-text\">\u0410\u043d\u0430\u0441\u0442\u0430\u0441\u0438\u044f \u041d\u0438\u043a\u043e\u043b\u0430\u0435\u0432\u0430 (\u0441\u043b\u0435\u0432\u0430) \u043d\u0430 \u043e\u0442\u043a\u0440\u044b\u0442\u0438\u0438 \u0432\u044b\u0441\u0442\u0430\u0432\u043a\u0438 | A.Nikolaeva (\u00e0 gauche) lors du vernissage<\/p><\/div><\/p>\n<p>Alexandre \u00e9tait un artiste polyvalent et il a travaill\u00e9 dans de nombreuses sph\u00e8res artistiques. Ici, nous avons essay\u00e9 de pr\u00e9senter non seulement ses paysages, r\u00e9alis\u00e9s en plein air, mais aussi ses projets de d\u00e9cors et d\u2019int\u00e9rieurs, qu\u2019il a peint en s\u2019appuyant sur le travail \u00abin situ\u00bb.<\/p>\n<p>\u00ab Paris \u00bb est \u00e9galement int\u00e9ressante parce qu\u2019elle rassemble non seulement les esquisses du temps de la guerre, mais \u00e9galement celles des b\u00e2timents et des constructions qui aujourd\u2019hui semblent compl\u00e8tement diff\u00e9rentes, et certaines ont d\u2019ailleurs disparu des rues de la ville \u00bb, raconte Anastasia Nikolaeva.<br \/>\n\u00ab Comme par exemple, la place Beaubourg, le lieu o\u00f9 se trouve aujourd\u2019hui le Centre d\u2019art contemporain Georges-Pompidou \u00bb, poursuit <strong>Pavel Pavlinov<\/strong>, historien de l\u2019art, expert des \u0153uvres de la famille Benois-Lanceray-Serebriakoff,&nbsp;&mdash; Serebriakov a avec une exactitude \u00e9tonnante transmis l\u2019esprit de l\u2019\u00e9poque du d\u00e9but du XXe si\u00e8cle, une \u00e9poque o\u00f9 de nombreux artistes cr\u00e9aient des \u0153uvres du style de la Renaissance \u00bb, explique Pavel Pavlinov.<\/p>\n<p><a href=\"http:\/\/rusoch.fr\/files\/2017\/02\/IMG_20170209_192753.jpg\" rel=\"attachment wp-att-208749\"><img loading=\"lazy\" class=\"alignnone size-medium wp-image-208749\" src=\"http:\/\/rusoch.fr\/files\/2017\/02\/IMG_20170209_192753-505x379.jpg\" alt=\"IMG_20170209_192753\" width=\"505\" height=\"379\" srcset=\"https:\/\/rusoch.fr\/files\/2017\/02\/IMG_20170209_192753-505x379.jpg 505w, https:\/\/rusoch.fr\/files\/2017\/02\/IMG_20170209_192753-768x576.jpg 768w, https:\/\/rusoch.fr\/files\/2017\/02\/IMG_20170209_192753-533x400.jpg 533w, https:\/\/rusoch.fr\/files\/2017\/02\/IMG_20170209_192753-600x450.jpg 600w, https:\/\/rusoch.fr\/files\/2017\/02\/IMG_20170209_192753.jpg 1000w\" sizes=\"(max-width: 505px) 100vw, 505px\" \/><\/a><\/p>\n<p>Le paysage parisien a toujours \u00e9t\u00e9 l\u2019un des th\u00e8mes centraux de son \u0153uvre. Ce n\u2019est pas surprenant car il y a v\u00e9cu presque toute sa vie. Il est n\u00e9 dans l\u2019empire Russe en 1907, fils d\u2019un ing\u00e9nieur des ponts et chauss\u00e9es Boris Serebriakov et de Zina\u00efda Serebriakova, artiste et membre du cercle \u00ab Le Monde de l\u2019Art \u00bb. Leur histoire d\u2019amour n\u2019a pas \u00e9t\u00e9 facile : Boris est le cousin de Zina\u00efda, ce qui provoqua des protestations de la part de leur entourage.<br \/>\nEn 1919, Boris d\u00e9c\u00e8de. Quelques ann\u00e9es plus tard, Zina\u00efda s\u2019installe \u00e0 Paris o\u00f9 elle re\u00e7oit une commande pour un panneau d\u00e9coratif.<br \/>\nEn 1925, Alexandre Serebriakoffl avec sa s\u0153ur Catherine rejoignent leur m\u00e8re et s\u2019installent dans la capitale fran\u00e7aise. \u00c0 Paris, il commence sa carri\u00e8re comme peintre d\u00e9corateur, puis il s\u2019oriente graduellement vers ce qui sera l\u2019un des axes principaux de son \u0153uvre : sa passion pour le paysage architectural.<\/p>\n<p><a href=\"http:\/\/rusoch.fr\/files\/2017\/02\/IMG_20170209_192906.jpg\" rel=\"attachment wp-att-208750\"><img loading=\"lazy\" class=\"alignnone size-medium wp-image-208750\" src=\"http:\/\/rusoch.fr\/files\/2017\/02\/IMG_20170209_192906-505x379.jpg\" alt=\"IMG_20170209_192906\" width=\"505\" height=\"379\" srcset=\"https:\/\/rusoch.fr\/files\/2017\/02\/IMG_20170209_192906-505x379.jpg 505w, https:\/\/rusoch.fr\/files\/2017\/02\/IMG_20170209_192906-768x576.jpg 768w, https:\/\/rusoch.fr\/files\/2017\/02\/IMG_20170209_192906-533x400.jpg 533w, https:\/\/rusoch.fr\/files\/2017\/02\/IMG_20170209_192906-600x450.jpg 600w, https:\/\/rusoch.fr\/files\/2017\/02\/IMG_20170209_192906.jpg 1000w\" sizes=\"(max-width: 505px) 100vw, 505px\" \/><\/a><\/p>\n<p>Pendant son s\u00e9jour \u00e0 Paris, Alexandre travaille beaucoup avec d\u2019autres ma\u00eetres : avec sa m\u00e8re, Zina\u00efda, il travaille \u00e0 la d\u00e9coration des int\u00e9rieurs de la demeure du baron Brauer de Bruxelles, \u00e0 la sc\u00e9nographie avec Alexandre Benois et Christian B\u00e9rard et il est en charge des d\u00e9cors pour le cin\u00e9ma fran\u00e7ais sous la direction du peintre Pierre Schildknecht.<br \/>\nDans sa cr\u00e9ativit\u00e9, il suit le style des ma\u00eetres du \u00ab Monde de l\u2019Art \u00bb : la cr\u00e9ation d\u2019\u0153uvres d\u2019int\u00e9rieur, la stylisation de l\u2019image ainsi que la pr\u00e9dominance du graphisme en amont.<\/p>\n<p><a href=\"http:\/\/rusoch.fr\/files\/2017\/02\/IMG_20170209_192359.jpg\" rel=\"attachment wp-att-208751\"><img loading=\"lazy\" class=\"alignnone size-medium wp-image-208751\" src=\"http:\/\/rusoch.fr\/files\/2017\/02\/IMG_20170209_192359-505x379.jpg\" alt=\"IMG_20170209_192359\" width=\"505\" height=\"379\" srcset=\"https:\/\/rusoch.fr\/files\/2017\/02\/IMG_20170209_192359-505x379.jpg 505w, https:\/\/rusoch.fr\/files\/2017\/02\/IMG_20170209_192359-768x576.jpg 768w, https:\/\/rusoch.fr\/files\/2017\/02\/IMG_20170209_192359-533x400.jpg 533w, https:\/\/rusoch.fr\/files\/2017\/02\/IMG_20170209_192359-600x450.jpg 600w, https:\/\/rusoch.fr\/files\/2017\/02\/IMG_20170209_192359.jpg 1000w\" sizes=\"(max-width: 505px) 100vw, 505px\" \/><\/a><\/p>\n<p>\u00ab Le fait qu\u2019Alexandre n\u2019ait jamais \u00e9tudi\u00e9 de fa\u00e7on professionnelle est tr\u00e8s int\u00e9ressant. Ayant grandi dans une famille d\u2019artistes, il a absorb\u00e9 leur cr\u00e9ativit\u00e9 \u00bb, conclu Pavel Pavlinov.<br \/>\nAvec ses toiles, l\u2019artiste nous offre un Paris qui nous semble bien diff\u00e9rent de ce que nous avons l\u2019habitude de voir : les quais de la Seine, Notre-Dame, la tour Eiffel, le quartier Latin et les simples ruelles et march\u00e9s, Alexandre Serebriakoff les a montr\u00e9s baign\u00e9s d\u2019une atmosph\u00e8re calme, d\u00e9nu\u00e9s de l\u2019agitation des foules. Pour lui, comme pour les ma\u00eetres du design et de la d\u00e9coration d\u2019int\u00e9rieur, le plus important est en premier lieu la ville elle-m\u00eame, sans ses soucis quotidiens.<br \/>\nApr\u00e8s son d\u00e9c\u00e8s en 1994, il nous a laiss\u00e9 son \u00ab Paris \u00bb, ville calme et \u00ab naturelle \u00bb, loin de l\u2019agitation et des tracas futiles.<\/p>\n<p><em>L\u2019exposition aura lieu jusqu\u2019au 9 mars 2017.<\/em><br \/>\n<em> Heures d\u2019ouverture : de 10h \u00e0 13h et de 14h \u00e0 18h<\/em><br \/>\n<em> Entr\u00e9e libre<\/em><br \/>\n<em> 1, quai Branly, 75007, Paris<\/em><\/p>\n<p><em>Photos de l&#39;auteur<\/em><\/p>","protected":false},"excerpt":{"rendered":"<p>D\u00e9sol\u00e9, cet article est seulement disponible en Russe.<\/p>\n","protected":false},"author":2,"featured_media":208747,"comment_status":"open","ping_status":"open","sticky":false,"template":"","format":"standard","meta":[],"categories":[6],"tags":[1555,2855,1344,13,341],"aioseo_notices":[],"_links":{"self":[{"href":"https:\/\/rusoch.fr\/fr\/wp-json\/wp\/v2\/posts\/208746"}],"collection":[{"href":"https:\/\/rusoch.fr\/fr\/wp-json\/wp\/v2\/posts"}],"about":[{"href":"https:\/\/rusoch.fr\/fr\/wp-json\/wp\/v2\/types\/post"}],"author":[{"embeddable":true,"href":"https:\/\/rusoch.fr\/fr\/wp-json\/wp\/v2\/users\/2"}],"replies":[{"embeddable":true,"href":"https:\/\/rusoch.fr\/fr\/wp-json\/wp\/v2\/comments?post=208746"}],"version-history":[{"count":1,"href":"https:\/\/rusoch.fr\/fr\/wp-json\/wp\/v2\/posts\/208746\/revisions"}],"predecessor-version":[{"id":215659,"href":"https:\/\/rusoch.fr\/fr\/wp-json\/wp\/v2\/posts\/208746\/revisions\/215659"}],"wp:featuredmedia":[{"embeddable":true,"href":"https:\/\/rusoch.fr\/fr\/wp-json\/wp\/v2\/media\/208747"}],"wp:attachment":[{"href":"https:\/\/rusoch.fr\/fr\/wp-json\/wp\/v2\/media?parent=208746"}],"wp:term":[{"taxonomy":"category","embeddable":true,"href":"https:\/\/rusoch.fr\/fr\/wp-json\/wp\/v2\/categories?post=208746"},{"taxonomy":"post_tag","embeddable":true,"href":"https:\/\/rusoch.fr\/fr\/wp-json\/wp\/v2\/tags?post=208746"}],"curies":[{"name":"wp","href":"https:\/\/api.w.org\/{rel}","templated":true}]}}