{"id":208877,"date":"2017-02-21T12:30:55","date_gmt":"2017-02-21T11:30:55","guid":{"rendered":"http:\/\/rusoch.fr\/?p=208877"},"modified":"2017-07-09T21:22:31","modified_gmt":"2017-07-09T20:22:31","slug":"pamyati-marii-ivanovny-lifar","status":"publish","type":"post","link":"https:\/\/rusoch.fr\/fr\/events\/pamyati-marii-ivanovny-lifar.html","title":{"rendered":"Souvenir de Maria Ivanovna Lifar"},"content":{"rendered":"<p>Le 19 f\u00e9vrier, Maria Ivanovna Lifar, notre compatriote, amie et donatrice de la Maison des Russes \u00e0 l\u2019\u00e9tranger&nbsp;&mdash; Soljenitsyne nous a quitt\u00e9s. Nous nous joignons \u00e0 la douleur de la famille et des amis de Marie Ivanovna et de tous ceux qui ont eu la chance de conna\u00eetre cette incroyable, lumineuse et noble personne.<!--more--><\/p>\n<p><a href=\"http:\/\/rusoch.fr\/files\/2017\/02\/unnamed-1.jpg\" rel=\"attachment wp-att-208884\"><img loading=\"lazy\" class=\"alignnone size-medium wp-image-208884\" src=\"http:\/\/rusoch.fr\/files\/2017\/02\/unnamed-1-228x379.jpg\" alt=\"unnamed\" width=\"228\" height=\"379\" srcset=\"https:\/\/rusoch.fr\/files\/2017\/02\/unnamed-1-228x379.jpg 228w, https:\/\/rusoch.fr\/files\/2017\/02\/unnamed-1-241x400.jpg 241w, https:\/\/rusoch.fr\/files\/2017\/02\/unnamed-1.jpg 558w\" sizes=\"(max-width: 228px) 100vw, 228px\" \/><\/a><\/p>\n<p>Maria Ivanovna est n\u00e9e en France en 1924 dans une famille d\u2019\u00e9migr\u00e9s russes de la Premi\u00e8re vague. Sa m\u00e8re, Maria Davydovna, est la petite-fille d\u2019Ivan Alekseevich Orlov, h\u00e9ros de la guerre Patriotique de 1812 et la fille d\u2019un g\u00e9n\u00e9ral de deux empereurs : Alexandre II et Alexandre III. Son p\u00e8re, Ivan Ivanovitch et son grand-p\u00e8re Ivan Danilovitch Popov \u00e9taient officiers de l\u2019arm\u00e9e tsariste et ont particip\u00e9 \u00e0 la Premi\u00e8re Guerre mondiale et au Mouvement blanc.<\/p>\n<p>Alors jeune fille, Maria Ivanovna venait en aide aux \u00e9migr\u00e9s russes de la maison de retraite de Sainte-Genevi\u00e8ve-des-Bois. Dans les ann\u00e9es trente et durant les ann\u00e9es d\u2019apr\u00e8s-guerre, avec son mari L\u00e9onid Mikha\u00eflovitch Lifar, dont le fr\u00e8re \u00e9tait le c\u00e9l\u00e8bre chor\u00e9graphe Serge Lifar, elle agissait en tant que secr\u00e9taire en aidant \u00e0 conserver les archives du chor\u00e9graphe lors de ses nombreux voyages.<\/p>\n<p>Leonid Lifar travaillait dans une imprimerie et publiait avec Nikita Alekseevitch Struve les \u0153uvres des \u00e9migr\u00e9s russes et des \u00ab tamizdats \u00bb sovi\u00e9tiques. Maria Ivanovna recevait souvent des colis clandestins : des manuscrits cach\u00e9s dans des bo\u00eetes \u00e0 bonbons qu\u2019elle livrait \u00e0 des \u00e9diteurs.<\/p>\n<p>Elle figurait parmi les premiers adeptes de la premi\u00e8re \u00e9dition de \u00abL\u2019Archipel du Goulag\u00bb d\u2019A. Soljenitsyne. Beaucoup de livres rares se trouvaient dans la biblioth\u00e8que familiale des Lifar.<br \/>\nApr\u00e8s la mort du mari de Maria Ivanovna, un certain nombre d\u2019\u0153uvres rares ont \u00e9t\u00e9 offertes \u00e0 la Maison des Russes \u00e0 l\u2019\u00e9tranger-Soljenitsyne (MRE). Dans les archives de la Maison se trouvent des dons de Maria : le masque posthume de F. Chaliapine, le dessin \u00e0 l\u2019aquarelle d\u2019un grand chanteur, des livres publi\u00e9s par Serge Lifar \u00e0 l\u2019occasion du centenaire de la mort d\u2019A.S.Pouchkine.<\/p>\n<p>Sa bont\u00e9 envers toutes les personnes qui s\u2019int\u00e9ressaient \u00e0 l\u2019histoire de l\u2019\u00e9migration russe \u00e9tait incroyable. Maria Ivanovna et sa fille Elena recevaient chez elles les collaborateurs de la MRE.<br \/>\nAvec Irina Ivanovna Turov\u00e9rov, Maria Ivanovna est venu en aide \u00e0 Victor Leonidov afin de recueillir des documents concernant la biographie et les po\u00e8mes de Nikol\u00e1i Turov\u00e9rov. Elle a fait don \u00e0 Tamara Prikhodko du catalogue de l\u2019exposition de 1937 organis\u00e9e par Serge Lifar \u00e0 l\u2019occasion du 100\u00e8me anniversaire de la mort d\u2019A.S. Pouchkine. Elle racontait \u00e9galement, d\u2019apr\u00e8s les m\u00e9moires de sa m\u00e8re, l\u2019histoire des Orlov-Popov qui se refl\u00e8te dans la publication \u00ab La douceur digne face aux rigueurs de l\u2019existence \u00bb (journal \u00ab Autres rives\u00bb n\u00b04 (32) 2013)<\/p>\n<p>Maria Ivanovna et sa fille Elena se rendaient r\u00e9guli\u00e8rement \u00e0 la Maison des Russes \u00e0 l\u2019\u00e9tranger. Nous nous souvenons du discours de Maria Ivanovna lors de la conf\u00e9rence donn\u00e9e \u00e0 l\u2019occasion du 200\u00e8me anniversaire de la bataille de Borodino, lors des rencontres entre les compatriotes de la MRE et de la maison d\u2019\u00e9dition \u00ab La voie russe\u00bb. Lorsque Maria Ivanovna a entendu parler d\u2019un projet de monument d\u00e9di\u00e9 aux participants de la Grande Guerre de 1914 \u00e0 Moscou, elle a tenu a participer \u00e0 sa construction en puisant dans ses biens et sa retraite. Toujours de bon c\u0153ur, elle est souvent venue en aide aux compatriotes de la maison de retraite, et m\u00eame \u00e0 un \u00e2ge avanc\u00e9, elle s\u2019occupait des s\u00e9pultures non seulement de familles, mais aussi d\u2019amis et des voisins au cimeti\u00e8re russe de Sainte-Genevi\u00e8ve-des-Bois.<\/p>\n<p>Maria Ivanovna \u00e9tait toujours vivement int\u00e9ress\u00e9e par les actualit\u00e9s de Russie et de notre Maison. Discuter avec elle \u00e9tait toujours une grande joie et elle nous enrichissait de nouvelles connaissances. Difficile d\u00e9sormais d\u2019accepter le fait que nous ne verrons plus Maria Ivanovna que sur la photo expos\u00e9e dans la galerie de nos donateurs. Mais son souvenir sera toujours dans notre m\u00e9moire et nous attendons des admirateurs de nos collections une grande contribution en hommage \u00e0 l&#39;\u0153uvre de notre compatriote Maria Ivanovna Lifar. Nous lui d\u00e9vouons une immense gratitude et un souvenir \u00e9ternel.<\/p>\n<p><em>Les fun\u00e9railles auront lieu le 24 f\u00e9vrier au cimeti\u00e8re de Sainte Genevi\u00e8ve-des-Bois. Le service fun\u00e9raire aura lieu \u00e0 15h00 au cimeti\u00e8re de l\u2019\u00e9glise Notre-Dame de l\u2019Assomption.<\/em><\/p>\n<p>Sur le m\u00eame sujet:<\/p>\n<p><a href=\"http:\/\/rusoch.fr\/lang\/fr\/guests\/domu-russkogo-zarubezhya-20-let.html\">La Maison du Russe \u00e0 l\u2019Etranger (MRE) f\u00eate ses 20 ans<\/a><br \/>\n<a href=\"http:\/\/rusoch.fr\/lang\/fr\/rus\/marii-ivanovne-lifar-90-let.html\">Maria Ivanovna Lifar a 90 ans<\/a><br \/>\n<a href=\"http:\/\/rusoch.fr\/lang\/fr\/mond\/arxipelag-gulag-vpervye-40-let-nazad.html\">L\u2019Archipel du Goulag il y a d\u00e9j\u00e0 40 ans<\/a><br \/>\n<a href=\"http:\/\/rusoch.fr\/lang\/fr\/guests\/v-chest-yubileya.html\">A l\u2019occasion de la c\u00e9l\u00e9bration de son anniversaire Entretien avec le professeur Nikita Struve<\/a><br \/>\n<a href=\"http:\/\/rusoch.fr\/lang\/fr\/rus\/nikite-alekseevichu-struve-85.html\">Les 85 ans de Nikita Alekse\u00efevitch Struve<\/a><\/p>","protected":false},"excerpt":{"rendered":"<p>D\u00e9sol\u00e9, cet article est seulement disponible en Russe.<\/p>\n","protected":false},"author":2,"featured_media":208881,"comment_status":"open","ping_status":"open","sticky":false,"template":"","format":"standard","meta":[],"categories":[6],"tags":[2869,2864],"aioseo_notices":[],"_links":{"self":[{"href":"https:\/\/rusoch.fr\/fr\/wp-json\/wp\/v2\/posts\/208877"}],"collection":[{"href":"https:\/\/rusoch.fr\/fr\/wp-json\/wp\/v2\/posts"}],"about":[{"href":"https:\/\/rusoch.fr\/fr\/wp-json\/wp\/v2\/types\/post"}],"author":[{"embeddable":true,"href":"https:\/\/rusoch.fr\/fr\/wp-json\/wp\/v2\/users\/2"}],"replies":[{"embeddable":true,"href":"https:\/\/rusoch.fr\/fr\/wp-json\/wp\/v2\/comments?post=208877"}],"version-history":[{"count":0,"href":"https:\/\/rusoch.fr\/fr\/wp-json\/wp\/v2\/posts\/208877\/revisions"}],"wp:featuredmedia":[{"embeddable":true,"href":"https:\/\/rusoch.fr\/fr\/wp-json\/wp\/v2\/media\/208881"}],"wp:attachment":[{"href":"https:\/\/rusoch.fr\/fr\/wp-json\/wp\/v2\/media?parent=208877"}],"wp:term":[{"taxonomy":"category","embeddable":true,"href":"https:\/\/rusoch.fr\/fr\/wp-json\/wp\/v2\/categories?post=208877"},{"taxonomy":"post_tag","embeddable":true,"href":"https:\/\/rusoch.fr\/fr\/wp-json\/wp\/v2\/tags?post=208877"}],"curies":[{"name":"wp","href":"https:\/\/api.w.org\/{rel}","templated":true}]}}