{"id":208957,"date":"2017-02-28T00:16:53","date_gmt":"2017-02-27T23:16:53","guid":{"rendered":"http:\/\/rusoch.fr\/?p=208957"},"modified":"2017-07-01T17:05:25","modified_gmt":"2017-07-01T16:05:25","slug":"svetlejshaya-poslednee-stoletie-respubliki","status":"publish","type":"post","link":"https:\/\/rusoch.fr\/fr\/cult\/svetlejshaya-poslednee-stoletie-respubliki.html","title":{"rendered":"S\u00e9r\u00e9nissime ! Le dernier si\u00e8cle de la R\u00e9publique"},"content":{"rendered":"<p>Le Carnaval de Venise s\u2019\u00e9tend sur une p\u00e9riode d\u2019environ deux semaines et demi et Mardi gras est le dernier jour de cette f\u00eate enivrante et \u00e9prouvante.<\/p>\n<p>C\u2019est \u00e0 cette occasion que le<strong> mus\u00e9e Cognacq-Jay<\/strong> a cr\u00e9e l\u2019exposition th\u00e9matique \u00abS\u00e9r\u00e9nissime ! Venise en f\u00eate, de Tiepolo \u00e0 Guardi \u00bb.<!--more--><\/p>\n<p><a href=\"http:\/\/rusoch.fr\/files\/2017\/02\/20170224_115349.jpg\" rel=\"attachment wp-att-208958\"><img loading=\"lazy\" class=\"alignnone size-medium wp-image-208958\" src=\"http:\/\/rusoch.fr\/files\/2017\/02\/20170224_115349-596x336.jpg\" alt=\"20170224_115349&amp;\" width=\"596\" height=\"336\" srcset=\"https:\/\/rusoch.fr\/files\/2017\/02\/20170224_115349-596x336.jpg 596w, https:\/\/rusoch.fr\/files\/2017\/02\/20170224_115349-768x432.jpg 768w, https:\/\/rusoch.fr\/files\/2017\/02\/20170224_115349-600x338.jpg 600w, https:\/\/rusoch.fr\/files\/2017\/02\/20170224_115349.jpg 1000w\" sizes=\"(max-width: 596px) 100vw, 596px\" \/><\/a><\/p>\n<p>M\u00eame si vous vous \u00eates d\u00e9j\u00e0 rendus dix fois dans le quartier du Marais, nous vous conseillons vivement d\u2019y retourner. Tout d\u2019abord, afin d\u2019observer la constante \u00e9volution de l\u2019ancien quartier.<\/p>\n<p>Les murs de son enceinte s\u2019\u00e9claircissent avec les ann\u00e9es. Ils ne sont pas blanchis, ils s\u2019animent de l\u2019int\u00e9rieur, de l\u2019\u00e9nergie des jeunes qui transforment ces demeures du XVII\u00e8me si\u00e8cle en de modernes et \u00e9l\u00e9gantes boutiques et bistros. Tous pr\u00e8s se trouvent des anciens mus\u00e9es aux cours int\u00e9rieures \u00e9tincelantes.<br \/>\nAinsi s\u2019\u00e9coule harmonieusement dans le quartier une vie joyeuse, a tel point que l\u2019on a envie d\u2019y retourner encore et encore.<\/p>\n<p><a href=\"http:\/\/rusoch.fr\/files\/2017\/02\/20170224_115837.jpg\" rel=\"attachment wp-att-208961\"><img loading=\"lazy\" class=\"alignnone size-medium wp-image-208961\" src=\"http:\/\/rusoch.fr\/files\/2017\/02\/20170224_115837-596x336.jpg\" alt=\"20170224_115837\" width=\"596\" height=\"336\" srcset=\"https:\/\/rusoch.fr\/files\/2017\/02\/20170224_115837-596x336.jpg 596w, https:\/\/rusoch.fr\/files\/2017\/02\/20170224_115837-768x432.jpg 768w, https:\/\/rusoch.fr\/files\/2017\/02\/20170224_115837-600x338.jpg 600w, https:\/\/rusoch.fr\/files\/2017\/02\/20170224_115837.jpg 1000w\" sizes=\"(max-width: 596px) 100vw, 596px\" \/><\/a><\/p>\n<p>Les touristes venus passer une semaine dans la capitale se rendent vite compte qu\u2019ils n\u2019auront pas le temps de visiter le mus\u00e9e Cognacq-Jay. Mais si ce n\u2019est pas votre premi\u00e8re visite dans cette ville \u00e0 l\u2019architecture et \u00e0 l\u2019atmosph\u00e8re particuli\u00e8re et si le mus\u00e9e Carnavalet et le mus\u00e9e Picasso (du m\u00eame quartier) vous est d\u00e9j\u00e0 familier, rendez- vous alors dans cette demeure datant du XVII\u00e8me si\u00e8cle dont les salles ont \u00e9t\u00e9 d\u00e9cor\u00e9es par le couturier fran\u00e7ais Christian Lacroix.<\/p>\n<p>Cognacq est le nom du propri\u00e9taire du grand magasin parisien La Samaritaine, qui, jusqu\u2019\u00e0 r\u00e9cemment, occupait tout le quartier de la rue de Rivoli au quai de Seine et disposait d\u2019un restaurant panoramique au dernier \u00e9tage.<\/p>\n<p>Le riche entrepreneur avait un faible pour l\u2019art du XVIII\u00e8me si\u00e8cle. Il a rassembl\u00e9 des \u0153uvres de Boucher (artiste pr\u00e9f\u00e9r\u00e9 de madame de Pompadour), Fragonard, Tiepolo, Chardin et de nombreux autres artistes. Il a l\u00e9gu\u00e9 sa collection \u00e0 la ville de Paris. Elle est maintenant dispos\u00e9e sur les \u00e9tages de l\u2019exposition permanente du mus\u00e9e Cognacq-Jay (Jay est le nom de famille de l\u2019\u00e9pouse du m\u00e9c\u00e8ne).<\/p>\n<p>L\u2019exposition \u00ab S\u00e9r\u00e9nissime ! Le dernier si\u00e8cle de la R\u00e9publique \u00bb est \u00e9galement centr\u00e9e sur le XVIII\u00e8me si\u00e8cle, mais ce n\u2019est pas (seulement) parce qu\u2019Ernest Cognacq appr\u00e9ciait cette p\u00e9riode. Il se trouve que durant ce si\u00e8cle, il y eut un envol des arts dans la S\u00e9r\u00e9nissime. Et c\u2019est \u00e0 la fin de ce m\u00eame si\u00e8cle, avec l\u2019arriv\u00e9e de Napol\u00e9on en 1797, que l\u2019histoire de la R\u00e9publique a pris fin.<\/p>\n<p>Durant les derni\u00e8res ann\u00e9es du XVIII, dans la mythique salle de l\u2019op\u00e9ra La Fenice on jouait du Monteverdi. Dans les salles des op\u00e9ras municipaux chantait l\u2019in\u00e9gal\u00e9 Farinelli (le plus c\u00e9l\u00e8bre castrat).<\/p>\n<p><div id=\"attachment_208962\" style=\"width: 245px\" class=\"wp-caption alignnone\"><a href=\"http:\/\/rusoch.fr\/files\/2017\/02\/15_-Jacopo-Amigoni-Portrait-de-Carlo-Broschi-dit-Farinelli.jpg\" rel=\"attachment wp-att-208962\"><img aria-describedby=\"caption-attachment-208962\" loading=\"lazy\" class=\"wp-image-208962 size-medium\" src=\"http:\/\/rusoch.fr\/files\/2017\/02\/15_-Jacopo-Amigoni-Portrait-de-Carlo-Broschi-dit-Farinelli-235x379.jpg\" alt=\"\" width=\"235\" height=\"379\" srcset=\"https:\/\/rusoch.fr\/files\/2017\/02\/15_-Jacopo-Amigoni-Portrait-de-Carlo-Broschi-dit-Farinelli-235x379.jpg 235w, https:\/\/rusoch.fr\/files\/2017\/02\/15_-Jacopo-Amigoni-Portrait-de-Carlo-Broschi-dit-Farinelli-768x1239.jpg 768w, https:\/\/rusoch.fr\/files\/2017\/02\/15_-Jacopo-Amigoni-Portrait-de-Carlo-Broschi-dit-Farinelli-248x400.jpg 248w, https:\/\/rusoch.fr\/files\/2017\/02\/15_-Jacopo-Amigoni-Portrait-de-Carlo-Broschi-dit-Farinelli-600x968.jpg 600w, https:\/\/rusoch.fr\/files\/2017\/02\/15_-Jacopo-Amigoni-Portrait-de-Carlo-Broschi-dit-Farinelli.jpg 1000w\" sizes=\"(max-width: 235px) 100vw, 235px\" \/><\/a><p id=\"caption-attachment-208962\" class=\"wp-caption-text\">\u0416.\u0410\u043c\u0438\u0433\u043e\u043d\u0438 \u041f\u043e\u0440\u0442\u0440\u0435\u0442 \u0424\u0430\u0440\u0438\u043d\u0435\u043b\u043b\u0438|Jacopo Amigoni, Farinelli Paris, mus\u00e9e Carnavalet<\/p><\/div><\/p>\n<p><strong>Carlo Goldoni<\/strong> a magnifi\u00e9 la commedia dell\u2019arte comme personne.<\/p>\n<p>Dans la virtuosit\u00e9 de la veduta (des paysages de Venise) <strong>Francesco Guardi<\/strong> suivait les pas de son a\u00een\u00e9, Canaletto. Les nobles, en souvenir de leur s\u00e9jour dans la ville romantique achetaient les peintures dont les canaux, les ponts, les palais et, bien s\u00fbr, la place Saint-Marc \u00e9taient minutieusement d\u00e9crits par Guardi.[\/lang_fr]<\/p>\n<p><div id=\"attachment_208963\" style=\"width: 578px\" class=\"wp-caption alignnone\"><a href=\"http:\/\/rusoch.fr\/files\/2017\/02\/06-Francesco-Guardi_le-Doge-de-Venise-port\u00e9-par-les-gondoliers-apr\u00e8s-son-\u00e9lection-sur-la-place-Saint-Marc.jpg\" rel=\"attachment wp-att-208963\"><img aria-describedby=\"caption-attachment-208963\" loading=\"lazy\" class=\"wp-image-208963 size-medium\" src=\"http:\/\/rusoch.fr\/files\/2017\/02\/06-Francesco-Guardi_le-Doge-de-Venise-port\u00e9-par-les-gondoliers-apr\u00e8s-son-\u00e9lection-sur-la-place-Saint-Marc-568x379.jpg\" alt=\"\" width=\"568\" height=\"379\" \/><\/a><p id=\"caption-attachment-208963\" class=\"wp-caption-text\">\u0424.\u0413\u0432\u0430\u0440\u0434\u0438, \u0418\u0437\u0431\u0440\u0430\u043d\u0438\u0435 \u0434\u043e\u0436\u0430 |Francesco Guardi le Doge de Venise port\u00e9 par les gondoliers apr\u00e8s son \u00e9lection sur la place Saint-Marc, Mus\u00e9e de Grenoble<\/p><\/div><\/p>\n<p><strong>Pietro Longhi<\/strong>, un autre c\u00e9l\u00e8bre peintre v\u00e9nitien a d\u00e9crit la vie, les m\u0153urs et les plaisirs sans fin des cercles aristocratiques durant la c\u00e9l\u00e8bre p\u00e9riode du carnaval.<br \/>\nMasques, costumes, animations publiques et priv\u00e9es, ripailles et scandales des tavernes sont les th\u00e8mes principaux des toiles de Longhi.<\/p>\n<p><div id=\"attachment_208964\" style=\"width: 319px\" class=\"wp-caption alignnone\"><a href=\"http:\/\/rusoch.fr\/files\/2017\/02\/08_Pietro-Longhi_-Le-Ridotto.jpg\" rel=\"attachment wp-att-208964\"><img aria-describedby=\"caption-attachment-208964\" loading=\"lazy\" class=\"wp-image-208964 size-medium\" src=\"http:\/\/rusoch.fr\/files\/2017\/02\/08_Pietro-Longhi_-Le-Ridotto-309x379.jpg\" alt=\"08_\" width=\"309\" height=\"379\" srcset=\"https:\/\/rusoch.fr\/files\/2017\/02\/08_Pietro-Longhi_-Le-Ridotto-309x379.jpg 309w, https:\/\/rusoch.fr\/files\/2017\/02\/08_Pietro-Longhi_-Le-Ridotto-768x942.jpg 768w, https:\/\/rusoch.fr\/files\/2017\/02\/08_Pietro-Longhi_-Le-Ridotto-326x400.jpg 326w, https:\/\/rusoch.fr\/files\/2017\/02\/08_Pietro-Longhi_-Le-Ridotto-600x736.jpg 600w, https:\/\/rusoch.fr\/files\/2017\/02\/08_Pietro-Longhi_-Le-Ridotto.jpg 1000w\" sizes=\"(max-width: 309px) 100vw, 309px\" \/><\/a><p id=\"caption-attachment-208964\" class=\"wp-caption-text\">\u041f.\u041b\u043e\u043d\u0433\u0438, \u0418\u0433\u043e\u0440\u043d\u044b\u0439 \u0434\u043e\u043c |Pietro Longhi Le Ridotto, Fonsazionne Querirni Stampalia<\/p><\/div><\/p>\n<p><strong>Giovanni Battista Tiepolo<\/strong> fut le dernier grand peintre de l\u2019\u00e9cole de peinture V\u00e9nitienne. Toute l\u2019Europe connaissait Tiepolo, car il \u00e9tait consid\u00e9r\u00e9 comme le ma\u00eetre in\u00e9gal\u00e9 des fresques. La plus grande fresque connue \u00e0 ce jour serait son \u0153uvre.<\/p>\n<p><div id=\"attachment_208965\" style=\"width: 606px\" class=\"wp-caption alignnone\"><a href=\"http:\/\/rusoch.fr\/files\/2017\/02\/12-Giandomenico-Tiepolo_-le-Triomphe-de-Polichinelle.jpg\" rel=\"attachment wp-att-208965\"><img aria-describedby=\"caption-attachment-208965\" loading=\"lazy\" class=\"wp-image-208965 size-medium\" src=\"http:\/\/rusoch.fr\/files\/2017\/02\/12-Giandomenico-Tiepolo_-le-Triomphe-de-Polichinelle-596x359.jpg\" alt=\"\" width=\"596\" height=\"359\" srcset=\"https:\/\/rusoch.fr\/files\/2017\/02\/12-Giandomenico-Tiepolo_-le-Triomphe-de-Polichinelle-596x359.jpg 596w, https:\/\/rusoch.fr\/files\/2017\/02\/12-Giandomenico-Tiepolo_-le-Triomphe-de-Polichinelle-768x463.jpg 768w, https:\/\/rusoch.fr\/files\/2017\/02\/12-Giandomenico-Tiepolo_-le-Triomphe-de-Polichinelle-600x362.jpg 600w, https:\/\/rusoch.fr\/files\/2017\/02\/12-Giandomenico-Tiepolo_-le-Triomphe-de-Polichinelle.jpg 1000w\" sizes=\"(max-width: 596px) 100vw, 596px\" \/><\/a><p id=\"caption-attachment-208965\" class=\"wp-caption-text\">\u0416-\u0411 \u0422\u044c\u0435\u043f\u043e\u043b\u043e \u0422\u0440\u0438\u0443\u043c\u0444 \u041f\u043e\u043b\u0438\u0448\u0438\u043d\u0435\u043b\u044f | Giandomenico Tiepolo, Le triomphe de Polichinelle, Copenhague Statens Museum for Kunst<\/p><\/div><\/p>\n<p>Le XVIII\u00e8me si\u00e8cle fut le dernier accord majeur de la R\u00e9publique. R\u00e9sister \u00e0 Napol\u00e9on Bonaparte \u00e9tait ardu et s\u2019est finalement av\u00e9r\u00e9 inutile. En 1797, le dernier doge, Ludovico Manin, ratifiait l\u2019abdication et en vertu du trait\u00e9 de paix, le territoire de la S\u00e9r\u00e9nissime fut rattach\u00e9 \u00e0 des \u00e9tats voisins.<br \/>\nEt pourtant, malgr\u00e9 tout, Venise a \u00e9t\u00e9 et reste une f\u00eate qui est toujours avec toi<\/p>\n<p><em>L\u2019exposition \u00ab S\u00e9r\u00e9nissime ! Le dernier si\u00e8cle de la R\u00e9publique \u00bb se tiendra jusqu\u2019au 25 juin 2017.<\/em><br \/>\n<em> Adresse du mus\u00e9e Cognacq-Jay : 8, rue Elzevir, 75003 Paris<\/em><\/p>","protected":false},"excerpt":{"rendered":"<p>D\u00e9sol\u00e9, cet article est seulement disponible en Russe.<\/p>\n","protected":false},"author":2,"featured_media":208958,"comment_status":"open","ping_status":"open","sticky":false,"template":"","format":"standard","meta":[],"categories":[5],"tags":[607,908,2881,13,289],"aioseo_notices":[],"_links":{"self":[{"href":"https:\/\/rusoch.fr\/fr\/wp-json\/wp\/v2\/posts\/208957"}],"collection":[{"href":"https:\/\/rusoch.fr\/fr\/wp-json\/wp\/v2\/posts"}],"about":[{"href":"https:\/\/rusoch.fr\/fr\/wp-json\/wp\/v2\/types\/post"}],"author":[{"embeddable":true,"href":"https:\/\/rusoch.fr\/fr\/wp-json\/wp\/v2\/users\/2"}],"replies":[{"embeddable":true,"href":"https:\/\/rusoch.fr\/fr\/wp-json\/wp\/v2\/comments?post=208957"}],"version-history":[{"count":0,"href":"https:\/\/rusoch.fr\/fr\/wp-json\/wp\/v2\/posts\/208957\/revisions"}],"wp:featuredmedia":[{"embeddable":true,"href":"https:\/\/rusoch.fr\/fr\/wp-json\/wp\/v2\/media\/208958"}],"wp:attachment":[{"href":"https:\/\/rusoch.fr\/fr\/wp-json\/wp\/v2\/media?parent=208957"}],"wp:term":[{"taxonomy":"category","embeddable":true,"href":"https:\/\/rusoch.fr\/fr\/wp-json\/wp\/v2\/categories?post=208957"},{"taxonomy":"post_tag","embeddable":true,"href":"https:\/\/rusoch.fr\/fr\/wp-json\/wp\/v2\/tags?post=208957"}],"curies":[{"name":"wp","href":"https:\/\/api.w.org\/{rel}","templated":true}]}}