{"id":209340,"date":"2017-03-28T00:57:51","date_gmt":"2017-03-27T23:57:51","guid":{"rendered":"http:\/\/rusoch.fr\/?p=209340"},"modified":"2017-06-23T22:16:08","modified_gmt":"2017-06-23T21:16:08","slug":"ansambl-eliseeva-spel-v-parizhe-s-synom-dzho-dassena","status":"publish","type":"post","link":"https:\/\/rusoch.fr\/fr\/guests\/ansambl-eliseeva-spel-v-parizhe-s-synom-dzho-dassena.html","title":{"rendered":"Les Ch\u0153urs de l&#39;Arm\u00e9e Rouge ont chant\u00e9 \u00e0 Paris avec le fils de Joe Dassin"},"content":{"rendered":"<p>L&#39;Ensemble de chants et danses du Minist\u00e8re de l&#39;Int\u00e9rieur de la Russie (MVD), dirig\u00e9 par Victor Eliseev s&#39;est produit en France du 21 au 26 mars 2017.<br \/>\nLe premier concert \u00e9tait \u00e0 Lyon, \u00e0 Paris, les Russes se sont produit dans la salle Pleyel, l&#39;une des plus prestigieuses de la capitale, dot\u00e9e d&#39;une acoustique incroyable.<br \/>\n<!--more--><\/p>\n<p><div id=\"attachment_209341\" style=\"width: 554px\" class=\"wp-caption alignnone\"><a href=\"http:\/\/rusoch.fr\/files\/2017\/03\/IMG_2706.jpg\" rel=\"attachment wp-att-209341\"><img aria-describedby=\"caption-attachment-209341\" loading=\"lazy\" class=\"wp-image-209341 size-medium\" src=\"http:\/\/rusoch.fr\/files\/2017\/03\/IMG_2706-544x379.jpg\" alt=\"\" width=\"544\" height=\"379\" srcset=\"https:\/\/rusoch.fr\/files\/2017\/03\/IMG_2706-544x379.jpg 544w, https:\/\/rusoch.fr\/files\/2017\/03\/IMG_2706-768x535.jpg 768w, https:\/\/rusoch.fr\/files\/2017\/03\/IMG_2706-574x400.jpg 574w, https:\/\/rusoch.fr\/files\/2017\/03\/IMG_2706-600x418.jpg 600w, https:\/\/rusoch.fr\/files\/2017\/03\/IMG_2706.jpg 1000w\" sizes=\"(max-width: 544px) 100vw, 544px\" \/><\/a><p id=\"caption-attachment-209341\" class=\"wp-caption-text\">\u00a9 V\u00e9ronique Barin \/ FGL PRODUCTIONS<\/p><\/div><\/p>\n<p>Bonne nouvelle pour les Parisiens, l\u2019ensemble et les ch\u0153urs de l\u2019arm\u00e9e, qui se produisent r\u00e9guli\u00e8rement, tous les deux ans, en France sont accompagn\u00e9s par <strong>Julien Dassin<\/strong>, fils de l\u2019immense chansonnier <strong>Joe Dassin<\/strong>, qui aujourd\u2019hui encore est \u00e9cout\u00e9 et aim\u00e9 en Russie.<\/p>\n<p><iframe width=\"640\" height=\"360\" src=\"https:\/\/www.youtube.com\/embed\/C43nydD-uZI?feature=oembed\" frameborder=\"0\" allowfullscreen><\/iframe><\/p>\n<p>\u00c0 la veille du concert, Julien Dassin \u00e9tait l&#39;invit\u00e9 de <strong>Michel Drucker<\/strong> sur TF1, celui-ci lui a demand\u00e9 comment il avait fait la connaissance de l&#39;ensemble de chants et danses du MVD et lui a pos\u00e9 des questions sur les futures repr\u00e9sentations.<br \/>\nJulien a racont\u00e9 qu&#39;il y a environ deux ans, son t\u00e9l\u00e9phone a sonn\u00e9, et qu\u2019\u00e0 l&#39;autre bout du fil, se trouvait le g\u00e9n\u00e9ral Victor Eliseev. Le dirigeant de l&#39;ensemble lui a avou\u00e9 que les Russes adoraient la culture fran\u00e7aise et notamment les chansons de Joe Dassin et il lui a propos\u00e9 d&#39;\u00e9crire un album hommage \u00e0 son p\u00e8re.<\/p>\n<p><iframe width=\"640\" height=\"360\" src=\"https:\/\/www.youtube.com\/embed\/qLr8KXx2sgY?feature=oembed\" frameborder=\"0\" allowfullscreen><\/iframe><\/p>\n<p>&nbsp;<\/p>\n<p>Julien a tout de suite accept\u00e9. Pourquoi ? Peut-\u00eatre parce que son p\u00e8re \u00e9tait Joe Dassin, et que son grand-p\u00e8re venait d&#39;Odessa ? Et que par cons\u00e9quent, d&#39;apr\u00e8s lui, il a re\u00e7u un certain h\u00e9ritage culturel russe ?<br \/>\nEt \u00e9galement, parce que pour n&#39;importe quel chanteur, \u00eatressoliste avec un ch\u0153ur de cent personnes, c&#39;est toujours un grand plaisir. \u00ab Ce sont tous de grands gaillards\u00bb a avou\u00e9 le chanteur impressionn\u00e9.<br \/>\n\u00c0 pr\u00e9sent, Julien apprend le russe pour chanter des chants russes avec le ch\u0153ur.<\/p>\n<p>La tourn\u00e9e en France co\u00efncide avec le centenaire de la r\u00e9volution d&#39;octobre. C&#39;est pour \u00e7a, ou pour une toute autre raison, que les repr\u00e9sentations parisiennes de l\u2019ensemble commen\u00e7aient avec l&#39;hymne russe et la Marseillaise, suivis du chant militaire &laquo;Guerre sacr\u00e9e&raquo; (Sviachtchenna\u00efa Vo\u00efna) et l&#39;Internationale. Et \u00e0 chaque fois, au son des hymnes, la salle se levait respectueusement.<\/p>\n<p>Les jeunes assis \u00e0 c\u00f4t\u00e9 du journaliste de l&#39;Observateur russe ont commenc\u00e9 \u00e0 fredonner en entendant la c\u00e9l\u00e8bre m\u00e9lodie fran\u00e7aise.<\/p>\n<p>Et personne dans la salle bond\u00e9e n&#39;a \u00e9t\u00e9 effray\u00e9 ni par les uniformes, ni par les chants militaires.<\/p>\n<p><em>Sur le m\u00eame sujet:<\/em><br \/>\n<em><a href=\"http:\/\/rusoch.fr\/lang\/fr\/rus\/xor-krasnoj-armii-v-parizhe-coeurs-de-larmee-rouge-a-paris.html\">Choeurs de l&#39;Arm\u00e9e Rouge \u00e0 Paris<br \/>\n<\/a><a href=\"http:\/\/rusoch.fr\/lang\/fr\/tour\/xor-krasnoj-armii-kolesit-po-francii.html\">Les ch\u0153urs de l\u2019Arm\u00e9e Rouge ont conquis le public fran\u00e7ais<\/a><\/em><\/p>","protected":false},"excerpt":{"rendered":"<p>D\u00e9sol\u00e9, cet article est seulement disponible en Russe.<\/p>\n","protected":false},"author":2,"featured_media":209341,"comment_status":"open","ping_status":"open","sticky":false,"template":"","format":"standard","meta":[],"categories":[3],"tags":[2910,2911,1555,2909,2912,13,520,341,289,1615],"aioseo_notices":[],"_links":{"self":[{"href":"https:\/\/rusoch.fr\/fr\/wp-json\/wp\/v2\/posts\/209340"}],"collection":[{"href":"https:\/\/rusoch.fr\/fr\/wp-json\/wp\/v2\/posts"}],"about":[{"href":"https:\/\/rusoch.fr\/fr\/wp-json\/wp\/v2\/types\/post"}],"author":[{"embeddable":true,"href":"https:\/\/rusoch.fr\/fr\/wp-json\/wp\/v2\/users\/2"}],"replies":[{"embeddable":true,"href":"https:\/\/rusoch.fr\/fr\/wp-json\/wp\/v2\/comments?post=209340"}],"version-history":[{"count":0,"href":"https:\/\/rusoch.fr\/fr\/wp-json\/wp\/v2\/posts\/209340\/revisions"}],"wp:featuredmedia":[{"embeddable":true,"href":"https:\/\/rusoch.fr\/fr\/wp-json\/wp\/v2\/media\/209341"}],"wp:attachment":[{"href":"https:\/\/rusoch.fr\/fr\/wp-json\/wp\/v2\/media?parent=209340"}],"wp:term":[{"taxonomy":"category","embeddable":true,"href":"https:\/\/rusoch.fr\/fr\/wp-json\/wp\/v2\/categories?post=209340"},{"taxonomy":"post_tag","embeddable":true,"href":"https:\/\/rusoch.fr\/fr\/wp-json\/wp\/v2\/tags?post=209340"}],"curies":[{"name":"wp","href":"https:\/\/api.w.org\/{rel}","templated":true}]}}