{"id":209369,"date":"2017-03-31T11:38:17","date_gmt":"2017-03-31T10:38:17","guid":{"rendered":"http:\/\/rusoch.fr\/?p=209369"},"modified":"2017-06-23T22:12:18","modified_gmt":"2017-06-23T21:12:18","slug":"kandidaty-v-prezidenty-ob-otnosheniyax-francii-i-rossii","status":"publish","type":"post","link":"https:\/\/rusoch.fr\/fr\/guests\/kandidaty-v-prezidenty-ob-otnosheniyax-francii-i-rossii.html","title":{"rendered":"La position des candidats \u00e0 l&#39;\u00e9lection pr\u00e9sidentielle sur les relations entre la France et la Russie"},"content":{"rendered":"<p>Il reste trois semaines avant les \u00e9lections pr\u00e9sidentielles en France.<br \/>\nQue pensent les candidats \u00e0 l&#39;\u00e9lection quant \u00e0 l&#39;\u00e9volution des relations franco-russes ?<br \/>\nQuelle serait leur politique vis-\u00e0-vis de la Russie s&#39;ils devenaient le nouveau locataire du palais de l\u2019\u00c9lys\u00e9e?<!--more--><\/p>\n<p><div id=\"attachment_209371\" style=\"width: 606px\" class=\"wp-caption alignnone\"><a href=\"http:\/\/rusoch.fr\/files\/2017\/03\/17632225_1285931848158664_1017665775672486999_o.jpg\" rel=\"attachment wp-att-209371\"><img aria-describedby=\"caption-attachment-209371\" loading=\"lazy\" class=\"wp-image-209371 size-medium\" src=\"http:\/\/rusoch.fr\/files\/2017\/03\/17632225_1285931848158664_1017665775672486999_o-596x379.jpg\" alt=\"\" width=\"596\" height=\"379\" srcset=\"https:\/\/rusoch.fr\/files\/2017\/03\/17632225_1285931848158664_1017665775672486999_o-596x379.jpg 596w, https:\/\/rusoch.fr\/files\/2017\/03\/17632225_1285931848158664_1017665775672486999_o-768x487.jpg 768w, https:\/\/rusoch.fr\/files\/2017\/03\/17632225_1285931848158664_1017665775672486999_o.jpg 1447w\" sizes=\"(max-width: 596px) 100vw, 596px\" \/><\/a><p id=\"caption-attachment-209371\" class=\"wp-caption-text\">Photo: facebook.com\/dialoguefrancorusse<\/p><\/div><\/p>\n<p>C&#39;est la question que se posent les Fran\u00e7ais li\u00e9s d&#39;une fa\u00e7on ou d&#39;une autre \u00e0 la Russie et les Russes vivant en France.<\/p>\n<p>L&#39;Association <strong>Dialogue franco-russe<\/strong> a \u00e9t\u00e9 \u00e0 l&#39;initiative d&#39;un colloque auquel elle a invit\u00e9 les onze candidats \u00e0 la pr\u00e9sidence de la R\u00e9publique. Les interventions devaient se porter exclusivement sur les relations franco-russes.<br \/>\nLe copr\u00e9sident de Dialogue franco-russe le d\u00e9put\u00e9 <strong>Thierry Mariani<\/strong> et le pr\u00e9sident ex\u00e9cutif <strong>Alexandre Troubetzko\u00ef<\/strong> ont organis\u00e9 l\u2019essentiel de l\u2019\u00e9v\u00e9nement.<\/p>\n<p><div id=\"attachment_209372\" style=\"width: 343px\" class=\"wp-caption alignnone\"><a href=\"http:\/\/rusoch.fr\/files\/2017\/03\/17457472_1285927581492424_3971552721609879764_n.jpg\" rel=\"attachment wp-att-209372\"><img aria-describedby=\"caption-attachment-209372\" loading=\"lazy\" class=\"wp-image-209372 size-medium\" src=\"http:\/\/rusoch.fr\/files\/2017\/03\/17457472_1285927581492424_3971552721609879764_n-333x379.jpg\" alt=\"\" width=\"333\" height=\"379\" srcset=\"https:\/\/rusoch.fr\/files\/2017\/03\/17457472_1285927581492424_3971552721609879764_n-333x379.jpg 333w, https:\/\/rusoch.fr\/files\/2017\/03\/17457472_1285927581492424_3971552721609879764_n-768x874.jpg 768w, https:\/\/rusoch.fr\/files\/2017\/03\/17457472_1285927581492424_3971552721609879764_n-352x400.jpg 352w, https:\/\/rusoch.fr\/files\/2017\/03\/17457472_1285927581492424_3971552721609879764_n-600x682.jpg 600w, https:\/\/rusoch.fr\/files\/2017\/03\/17457472_1285927581492424_3971552721609879764_n.jpg 844w\" sizes=\"(max-width: 333px) 100vw, 333px\" \/><\/a><p id=\"caption-attachment-209372\" class=\"wp-caption-text\">\u0424.\u041f\u043e\u043d\u0441 \u0438 \u0422.\u041c\u0430\u0440\u0438\u0430\u043d\u0438 | F. Pons et T. Mariani Photo: facebook.com\/dialoguefrancorusse<\/p><\/div><\/p>\n<p><strong>Tous ne sont pas venus<\/strong><\/p>\n<p>La majorit\u00e9 des candidats ont envoy\u00e9 leurs porte-paroles officiels. L&#39;un des favoris de l\u2019\u00e9lection, <strong>Emmanuel Macron<\/strong>, a pr\u00e9f\u00e9r\u00e9 ne pas participer du tout \u00e0 la rencontre.<\/p>\n<p>On peut comprendre les candidats, ils n\u2019ont maintenant plus beaucoup de temps et ils sont litt\u00e9ralement d\u00e9bord\u00e9s. Ce m\u00eame jour, <strong>Pierre Gattaz<\/strong>, pr\u00e9sident du Medef, l&#39;un des syndicats les plus influents du pays les avait invit\u00e9 \u00e0 un d\u00e9bat. <strong>Beno\u00eet Hamon<\/strong>, candidat du parti socialiste, lui, rencontrait ce jour-l\u00e0 Angela Merkel en Allemagne.<\/p>\n<p>Le colloque se d\u00e9roulait dans une des salles de l&#39;Assembl\u00e9e nationale et a dur\u00e9 pas moins de trois heures. Les s\u00e9nateurs, d\u00e9put\u00e9s, journalistes et autres membres du public sont venus d\u00e9couvrir la vision des candidats quant aux relations franco-russes. Beaucoup de d\u00e9clarations ont \u00e9t\u00e9 faites, revenons sur les plus importantes.<\/p>\n<p><strong>Les sanctions<\/strong><\/p>\n<p>Le porte-parole du parti de droite Les R\u00e9publicains, <strong>Axel Poniatowsk<\/strong>i, le directeur de campagne de Marine Le Pen <strong>David Rachline<\/strong>, et le conseiller du meneur d\u2019extr\u00eame-gauche Jean-Luc M\u00e9lenchon <strong>Djordje Kuzmanovic<\/strong>, se sont exprim\u00e9s en faveur de la lev\u00e9e des sanctions contre la Russie en cas de victoire \u00e0 l\u2019\u00e9lection pr\u00e9sidentielle.<\/p>\n<p>Le secteur agro-alimentaire fran\u00e7ais subit la plupart des dommages caus\u00e9s par les sanctions, puisque la France ne peut plus livrer de porc en Russie. Les mesures de r\u00e9torsions contre les pays baltes ont amen\u00e9s \u00e0 l&#39;effondrement des industries laiti\u00e8res dans les anciennes r\u00e9publiques sovi\u00e9tiques. Ils vendent \u00e0 pr\u00e9sent leurs produits \u00e0 perte en Europe, ce qui provoque la faillite notamment des exploitations fran\u00e7aises.<br \/>\nLes Fran\u00e7ais devaient construire en Russie une ligne de train \u00e0 grande vitesse, \u00e0 cause des sanctions, ce sont les Chinois qui ont h\u00e9rit\u00e9 du contrat.<br \/>\nLes fruits fran\u00e7ais ont \u00e9t\u00e9 remplac\u00e9s par des fruits turcs ou asiatiques sur le march\u00e9 russe.<br \/>\nBeaucoup de grands projets conjoints ont \u00e9t\u00e9 pris en otage par les dirigeants du pays.<\/p>\n<p>Finalement, toutes les parties ont subi des pertes, constatent les hommes politiques.<\/p>\n<p>Mais il en reste qui sont pour le maintien des sanctions, comme les socialistes men\u00e9s par Beno\u00eet Hamon. Son porte-parole, <strong>Pascal Cherki<\/strong>, consid\u00e8re que les sanctions sont logiques. \"Elles ne sont pas un objectif, mais un moyen de montrer \u00e0 la Russie notre d\u00e9saccord sur l&#39;annexion de la Crim\u00e9e, a d\u00e9clar\u00e9 Cherki sous les protestations de la salle.<\/p>\n<p>Presque tous les intervenants ont martel\u00e9 la phrase bien connue\u00a0: &laquo; Les \u00c9tats n&#39;ont pas d&#39;amis, ils n&#39;ont que des int\u00e9r\u00eats&raquo;, comme pour parer la possibilit\u00e9 de questions provocatrices de la salle.<\/p>\n<p><strong>C\u2019est dans l\u2019int\u00e9r\u00eat de tous que la Russie soit forte et stable<\/strong><\/p>\n<p>La Russie est un pays eurasiatique, c&#39;est-\u00e0-dire qu&#39;une partie se trouve en Europe, celle-l\u00e0 m\u00eame qui aujourd&#39;hui menace directement l&#39;islamisme radical et le terrorisme. &laquo;La s\u00e9curit\u00e9 de l\u2019Europe est le probl\u00e8me clef auquel nous devons trouver une solution ensemble&raquo;, telle est la d\u00e9claration faite par tous les participants.<br \/>\n<strong>Nicolas Dupont-Aignan<\/strong>, chef du parti Debout la France consid\u00e8re qu&#39;il faut se battre contre le terrorisme et non contre Bachar el-Assad (contrairement \u00e0 ce que pensent les socialistes). &laquo;Daesh, et non Bachar el-Assad, tue en Europe&raquo;, a d\u00e9clar\u00e9 l\u2019homme politique.<\/p>\n<p><iframe width=\"640\" height=\"360\" src=\"https:\/\/www.youtube.com\/embed\/1AWiOMizniE?feature=oembed\" frameborder=\"0\" allowfullscreen><\/iframe><\/p>\n<p>&nbsp;<\/p>\n<p>Axel Poniatowski, qui condamne la d\u00e9cision de Fran\u00e7ois Hollande de ne pas se rendre \u00e0 Moscou pour les 70 ans de la victoire de 1945 et d&#39;avoir ensuite \u00e9mis des conditions quant \u00e0 la visite, qui n\u2019a finalement pas eu lieu, de Vladimir Poutine en octobre dernier, rappelle que &laquo;ce ne sont pas les Russes qui ont organis\u00e9 les attentats du Bataclan, de Nice, puis de Bruxelles. Il ne faut pas se tromper d\u2019 ennemis. Poutine admet lui-m\u00eame que la d\u00e9mocratie en Russie n&#39;est pas parfaite. Et que peut-on dire de l&#39;Arabie Saoudite ou de la Chine ? \u00c0 chaque culture ses probl\u00e8mes&raquo;<\/p>\n<p><strong>La France doit sortir de l&#39;OTAN<\/strong><\/p>\n<p>L\u2019expansion de l&#39;OTAN \u00e0 l&#39;est, est d\u00e9nonc\u00e9e par l\u2019extr\u00eame-droite et par l\u2019extr\u00eame-gauche.<br \/>\nLa France insoumise, le parti de Jean-Luc M\u00e9lenchon exige la sortie de l&#39;OTAN et promet qu&#39;en cas de victoire, il fera part de sa d\u00e9cision au prochain sommet de l&#39;organisation, \u00e0 Bruxelles le 25 mai. &laquo;L&#39;OTAN s\u2019\u00e9tait d\u00e9j\u00e0 \u00e9tendue par deux fois aux fronti\u00e8res de la Russie. La troisi\u00e8me fois, c&#39;\u00e9tait en Ukraine. Quatre mille militaires suppl\u00e9mentaires en Europe de l&#39;Est c&#39;est d\u00e9j\u00e0 trop&raquo; a d\u00e9clar\u00e9 Djordje Kuzmanovic<\/p>\n<p>Le mod\u00e9rateur du colloque, le journaliste fran\u00e7ais <strong>Fr\u00e9d\u00e9ric Pons<\/strong>, auteur du livre Poutine. Au c\u0153ur des secrets de la Russie moderne, a d\u00e9clar\u00e9 \u00e0 la fin de la rencontre qu&#39;au cours des discours, le nom de Charles de Gaulle avait \u00e9t\u00e9 prononc\u00e9 au moins 25 fois.<\/p>\n<p>Le g\u00e9n\u00e9ral est encore aujourd&#39;hui une autorit\u00e9 incontestable pour les Fran\u00e7ais.<\/p>","protected":false},"excerpt":{"rendered":"<p>D\u00e9sol\u00e9, cet article est seulement disponible en Russe.<\/p>\n","protected":false},"author":2,"featured_media":209371,"comment_status":"open","ping_status":"open","sticky":false,"template":"","format":"standard","meta":[],"categories":[3],"tags":[2923,2924,2597,2925,2921,2919,1479,2591,2920,289],"aioseo_notices":[],"_links":{"self":[{"href":"https:\/\/rusoch.fr\/fr\/wp-json\/wp\/v2\/posts\/209369"}],"collection":[{"href":"https:\/\/rusoch.fr\/fr\/wp-json\/wp\/v2\/posts"}],"about":[{"href":"https:\/\/rusoch.fr\/fr\/wp-json\/wp\/v2\/types\/post"}],"author":[{"embeddable":true,"href":"https:\/\/rusoch.fr\/fr\/wp-json\/wp\/v2\/users\/2"}],"replies":[{"embeddable":true,"href":"https:\/\/rusoch.fr\/fr\/wp-json\/wp\/v2\/comments?post=209369"}],"version-history":[{"count":0,"href":"https:\/\/rusoch.fr\/fr\/wp-json\/wp\/v2\/posts\/209369\/revisions"}],"wp:featuredmedia":[{"embeddable":true,"href":"https:\/\/rusoch.fr\/fr\/wp-json\/wp\/v2\/media\/209371"}],"wp:attachment":[{"href":"https:\/\/rusoch.fr\/fr\/wp-json\/wp\/v2\/media?parent=209369"}],"wp:term":[{"taxonomy":"category","embeddable":true,"href":"https:\/\/rusoch.fr\/fr\/wp-json\/wp\/v2\/categories?post=209369"},{"taxonomy":"post_tag","embeddable":true,"href":"https:\/\/rusoch.fr\/fr\/wp-json\/wp\/v2\/tags?post=209369"}],"curies":[{"name":"wp","href":"https:\/\/api.w.org\/{rel}","templated":true}]}}