{"id":209580,"date":"2017-04-12T00:26:16","date_gmt":"2017-04-11T23:26:16","guid":{"rendered":"http:\/\/rusoch.fr\/?p=209580"},"modified":"2017-06-23T21:48:32","modified_gmt":"2017-06-23T20:48:32","slug":"k-stoletiyu-srazheniya-pri-kursi","status":"publish","type":"post","link":"https:\/\/rusoch.fr\/fr\/events\/k-stoletiyu-srazheniya-pri-kursi.html","title":{"rendered":"100 ans de la Lib\u00e9ration de Courcy"},"content":{"rendered":"<p>Les 16 et 17 avril\u00a01917, les r\u00e9giments russes, sous le commandement du G\u00e9n\u00e9ral LOKHVITZKY, furent transf\u00e9r\u00e9s au Nord de REIMS, au pied du massif de Saint-Thierry, pour participer \u00e0 la grande offensive du G\u00e9n\u00e9ral NIVELLE.<!--more--><\/p>\n<p><a href=\"http:\/\/rusoch.fr\/files\/2017\/04\/Affiche-Centenaire-A3-OK.jpg\" rel=\"attachment wp-att-209583\"><img loading=\"lazy\" class=\"alignnone size-medium wp-image-209583\" src=\"http:\/\/rusoch.fr\/files\/2017\/04\/Affiche-Centenaire-A3-OK-269x379.jpg\" alt=\"Affiche Centenaire A3 OK\" width=\"269\" height=\"379\" srcset=\"https:\/\/rusoch.fr\/files\/2017\/04\/Affiche-Centenaire-A3-OK-269x379.jpg 269w, https:\/\/rusoch.fr\/files\/2017\/04\/Affiche-Centenaire-A3-OK-768x1082.jpg 768w, https:\/\/rusoch.fr\/files\/2017\/04\/Affiche-Centenaire-A3-OK-284x400.jpg 284w, https:\/\/rusoch.fr\/files\/2017\/04\/Affiche-Centenaire-A3-OK-600x845.jpg 600w\" sizes=\"(max-width: 269px) 100vw, 269px\" \/><\/a><\/p>\n<p>La premi\u00e8re brigade russe eut pour objectif la prise du village de Courcy. Apr\u00e8s des combats acharn\u00e9s, les soldats russes faisant preuve d&#39;un grand h\u00e9ro\u00efsme, accomplirent leur mission en reprenant le village aux troupes allemandes, le 16 avril 1917 et les jours suivants, aux prix de tr\u00e8s nombreux tu\u00e9s et bless\u00e9s.<\/p>\n<p>En avril\u00a02015, un monument d\u00e9di\u00e9 au souvenir des soldats du Corps exp\u00e9ditionnaire russes tomb\u00e9s, en France, au cours de la Grande Guerre a \u00e9t\u00e9 \u00e9rig\u00e9 au coeur de la commune.<\/p>\n<p>En cette ann\u00e9e du centenaire, la commune de Courcy, estimant qu&#39;elle a une v\u00e9ritable dette de m\u00e9moire envers ces hommes, tient \u00e0 faire conna\u00eetre le plus largement possible, ce pan particulier de son histoire et comm\u00e9morera le centi\u00e8me de cet \u00e9venement les 15, 16 et 17 avril 2017.<\/p>\n<p><strong>DIMANCHE 16 AVRIL<\/strong><\/p>\n<p>9H30<br \/>\nD\u00e9part circuit auto historique<br \/>\nPlace de la mairie<\/p>\n<p>11H00<br \/>\nD\u00e9part marche historique<br \/>\nPlace de la mairie<\/p>\n<p>13H30<br \/>\npremi\u00e8res arriv\u00e9es circuit automobile<br \/>\n15H00 place de la mairie<br \/>\nRemise r\u00e9compenses<\/p>\n<p>16H00<br \/>\nConcert groupe russe<br \/>\nSalle polyvalente<\/p>\n<p>18H00<br \/>\nAu cabaret des poilus<br \/>\nSalle polyvalente<\/p>\n<p><strong>Itin\u00e9raire de la marche historique<\/strong><\/p>\n<p><a href=\"http:\/\/rusoch.fr\/files\/2017\/04\/Itin\u00e9raire-de-la-marche-historique-COURCY.jpg\" rel=\"attachment wp-att-209591\"><img loading=\"lazy\" class=\"alignnone size-medium wp-image-209591\" src=\"http:\/\/rusoch.fr\/files\/2017\/04\/Itin\u00e9raire-de-la-marche-historique-COURCY-369x379.jpg\" alt=\"Itin\u00e9raire de la marche historique COURCY\" width=\"369\" height=\"379\" srcset=\"https:\/\/rusoch.fr\/files\/2017\/04\/Itin\u00e9raire-de-la-marche-historique-COURCY-369x379.jpg 369w, https:\/\/rusoch.fr\/files\/2017\/04\/Itin\u00e9raire-de-la-marche-historique-COURCY-390x400.jpg 390w, https:\/\/rusoch.fr\/files\/2017\/04\/Itin\u00e9raire-de-la-marche-historique-COURCY.jpg 500w\" sizes=\"(max-width: 369px) 100vw, 369px\" \/><\/a><\/p>\n<p><strong>Plan de Courcy<\/strong><\/p>\n<p><a href=\"http:\/\/rusoch.fr\/files\/2017\/04\/Plan-de-COURCY.jpg\" rel=\"attachment wp-att-209587\"><img loading=\"lazy\" class=\"alignnone size-medium wp-image-209587\" src=\"http:\/\/rusoch.fr\/files\/2017\/04\/Plan-de-COURCY-545x379.jpg\" alt=\"Plan de COURCY\" width=\"545\" height=\"379\" srcset=\"https:\/\/rusoch.fr\/files\/2017\/04\/Plan-de-COURCY-545x379.jpg 545w, https:\/\/rusoch.fr\/files\/2017\/04\/Plan-de-COURCY-768x534.jpg 768w, https:\/\/rusoch.fr\/files\/2017\/04\/Plan-de-COURCY-576x400.jpg 576w, https:\/\/rusoch.fr\/files\/2017\/04\/Plan-de-COURCY-600x417.jpg 600w, https:\/\/rusoch.fr\/files\/2017\/04\/Plan-de-COURCY.jpg 905w\" sizes=\"(max-width: 545px) 100vw, 545px\" \/><\/a><\/p>\n<p><a href=\"http:\/\/www.village-de-courcy.fr\/145\/2017\/02\/20\/centenaire-de-la-liberation-de-la-commune-de-courcy-par-les-troupes-russes.html\">Toute l&#39;information sur les Journ\u00e9es de comm\u00e9moration<\/a><\/p>\n<p><em>Sur le m\u00eame sujet:<\/em><\/p>\n<p><a href=\"http:\/\/rusoch.fr\/lang\/fr\/tour\/pamyatnik-russkomu-ekspedicionnomu-korpusu-otkryli-v-shampan-ardenny.html\">Inauguration d\u2019une statue d\u00e9di\u00e9e au Corps Exp\u00e9ditionnaire Russe en Champagne-Ardenne<\/a><\/p>\n<p>&nbsp;<\/p>","protected":false},"excerpt":{"rendered":"<p>D\u00e9sol\u00e9, cet article est seulement disponible en Russe.<\/p>\n","protected":false},"author":2,"featured_media":209581,"comment_status":"open","ping_status":"open","sticky":false,"template":"","format":"standard","meta":[],"categories":[6],"tags":[2948,2949,2946,2947],"aioseo_notices":[],"_links":{"self":[{"href":"https:\/\/rusoch.fr\/fr\/wp-json\/wp\/v2\/posts\/209580"}],"collection":[{"href":"https:\/\/rusoch.fr\/fr\/wp-json\/wp\/v2\/posts"}],"about":[{"href":"https:\/\/rusoch.fr\/fr\/wp-json\/wp\/v2\/types\/post"}],"author":[{"embeddable":true,"href":"https:\/\/rusoch.fr\/fr\/wp-json\/wp\/v2\/users\/2"}],"replies":[{"embeddable":true,"href":"https:\/\/rusoch.fr\/fr\/wp-json\/wp\/v2\/comments?post=209580"}],"version-history":[{"count":0,"href":"https:\/\/rusoch.fr\/fr\/wp-json\/wp\/v2\/posts\/209580\/revisions"}],"wp:featuredmedia":[{"embeddable":true,"href":"https:\/\/rusoch.fr\/fr\/wp-json\/wp\/v2\/media\/209581"}],"wp:attachment":[{"href":"https:\/\/rusoch.fr\/fr\/wp-json\/wp\/v2\/media?parent=209580"}],"wp:term":[{"taxonomy":"category","embeddable":true,"href":"https:\/\/rusoch.fr\/fr\/wp-json\/wp\/v2\/categories?post=209580"},{"taxonomy":"post_tag","embeddable":true,"href":"https:\/\/rusoch.fr\/fr\/wp-json\/wp\/v2\/tags?post=209580"}],"curies":[{"name":"wp","href":"https:\/\/api.w.org\/{rel}","templated":true}]}}