{"id":209682,"date":"2017-04-21T00:20:25","date_gmt":"2017-04-20T23:20:25","guid":{"rendered":"http:\/\/rusoch.fr\/?p=209682"},"modified":"2017-12-10T12:38:44","modified_gmt":"2017-12-10T11:38:44","slug":"rossijskij-centr-na-branli-otkryl-dveri-v-parizh-russkogo-carya-petra-i","status":"publish","type":"post","link":"https:\/\/rusoch.fr\/fr\/events\/rossijskij-centr-na-branli-otkryl-dveri-v-parizh-russkogo-carya-petra-i.html","title":{"rendered":"Le Centre Russe quai Branly pr\u00e9sente l&#39;exposition &laquo;Le tsar \u00e0 Paris&raquo;"},"content":{"rendered":"<p><strong>Dans le cadre du Congr\u00e8s international p\u00e9trovien \u00e0 Paris, le Centre Spirituel et Culturel Orthodoxe russe pr\u00e9sente depuis le 20 avril au quai Branly une exposition consacr\u00e9e au 300 ans de la visite de Pierre Ier en France<\/strong>.<!--more--><\/p>\n<p><a href=\"http:\/\/rusoch.fr\/files\/2017\/04\/\u0410\u0444\u0438\u0448\u0430-\u0432\u044b\u0441\u0442\u0430\u0432\u043a\u0438.jpg\" rel=\"attachment wp-att-209685\"><img loading=\"lazy\" class=\"alignnone size-medium wp-image-209685\" src=\"http:\/\/rusoch.fr\/files\/2017\/04\/\u0410\u0444\u0438\u0448\u0430-\u0432\u044b\u0441\u0442\u0430\u0432\u043a\u0438-268x379.jpg\" alt=\"\u0410\u0444\u0438\u0448\u0430 \u0432\u044b\u0441\u0442\u0430\u0432\u043a\u0438\" width=\"268\" height=\"379\" srcset=\"https:\/\/rusoch.fr\/files\/2017\/04\/\u0410\u0444\u0438\u0448\u0430-\u0432\u044b\u0441\u0442\u0430\u0432\u043a\u0438-268x379.jpg 268w, https:\/\/rusoch.fr\/files\/2017\/04\/\u0410\u0444\u0438\u0448\u0430-\u0432\u044b\u0441\u0442\u0430\u0432\u043a\u0438-768x1086.jpg 768w, https:\/\/rusoch.fr\/files\/2017\/04\/\u0410\u0444\u0438\u0448\u0430-\u0432\u044b\u0441\u0442\u0430\u0432\u043a\u0438-283x400.jpg 283w, https:\/\/rusoch.fr\/files\/2017\/04\/\u0410\u0444\u0438\u0448\u0430-\u0432\u044b\u0441\u0442\u0430\u0432\u043a\u0438-600x848.jpg 600w, https:\/\/rusoch.fr\/files\/2017\/04\/\u0410\u0444\u0438\u0448\u0430-\u0432\u044b\u0441\u0442\u0430\u0432\u043a\u0438.jpg 1000w\" sizes=\"(max-width: 268px) 100vw, 268px\" \/><\/a><\/p>\n<p>L\u2019\u00e9v\u00e9nement est organis\u00e9 par le Mus\u00e9e-r\u00e9serve d\u2019\u00c9tat \u00abPeterhof\u00bb et l&#39;ambassade de la F\u00e9d\u00e9ration de Russie<br \/>\n<em>&laquo;L&#39;Observateur russe&raquo;<\/em> s&#39;est rendu au vernissage o\u00f9 sont intervenus la critique d\u2019art, conservatrice et <strong>directrice g\u00e9n\u00e9rale de &laquo;Peterhof&raquo; Elena Kalnitskaja<\/strong>, et par le professeur en histoire de la Russie et en arch\u00e9ologie de l&#39;Universit\u00e9 d&#39;\u00c9tat de Saratov Nikola\u00ef Tchernychevski ainsi qu\u2019auteur du livre &laquo;Pierre Ier en France&raquo;, Sergei Mezine.<\/p>\n<p><a href=\"http:\/\/rusoch.fr\/files\/2017\/04\/IMG_20170419_204204.jpg\" rel=\"attachment wp-att-209686\"><img loading=\"lazy\" class=\"alignnone size-medium wp-image-209686\" src=\"http:\/\/rusoch.fr\/files\/2017\/04\/IMG_20170419_204204-505x379.jpg\" alt=\"IMG_20170419_204204\" width=\"505\" height=\"379\" srcset=\"https:\/\/rusoch.fr\/files\/2017\/04\/IMG_20170419_204204-505x379.jpg 505w, https:\/\/rusoch.fr\/files\/2017\/04\/IMG_20170419_204204-768x576.jpg 768w, https:\/\/rusoch.fr\/files\/2017\/04\/IMG_20170419_204204-533x400.jpg 533w, https:\/\/rusoch.fr\/files\/2017\/04\/IMG_20170419_204204-600x450.jpg 600w, https:\/\/rusoch.fr\/files\/2017\/04\/IMG_20170419_204204.jpg 1000w\" sizes=\"(max-width: 505px) 100vw, 505px\" \/><\/a><\/p>\n<p>&laquo;Cette exposition s&#39;inscrit dans l&#39;actualit\u00e9, puisque le 21 avril, \u00e7a fera 300 ans que Pierre Ier a pos\u00e9 le pied sur le territoire fran\u00e7ais&raquo;, nous a racont\u00e9 <strong>Sergei Mezine<\/strong>. C\u2019est une date importante pour la politique \u00e9trang\u00e8re russe et la diplomatie puisqu&#39;il est venu \u00e0 Paris afin de conclure une alliance.<\/p>\n<p>Ce n&#39;\u00e9tait pas gagn\u00e9 d\u2019avance, mais en ces temps difficiles, il a su s&#39;entendre avec ses partenaires et conclure <strong>le trait\u00e9 d&#39;Amsterdam<\/strong>, le premier trait\u00e9 de l&#39;Histoire entre la France et la Russie. C\u2019est suite \u00e0 ce trait\u00e9 qu\u2019il y a eu la premi\u00e8re ambassade russe et les premiers ambassadeurs russes \u00e0 Paris.\"<\/p>\n<p>Le trait\u00e9 d\u2019Amsterdam a mis fin \u00e0 une crise durable et a permis aux relations entre les deux pays de se d\u00e9velopper. Il a \u00e9galement plac\u00e9 la Russie comme un partenaire politique d\u2019envergure \u00e9quivalente \u00e0 la France et a amen\u00e9 \u00e0 la fin de la Grande guerre du Nord.<\/p>\n<p><div id=\"attachment_209688\" style=\"width: 515px\" class=\"wp-caption alignnone\"><a href=\"http:\/\/rusoch.fr\/files\/2017\/04\/\u0430\u043c\u0441\u0442\u0435\u0440\u0434\u0430\u043c\u0441\u043a\u0438\u0439-\u0434\u043e\u0433\u043e\u0432\u043e\u0440.jpg\" rel=\"attachment wp-att-209688\"><img aria-describedby=\"caption-attachment-209688\" loading=\"lazy\" class=\"wp-image-209688 size-medium\" src=\"http:\/\/rusoch.fr\/files\/2017\/04\/\u0430\u043c\u0441\u0442\u0435\u0440\u0434\u0430\u043c\u0441\u043a\u0438\u0439-\u0434\u043e\u0433\u043e\u0432\u043e\u0440-505x379.jpg\" alt=\"\" width=\"505\" height=\"379\" srcset=\"https:\/\/rusoch.fr\/files\/2017\/04\/\u0430\u043c\u0441\u0442\u0435\u0440\u0434\u0430\u043c\u0441\u043a\u0438\u0439-\u0434\u043e\u0433\u043e\u0432\u043e\u0440-505x379.jpg 505w, https:\/\/rusoch.fr\/files\/2017\/04\/\u0430\u043c\u0441\u0442\u0435\u0440\u0434\u0430\u043c\u0441\u043a\u0438\u0439-\u0434\u043e\u0433\u043e\u0432\u043e\u0440-768x576.jpg 768w, https:\/\/rusoch.fr\/files\/2017\/04\/\u0430\u043c\u0441\u0442\u0435\u0440\u0434\u0430\u043c\u0441\u043a\u0438\u0439-\u0434\u043e\u0433\u043e\u0432\u043e\u0440-533x400.jpg 533w, https:\/\/rusoch.fr\/files\/2017\/04\/\u0430\u043c\u0441\u0442\u0435\u0440\u0434\u0430\u043c\u0441\u043a\u0438\u0439-\u0434\u043e\u0433\u043e\u0432\u043e\u0440-600x450.jpg 600w, https:\/\/rusoch.fr\/files\/2017\/04\/\u0430\u043c\u0441\u0442\u0435\u0440\u0434\u0430\u043c\u0441\u043a\u0438\u0439-\u0434\u043e\u0433\u043e\u0432\u043e\u0440.jpg 1000w\" sizes=\"(max-width: 505px) 100vw, 505px\" \/><\/a><p id=\"caption-attachment-209688\" class=\"wp-caption-text\">\u0410\u043c\u0441\u0442\u0435\u0440\u0434\u0430\u043c\u0441\u043a\u0438\u0439 \u0434\u043e\u0433\u043e\u0432\u043e\u0440| Le trait\u00e9 d&#39;Amsterdam<\/p><\/div><\/p>\n<p>Mais le but du voyage de Pierre Ier n&#39;\u00e9tait pas seulement diplomatique, il \u00e9tait \u00e9galement \u00e9ducatif : il d\u00e9sirait d\u00e9couvrir les r\u00e9alisations architecturales des \u00e9rudits locaux, les traditions et l&#39;\u00e9tiquette mondaines et bien entendu la mode fran\u00e7aise \u00e0 la cour du roi.<\/p>\n<p>\"Bien s\u00fbr, il a pass\u00e9 la plus grande partie de son s\u00e9jour \u00e0 Paris, a continu\u00e9 M. Mezine. Mais on lui a aussi fait visit\u00e9 les r\u00e9sidences royales autour de la ville, il a donc vu le ch\u00e2teau de Versailles, celui de Marly, etc. Il s\u2019int\u00e9ressait \u00e9galement au fonctionnement des fontaines. Pendant leur s\u00e9jour, le tsar et son entourage dessinaient des esquisses qui sont pr\u00e9sent\u00e9es \u00e0 l&#39;exposition.<\/p>\n<p><a href=\"http:\/\/rusoch.fr\/files\/2017\/04\/IMG_20170419_204341.jpg\" rel=\"attachment wp-att-209691\"><img loading=\"lazy\" class=\"alignnone size-medium wp-image-209691\" src=\"http:\/\/rusoch.fr\/files\/2017\/04\/IMG_20170419_204341-505x379.jpg\" alt=\"IMG_20170419_204341\" width=\"505\" height=\"379\" srcset=\"https:\/\/rusoch.fr\/files\/2017\/04\/IMG_20170419_204341-505x379.jpg 505w, https:\/\/rusoch.fr\/files\/2017\/04\/IMG_20170419_204341-768x576.jpg 768w, https:\/\/rusoch.fr\/files\/2017\/04\/IMG_20170419_204341-533x400.jpg 533w, https:\/\/rusoch.fr\/files\/2017\/04\/IMG_20170419_204341-600x450.jpg 600w, https:\/\/rusoch.fr\/files\/2017\/04\/IMG_20170419_204341.jpg 1000w\" sizes=\"(max-width: 505px) 100vw, 505px\" \/><\/a><\/p>\n<p>&laquo;Il s&#39;est abreuv\u00e9 de tout ce qu&#39;il pouvait rapporter sur les berges de la Neva&raquo; a encha\u00een\u00e9 <strong>Elena Kalnitskaja<\/strong>. Car au moment du premier voyage de Pierre Ier, Saint-P\u00e9tersbourg avait tout au plus 14 ans, et on pouvait encore tout y changer et donner un nouvel essor \u00e0 son d\u00e9veloppement. E c&#39;est ce qu&#39;\u00e0 fait le tsar. Mais il ne faut pas oublier d\u2019\u00e9voquer l&#39;opposition qu&#39;il a rencontr\u00e9 : les courtisans ne voulaient pas se raser la barbe, porter de caftans ou encore vivre au palais.<\/p>\n<p><a href=\"http:\/\/rusoch.fr\/files\/2017\/04\/IMG_20170419_205400.jpg\" rel=\"attachment wp-att-209690\"><img loading=\"lazy\" class=\"alignnone size-medium wp-image-209690\" src=\"http:\/\/rusoch.fr\/files\/2017\/04\/IMG_20170419_205400-505x379.jpg\" alt=\"IMG_20170419_205400\" width=\"505\" height=\"379\" srcset=\"https:\/\/rusoch.fr\/files\/2017\/04\/IMG_20170419_205400-505x379.jpg 505w, https:\/\/rusoch.fr\/files\/2017\/04\/IMG_20170419_205400-768x576.jpg 768w, https:\/\/rusoch.fr\/files\/2017\/04\/IMG_20170419_205400-533x400.jpg 533w, https:\/\/rusoch.fr\/files\/2017\/04\/IMG_20170419_205400-600x450.jpg 600w, https:\/\/rusoch.fr\/files\/2017\/04\/IMG_20170419_205400.jpg 1000w\" sizes=\"(max-width: 505px) 100vw, 505px\" \/><\/a><\/p>\n<p>L&#39;exposition est une sorte de reconstitution de l\u2019univers, des sons, des images (dans une salle, deux \u00e9crans diffusent des images de Peterhof), du contenu et m\u00eame en quelques sortes du jeu, de l\u2019excursion de Pierre Ier dans la capitale fran\u00e7aise.<\/p>\n<p>Elle comporte non seulement des gravures, des dessins li\u00e9s au s\u00e9jour du tsar sur le territoire fran\u00e7ais, mais \u00e9galement des documents historiques importants. On peut y voir une copie d\u2019un exemplaire original du trait\u00e9 d&#39;Amsterdam sur lequel on peut voir les signatures du chancelier russe, du comte Golovkin, du chancelier Shafirov et du c\u00e9l\u00e8bre diplomate francophile le prince Kourakine. D\u2019authentiques lettres que le tsar a \u00e9crites \u00e0 sa femmes depuis la capitale fran\u00e7aise sont \u00e9galement expos\u00e9es. Il y d\u00e9crit ses impressions sur sa rencontre avec le roi fran\u00e7ais de l&#39;\u00e9poque, Louis XV.<\/p>\n<p><div id=\"attachment_209689\" style=\"width: 515px\" class=\"wp-caption alignnone\"><a href=\"http:\/\/rusoch.fr\/files\/2017\/04\/\u043f\u0438\u0441\u044c\u043c\u0430-\u0436\u0435\u043d\u0435.jpg\" rel=\"attachment wp-att-209689\"><img aria-describedby=\"caption-attachment-209689\" loading=\"lazy\" class=\"wp-image-209689 size-medium\" src=\"http:\/\/rusoch.fr\/files\/2017\/04\/\u043f\u0438\u0441\u044c\u043c\u0430-\u0436\u0435\u043d\u0435-505x379.jpg\" alt=\"\" width=\"505\" height=\"379\" srcset=\"https:\/\/rusoch.fr\/files\/2017\/04\/\u043f\u0438\u0441\u044c\u043c\u0430-\u0436\u0435\u043d\u0435-505x379.jpg 505w, https:\/\/rusoch.fr\/files\/2017\/04\/\u043f\u0438\u0441\u044c\u043c\u0430-\u0436\u0435\u043d\u0435-768x576.jpg 768w, https:\/\/rusoch.fr\/files\/2017\/04\/\u043f\u0438\u0441\u044c\u043c\u0430-\u0436\u0435\u043d\u0435-533x400.jpg 533w, https:\/\/rusoch.fr\/files\/2017\/04\/\u043f\u0438\u0441\u044c\u043c\u0430-\u0436\u0435\u043d\u0435-600x450.jpg 600w, https:\/\/rusoch.fr\/files\/2017\/04\/\u043f\u0438\u0441\u044c\u043c\u0430-\u0436\u0435\u043d\u0435.jpg 1000w\" sizes=\"(max-width: 505px) 100vw, 505px\" \/><\/a><p id=\"caption-attachment-209689\" class=\"wp-caption-text\">\u041f\u0438\u0441\u044c\u043c\u0430 \u0436\u0435\u043d\u0435 | Lettres \u00e0 sa femme<\/p><\/div><\/p>\n<p>&laquo;Des documents \u00e9voquant la cr\u00e9ation de la premi\u00e8re ambassade russe en France sont \u00e9galement pr\u00e9sents. Pierre Ier a choisi comme premier ambassadeur le baron europ\u00e9en Chle\u00efnitse. Et par la suite, le prince Kourakine qui accompagnait Pierre Ier est lui aussi devenu ambassadeur \u00e0 Paris&raquo; a conclu Sergei Mezine.<br \/>\nLes connaissances acquises par Pierre Ier pendant ce voyage ont \u00e9t\u00e9 \u00e0 l&#39;origine des transformations qu\u2019il a par la suite op\u00e9r\u00e9es.<\/p>\n<p>\"Quand nous avons d\u00e9velopp\u00e9 cette exposition, nous avons choisi comme \u00e9pigraphe les mots de l&#39;architecte anglais Christopher Wren, qui a dit sur Paris : &laquo;J&#39;ai ramen\u00e9 toute la France sur du papier&raquo;. Pierre Ier, lui, a ramen\u00e9 Paris dans son c\u0153ur. Le tsar russe qui portait de vieux habits, qui avait travaill\u00e9 comme charpentier en Hollande, est revenu de son s\u00e9jour dans la capitale fran\u00e7aise en homme nouveau, avec des mani\u00e8res mondaines et pr\u00eat \u00e0 construire plus large, plus lumineux et plus int\u00e9ressant avec des architectes et des b\u00e2tisseurs fran\u00e7ais.<\/p>\n<p><em>Photos de l&#39;auteur<\/em><\/p>","protected":false},"excerpt":{"rendered":"<p>D\u00e9sol\u00e9, cet article est seulement disponible en Russe.<\/p>\n","protected":false},"author":2,"featured_media":209685,"comment_status":"open","ping_status":"open","sticky":false,"template":"","format":"standard","meta":[],"categories":[6],"tags":[2787,1555,1602,2965,2966,1344,13,2967,341],"aioseo_notices":[],"_links":{"self":[{"href":"https:\/\/rusoch.fr\/fr\/wp-json\/wp\/v2\/posts\/209682"}],"collection":[{"href":"https:\/\/rusoch.fr\/fr\/wp-json\/wp\/v2\/posts"}],"about":[{"href":"https:\/\/rusoch.fr\/fr\/wp-json\/wp\/v2\/types\/post"}],"author":[{"embeddable":true,"href":"https:\/\/rusoch.fr\/fr\/wp-json\/wp\/v2\/users\/2"}],"replies":[{"embeddable":true,"href":"https:\/\/rusoch.fr\/fr\/wp-json\/wp\/v2\/comments?post=209682"}],"version-history":[{"count":0,"href":"https:\/\/rusoch.fr\/fr\/wp-json\/wp\/v2\/posts\/209682\/revisions"}],"wp:featuredmedia":[{"embeddable":true,"href":"https:\/\/rusoch.fr\/fr\/wp-json\/wp\/v2\/media\/209685"}],"wp:attachment":[{"href":"https:\/\/rusoch.fr\/fr\/wp-json\/wp\/v2\/media?parent=209682"}],"wp:term":[{"taxonomy":"category","embeddable":true,"href":"https:\/\/rusoch.fr\/fr\/wp-json\/wp\/v2\/categories?post=209682"},{"taxonomy":"post_tag","embeddable":true,"href":"https:\/\/rusoch.fr\/fr\/wp-json\/wp\/v2\/tags?post=209682"}],"curies":[{"name":"wp","href":"https:\/\/api.w.org\/{rel}","templated":true}]}}