{"id":209720,"date":"2017-04-23T00:50:15","date_gmt":"2017-04-22T23:50:15","guid":{"rendered":"http:\/\/rusoch.fr\/?p=209720"},"modified":"2017-06-23T21:26:06","modified_gmt":"2017-06-23T20:26:06","slug":"mezhdunarodnyj-petrovskij-kongress-proshel-v-parizhe","status":"publish","type":"post","link":"https:\/\/rusoch.fr\/fr\/events\/mezhdunarodnyj-petrovskij-kongress-proshel-v-parizhe.html","title":{"rendered":"Tenue du Congr\u00e8s international p\u00e9trovien \u00e0 Paris"},"content":{"rendered":"<p><strong>Les 20 et 21 avril le congr\u00e8s &laquo;Itin\u00e9raires europ\u00e9ens de Pierre le Grand&raquo; a eu lieu au Centre russe quai Branly \u00e0 Paris.<\/strong><br \/>\n<strong> L&#39;\u00e9v\u00e9nement co\u00efncidait avec les 300 ans de la visite de Pierre Ier en France.<!--more--><\/strong><\/p>\n<p><a href=\"http:\/\/rusoch.fr\/files\/2017\/04\/IMG_0668.jpg\" rel=\"attachment wp-att-209724\"><img loading=\"lazy\" class=\"alignnone size-medium wp-image-209724\" src=\"http:\/\/rusoch.fr\/files\/2017\/04\/IMG_0668-339x379.jpg\" alt=\"IMG_0668\" width=\"339\" height=\"379\" srcset=\"https:\/\/rusoch.fr\/files\/2017\/04\/IMG_0668-339x379.jpg 339w, https:\/\/rusoch.fr\/files\/2017\/04\/IMG_0668-768x859.jpg 768w, https:\/\/rusoch.fr\/files\/2017\/04\/IMG_0668-357x400.jpg 357w, https:\/\/rusoch.fr\/files\/2017\/04\/IMG_0668-600x671.jpg 600w, https:\/\/rusoch.fr\/files\/2017\/04\/IMG_0668.jpg 1000w\" sizes=\"(max-width: 339px) 100vw, 339px\" \/><\/a><\/p>\n<p>Le 21 avril 1717, pour la premi\u00e8re fois dans l&#39;histoire le monarque russe traversait la fronti\u00e8re et arrivait sur le territoire fran\u00e7ais. Il y a pass\u00e9 65 jours.<\/p>\n<p>Le s\u00e9jour qu\u2019a fait Pierre Ier en France dans le cadre de son deuxi\u00e8me voyage europ\u00e9en et l\u2019impact que cette visite a eu sur le d\u00e9veloppement des relations franco-russes est la raison pour laquelle on consid\u00e8re avril 1717 comme la date de naissance des relations diplomatiques entre la France et la Russie. C\u2019est ainsi qu\u2019aujourd\u2019hui, ces deux pays ont d\u00e9pass\u00e9 le seuil des 300 ans de collaboration.<\/p>\n<p>Des h\u00f4tes de marque ont assist\u00e9 au congr\u00e8s : le s\u00e9nateur Jean-Pierre Chev\u00e8nement, le secr\u00e9taire perp\u00e9tuel de l&#39;Acad\u00e9mie fran\u00e7aise H\u00e9l\u00e9ne Carr\u00e8re d&#39;Encausse, le d\u00e9l\u00e9gu\u00e9 du maire de Paris charg\u00e9 de relations internationales ainsi que des personnalit\u00e9s \u00e9minentes de la capitale.<\/p>\n<p><a href=\"http:\/\/rusoch.fr\/files\/2017\/04\/Capture-d\u2019e\u0301cran-2017-04-20-a\u0300-19.28.18.jpg\" rel=\"attachment wp-att-209727\"><img loading=\"lazy\" class=\"alignnone size-medium wp-image-209727\" src=\"http:\/\/rusoch.fr\/files\/2017\/04\/Capture-d\u2019e\u0301cran-2017-04-20-a\u0300-19.28.18-596x199.jpg\" alt=\"Capture d\u2019e\u0301cran 2017-04-20 a\u0300 19.28.18\" width=\"596\" height=\"199\" srcset=\"https:\/\/rusoch.fr\/files\/2017\/04\/Capture-d\u2019e\u0301cran-2017-04-20-a\u0300-19.28.18-596x199.jpg 596w, https:\/\/rusoch.fr\/files\/2017\/04\/Capture-d\u2019e\u0301cran-2017-04-20-a\u0300-19.28.18-768x257.jpg 768w, https:\/\/rusoch.fr\/files\/2017\/04\/Capture-d\u2019e\u0301cran-2017-04-20-a\u0300-19.28.18-600x201.jpg 600w, https:\/\/rusoch.fr\/files\/2017\/04\/Capture-d\u2019e\u0301cran-2017-04-20-a\u0300-19.28.18.jpg 1469w\" sizes=\"(max-width: 596px) 100vw, 596px\" \/><\/a><\/p>\n<p>Quant \u00e0 la d\u00e9l\u00e9gation russe, elle \u00e9tait compos\u00e9e du directeur du Fond Dmitri Likhatchov Aleksandre Kobak, du directeur g\u00e9n\u00e9ral du mus\u00e9e-r\u00e9serve d\u2019\u00e9tat \u00abPeterhof\u00bb Elena Kalnitskaja, du directeur scientifique de l\u2019institut Pierre le Grand Evgeni Anissimov, et d\u2019historiens et sp\u00e9cialistes de l&#39;\u00e9poque p\u00e9trovienne.<\/p>\n<p>Lors de la c\u00e9r\u00e9monie d\u2019ouverture, l&#39;ambassadeur de la Russie en France Alexandre Orlov a remis le drapeau du programme international &laquo;Le Voyage de Pierre le Grand&raquo; \u00e0 la ville de Paris. Traditionnellement, ce drapeau est remis aux villes que Pierre Ier a fond\u00e9es ou bien aux villes dans lesquelles un souvenir historique du s\u00e9jour du tsar est conserv\u00e9. D\u00e9sormais, Paris, avec les villes d&#39;Arkhangelsk, Derbent, Vienne ou encore de Cambridge, est consid\u00e9r\u00e9 comme une &laquo;ville de Pierre le Grand&raquo;.<\/p>\n<p><a href=\"http:\/\/rusoch.fr\/files\/2017\/04\/IMG_0651.jpg\" rel=\"attachment wp-att-209728\"><img loading=\"lazy\" class=\"alignnone size-medium wp-image-209728\" src=\"http:\/\/rusoch.fr\/files\/2017\/04\/IMG_0651-568x379.jpg\" alt=\"IMG_0651\" width=\"568\" height=\"379\" srcset=\"https:\/\/rusoch.fr\/files\/2017\/04\/IMG_0651-568x379.jpg 568w, https:\/\/rusoch.fr\/files\/2017\/04\/IMG_0651-768x512.jpg 768w, https:\/\/rusoch.fr\/files\/2017\/04\/IMG_0651-600x400.jpg 600w, https:\/\/rusoch.fr\/files\/2017\/04\/IMG_0651.jpg 1000w\" sizes=\"(max-width: 568px) 100vw, 568px\" \/><\/a><\/p>\n<p>Deux villes ont \u00e9t\u00e9 honor\u00e9es de la m\u00e9dailles des \u00ab\u00a0300 ans de la visite de Pierre le Grand en France\u00a0\u00bb : Saint-Germain-en-Laye et Charleville-M\u00e9zi\u00e8res.<\/p>\n<p><a href=\"http:\/\/rusoch.fr\/files\/2017\/04\/IMG_0623.jpg\" rel=\"attachment wp-att-209729\"><img loading=\"lazy\" class=\"alignnone size-medium wp-image-209729\" src=\"http:\/\/rusoch.fr\/files\/2017\/04\/IMG_0623-568x379.jpg\" alt=\"IMG_0623\" width=\"568\" height=\"379\" srcset=\"https:\/\/rusoch.fr\/files\/2017\/04\/IMG_0623-568x379.jpg 568w, https:\/\/rusoch.fr\/files\/2017\/04\/IMG_0623-768x512.jpg 768w, https:\/\/rusoch.fr\/files\/2017\/04\/IMG_0623-600x400.jpg 600w, https:\/\/rusoch.fr\/files\/2017\/04\/IMG_0623.jpg 1000w\" sizes=\"(max-width: 568px) 100vw, 568px\" \/><\/a><\/p>\n<p>Les participants du congr\u00e8s on plant\u00e9 sur les terres du Centre russe un arbre symbolique en m\u00e9moire de l&#39;anniversaire de cette date.<\/p>\n<p><iframe width=\"640\" height=\"360\" src=\"https:\/\/www.youtube.com\/embed\/ZjS-0kGSF1A?feature=oembed\" frameborder=\"0\" allowfullscreen><\/iframe><\/p>\n<p>\u00c0 l\u2019issu du s\u00e9jour de presque deux mois de Pierre Ier en France, un document important a \u00e9t\u00e9 \u00e9labor\u00e9\u00a0: un trait\u00e9 d&#39;alliance qui fit de la Russie un partenaire \u00e0 part enti\u00e8re et sur lequel l\u2019Europe dut par la suite compter. L\u2019objectif principal de ce long s\u00e9jour \u00e9tait d&#39; \u00ab\u00a0entrer dans le rang des nations europ\u00e9ennes\u00a0\u00bb et d\u2019affirmer le r\u00f4le de grande puissance de la Russie.<\/p>\n<p>Le trait\u00e9, conclu entre la France, la Russie et la Prusse \u00e0 Amsterdam en ao\u00fbt de la m\u00eame ann\u00e9e, et qui est entr\u00e9 dans l&#39;Histoire comme celui d&#39;Amsterdam, a permis \u00e0 la Russie de gagner la Grande guerre du Nord. La visite de Pierre Ier a donn\u00e9 naissance \u00e0 des relations diplomatiques r\u00e9guli\u00e8res entre la France et la Russie. Le premier repr\u00e9sentant de la Russie en France fut le Baron Chle\u00efnitse.<\/p>\n<p><strong>Il est difficile d&#39;\u00e9valuer les r\u00e9percussions du voyage du tsar en France<\/strong><\/p>\n<p>De nombreux savoirs, l&#39;architecture des ch\u00e2teaux, le fonctionnement du syst\u00e8me des fontaines de Versailles et Marly, les essais dans le domaines des sciences et de l&#39;art, le c\u00e9r\u00e9monial, l&#39;\u00e9tiquette, la mode, tout ce qui \u00e9tait alors nouveau et myst\u00e9rieux pour un russe, \u00e9tait d\u00e9crit et dessin\u00e9.<\/p>\n<p>On peut lire dans le journal du tsar, que quand il \u00e9tait \u00e0 Paris, il se levait \u00e0 5 heures du matin et \u00e9tudiait attentivement la capitale : Arsenal, la place des Vosges et celle des Victoires, actuelle place Vend\u00f4me, le Louvre et le jardin des Tuileries, le palais du Luxembourg, sans compter les acad\u00e9mies, les biblioth\u00e8ques publiques et autres cabinets de curiosit\u00e9s.<\/p>\n<p>Pierre Ier a litt\u00e9ralement ramen\u00e9 &laquo;toute la France sur du papier&raquo;.<br \/>\nC\u2019est \u00e9galement \u00e0 ce moment-l\u00e0 qu\u2019on a invit\u00e9 \u00e0 venir travailler en Russie toutes sortes de sp\u00e9cialistes et d\u2019artisans talentueux.<\/p>\n<p>Dans son livre &laquo;Pierre Ier en France&raquo;, <strong>Sergei Mezine<\/strong> \u00e9crit : &laquo;le d\u00e9barquement fran\u00e7ais&raquo;, qui a surgit \u00e0 Saint-P\u00e9tersbourg \u00e9tait si important qu\u2019un v\u00e9ritable \u00ab\u00a0faubourg fran\u00e7ais\u00a0\u00bb est apparu sur l&#39;\u00eele Vassilievski.<\/p>\n<p>L&#39;historien et membre du gouvernement fran\u00e7ais <strong>Alfred Rambaud<\/strong> consid\u00e8re que : &laquo;Ce qu\u2019il (Pierre Ier&nbsp;&mdash; ndlr) emporta de chez nous, ce fut la future civilisation de la Russie&raquo;<\/p>\n<p>Dans le cadre du congr\u00e8s, le centre d\u2019exposition \u00e0 Branly tient une exposition <a href=\"http:\/\/rusoch.fr\/lang\/fr\/rus\/rossijskij-centr-na-branli-otkryl-dveri-v-parizh-russkogo-carya-petra-i.html\">\u00ab 1717. Un Tsar \u00e0 Paris. Pour les 300 ans de la visite de Pierre le Grand en France \u00bb<\/a>, qui est ouverte au public.<\/p>","protected":false},"excerpt":{"rendered":"<p>D\u00e9sol\u00e9, cet article est seulement disponible en Russe.<\/p>\n","protected":false},"author":2,"featured_media":209724,"comment_status":"open","ping_status":"open","sticky":false,"template":"","format":"standard","meta":[],"categories":[6],"tags":[2787,13,2970],"aioseo_notices":[],"_links":{"self":[{"href":"https:\/\/rusoch.fr\/fr\/wp-json\/wp\/v2\/posts\/209720"}],"collection":[{"href":"https:\/\/rusoch.fr\/fr\/wp-json\/wp\/v2\/posts"}],"about":[{"href":"https:\/\/rusoch.fr\/fr\/wp-json\/wp\/v2\/types\/post"}],"author":[{"embeddable":true,"href":"https:\/\/rusoch.fr\/fr\/wp-json\/wp\/v2\/users\/2"}],"replies":[{"embeddable":true,"href":"https:\/\/rusoch.fr\/fr\/wp-json\/wp\/v2\/comments?post=209720"}],"version-history":[{"count":0,"href":"https:\/\/rusoch.fr\/fr\/wp-json\/wp\/v2\/posts\/209720\/revisions"}],"wp:featuredmedia":[{"embeddable":true,"href":"https:\/\/rusoch.fr\/fr\/wp-json\/wp\/v2\/media\/209724"}],"wp:attachment":[{"href":"https:\/\/rusoch.fr\/fr\/wp-json\/wp\/v2\/media?parent=209720"}],"wp:term":[{"taxonomy":"category","embeddable":true,"href":"https:\/\/rusoch.fr\/fr\/wp-json\/wp\/v2\/categories?post=209720"},{"taxonomy":"post_tag","embeddable":true,"href":"https:\/\/rusoch.fr\/fr\/wp-json\/wp\/v2\/tags?post=209720"}],"curies":[{"name":"wp","href":"https:\/\/api.w.org\/{rel}","templated":true}]}}