{"id":209735,"date":"2017-04-26T00:06:02","date_gmt":"2017-04-25T23:06:02","guid":{"rendered":"http:\/\/rusoch.fr\/?p=209735"},"modified":"2017-06-23T21:20:24","modified_gmt":"2017-06-23T20:20:24","slug":"prazdnovanie-dnya-pobedy-v-strasburge-bessmertnyj-polk","status":"publish","type":"post","link":"https:\/\/rusoch.fr\/fr\/events\/prazdnovanie-dnya-pobedy-v-strasburge-bessmertnyj-polk.html","title":{"rendered":"C\u00e9l\u00e9bration comm\u00e9morative du Jour de la Victoire \u00e0 Strasbourg. R\u00e9giment immortel"},"content":{"rendered":"<p><strong>Le 8 mai 2017, \u00e0 Strasbourg, auront lieu les manifestations consacr\u00e9es \u00e0 la comm\u00e9moration du Jour de la Victoire.<\/strong><\/p>\n<p>Le dirigeants de plus de dix associations et des soci\u00e9t\u00e9s commerciales fond\u00e9es par les Russes habitant \u00e0 Strasbourg ont form\u00e9 un comit\u00e9 d\u2019organisation pour la mise en \u0153uvre de cette manifestation.<!--more--><\/p>\n<p><div id=\"attachment_209739\" style=\"width: 278px\" class=\"wp-caption alignnone\"><a href=\"http:\/\/rusoch.fr\/files\/2017\/04\/17504695_1273857296035319_2045516692910430986_o.jpg\" rel=\"attachment wp-att-209739\"><img aria-describedby=\"caption-attachment-209739\" loading=\"lazy\" class=\"wp-image-209739 size-medium\" src=\"http:\/\/rusoch.fr\/files\/2017\/04\/17504695_1273857296035319_2045516692910430986_o-268x379.jpg\" alt=\"\" width=\"268\" height=\"379\" srcset=\"https:\/\/rusoch.fr\/files\/2017\/04\/17504695_1273857296035319_2045516692910430986_o-268x379.jpg 268w, https:\/\/rusoch.fr\/files\/2017\/04\/17504695_1273857296035319_2045516692910430986_o-283x400.jpg 283w, https:\/\/rusoch.fr\/files\/2017\/04\/17504695_1273857296035319_2045516692910430986_o-600x849.jpg 600w, https:\/\/rusoch.fr\/files\/2017\/04\/17504695_1273857296035319_2045516692910430986_o.jpg 720w\" sizes=\"(max-width: 268px) 100vw, 268px\" \/><\/a><p id=\"caption-attachment-209739\" class=\"wp-caption-text\">\u00a9Art Radouga<\/p><\/div><\/p>\n<p>Comme l\u2019an dernier, le d\u00e9fil\u00e9 du R\u00e9giment immortel qui partira \u00e0 14 heures de la Place de la R\u00e9publique pour arriver au Parc de la Citadelle sera l\u2019un des moments les plus touchants et solennels.<br \/>\nPlusieurs g\u00e9n\u00e9rations de nos compatriotes habitant sur le territoire de l\u2019Alsace, de la Lorraine, de la Franche-Comt\u00e9 et des villes allemandes environnantes d\u00e9fileront dans les m\u00eames rangs en tenant dans leurs mains les portraits des membres de leurs familles qui, pendant la guerre, ont lutt\u00e9 contre le fascisme sur les fronts du combat et du travail.<br \/>\nSous les fanfares de l\u2019orchestre d\u2019une association musicale fran\u00e7aise, la marche sera suivie par des engins militaires de l&#39;\u00e9poque de la Seconde guerre mondiale.<br \/>\nLes personnes \u00e2g\u00e9es et les personnes \u00e0 mobilit\u00e9 r\u00e9duite auront la possibilit\u00e9 de faire tout l\u2019itin\u00e9raire du R\u00e9giment immortel en bus mis \u00e0 leur disposition.<\/p>\n<p>Dans le parc de la Citadelle, point final du d\u00e9fil\u00e9, un Mur de la M\u00e9moire sera dress\u00e9 avec des photos de ceux qu\u2019on v\u00e9n\u00e9rera ce jour-l\u00e0 : des v\u00e9t\u00e9rans, des anciens combattants, des partisans, des travailleurs de l\u2019arri\u00e8re, des combattants de la R\u00e9sistance fran\u00e7aise, des prisonniers de guerre sovi\u00e9tiques morts dans les camps sur les territoires occup\u00e9s de l\u2019Alsace et de la Lorraine. Les portraits de tous ceux qui ne sont plus avec nous mais dont la m\u00e9moire est vivante.<\/p>\n<p>A partir de 16 heures, on proposera aux habitants de la ville des manifestions de comm\u00e9moration : en m\u00eame temps, dans plusieurs chapiteaux, on pr\u00e9sentera une exposition de photos et une chronique vid\u00e9o des ann\u00e9es de guerre ; on pourra go\u00fbter la \u00ab kacha des soldats \u00bb \u00e0 la cuisine ambulante, et, sur l\u2019estrade dress\u00e9e \u00e0 cette occasion, on pourra voir un concert o\u00f9 se produiront des collectifs locaux de danse et des chanteurs.<\/p>\n<p>A Strasbourg, il existe d\u00e9j\u00e0 une belle tradition de r\u00e9union pour la mise en \u0153uvre de projets culturels importants \u00e0 l\u2019organisation desquels participent non seulement des associations russophones mais aussi fran\u00e7aises. La pr\u00e9servation et le d\u00e9veloppement de la langue russe, de la culture russe, l\u2019\u00e9ducation patriotique des enfants en sont un bon exemple pour les Fran\u00e7ais qui essayent de comprendre \u00ab le myst\u00e8re de l\u2019\u00e2me russe \u00bb.<br \/>\nLes Fran\u00e7ais se joignent de plus en plus souvent aux manifestions en langue russe. Et les ressortissants de l\u2019ex-Union Sovi\u00e9tique, \u00e0 leur tour, sont fiers de leur histoire si riche, de leur culture, et, loin de leur pays, ils transmettent \u00e0 leurs descendants l\u2019amour et l\u2019int\u00e9r\u00eat pour la Patrie.<\/p>\n<p><em>contact@acfr-festival.org<\/em><\/p>\n<p><strong>Sur le m\u00eame sujet:<\/strong><\/p>\n<p><a href=\"http:\/\/rusoch.fr\/lang\/fr\/rus\/bessmertnyj-polk-v-parizhe-proshel-8-maya.html\">Le R\u00e9giment immortel le 8 mai \u00e0 Paris<\/a><br \/>\n<a href=\"http:\/\/rusoch.fr\/lang\/fr\/rus\/nam-nuzhna-odna-pobeda.html\">Nous n&#39;avons besoin que d&#39;une victoire<\/a><br \/>\n<a href=\"http:\/\/rusoch.fr\/lang\/fr\/tour\/70-letie-pobedy-v-velikoj-otechestvennoj-vojne-parizh-maj-2015-goda-70-ans-de-la-victoire-contre-le-nazisme-paris-mai-2015.html\">70 ans de la Victoire contre le nazisme. Paris, mai 2015<\/a><\/p>","protected":false},"excerpt":{"rendered":"<p>D\u00e9sol\u00e9, cet article est seulement disponible en Russe.<\/p>\n","protected":false},"author":2,"featured_media":209739,"comment_status":"open","ping_status":"open","sticky":false,"template":"","format":"standard","meta":[],"categories":[6],"tags":[2969,2567,715],"aioseo_notices":[],"_links":{"self":[{"href":"https:\/\/rusoch.fr\/fr\/wp-json\/wp\/v2\/posts\/209735"}],"collection":[{"href":"https:\/\/rusoch.fr\/fr\/wp-json\/wp\/v2\/posts"}],"about":[{"href":"https:\/\/rusoch.fr\/fr\/wp-json\/wp\/v2\/types\/post"}],"author":[{"embeddable":true,"href":"https:\/\/rusoch.fr\/fr\/wp-json\/wp\/v2\/users\/2"}],"replies":[{"embeddable":true,"href":"https:\/\/rusoch.fr\/fr\/wp-json\/wp\/v2\/comments?post=209735"}],"version-history":[{"count":0,"href":"https:\/\/rusoch.fr\/fr\/wp-json\/wp\/v2\/posts\/209735\/revisions"}],"wp:featuredmedia":[{"embeddable":true,"href":"https:\/\/rusoch.fr\/fr\/wp-json\/wp\/v2\/media\/209739"}],"wp:attachment":[{"href":"https:\/\/rusoch.fr\/fr\/wp-json\/wp\/v2\/media?parent=209735"}],"wp:term":[{"taxonomy":"category","embeddable":true,"href":"https:\/\/rusoch.fr\/fr\/wp-json\/wp\/v2\/categories?post=209735"},{"taxonomy":"post_tag","embeddable":true,"href":"https:\/\/rusoch.fr\/fr\/wp-json\/wp\/v2\/tags?post=209735"}],"curies":[{"name":"wp","href":"https:\/\/api.w.org\/{rel}","templated":true}]}}