{"id":209813,"date":"2017-05-01T14:03:41","date_gmt":"2017-05-01T13:03:41","guid":{"rendered":"http:\/\/rusoch.fr\/?p=209813"},"modified":"2017-06-23T21:12:24","modified_gmt":"2017-06-23T20:12:24","slug":"torzhestvennoe-otkrytie-pamyatnika-i-a-buninu-inauguration-officielle-de-la-statue-dyvan-bounine","status":"publish","type":"post","link":"https:\/\/rusoch.fr\/fr\/news\/torzhestvennoe-otkrytie-pamyatnika-i-a-buninu-inauguration-officielle-de-la-statue-dyvan-bounine.html","title":{"rendered":"Inauguration officielle de la statue d\u2019Yvan Bounine"},"content":{"rendered":"<p><strong>Grasse&nbsp;&mdash; Samedi 3 juin 2017<\/strong><\/p>\n<p><strong> Villa Saint-Hilaire (biblioth\u00e8que patrimoniale) : boulevard Antoine Maure, Grasse<br \/>\n<\/strong><br \/>\nLa ville de Grasse se pr\u00e9pare \u00e0 accueillir la statue d\u2019Ivan BOUNINE (22.10.1870, Voronej, Russie&nbsp;&mdash; 08.11.1953, Paris, France), Prix Nobel de la Litt\u00e9rature (1933) qui a v\u00e9cu plusieurs ann\u00e9es \u00e0 Grasse. \u0421\u2019est \u00e0 Grasse qu\u2019il a appris sa d\u00e9signation pour le Prix Nobel, c\u2019est ici qu\u2019il a \u00e9crit &laquo; les All\u00e9es sombres&raquo; qu\u2019il a consid\u00e9r\u00e9 comme son chef d\u2019oeuvre.<\/p>\n<p><div id=\"attachment_209815\" style=\"width: 410px\" class=\"wp-caption alignnone\"><a href=\"http:\/\/rusoch.fr\/files\/2017\/05\/ivan-bunin-grasse-gettyimages-464430635_b.jpg\" rel=\"attachment wp-att-209815\"><img aria-describedby=\"caption-attachment-209815\" loading=\"lazy\" class=\"wp-image-209815 size-full\" src=\"http:\/\/rusoch.fr\/files\/2017\/05\/ivan-bunin-grasse-gettyimages-464430635_b.jpg\" alt=\"\" width=\"400\" height=\"271\" \/><\/a><p id=\"caption-attachment-209815\" class=\"wp-caption-text\">\u0413\u0440\u0430\u0441\u0441, 1933\u0433. \u0418.\u0410.\u0411\u0423\u041d\u0418\u041d \u0441 \u0434\u0440\u0443\u0437\u044c\u044f\u043c\u0438 | Grasse, 1933, I. Bounine avec ses amis. Cr\u00e9dit : Getty Images<\/p><\/div><\/p>\n<p>La statue de 2 m\u00e8tres sera \u00e9rig\u00e9e le samedi 3 juin 2017 dans le parc paysag\u00e9 de la c\u00e9l\u00e8bre Villa Saint-Hilaire, biblioth\u00e8que patrimoniale de Grasse, en pr\u00e9sence de Son Excellence Monsieur Alexandre ORLOV, Ambassadeur de la f\u00e9d\u00e9ration de Russie en France et de Monsieur Andre\u00ef KOVALSHUK, Pr\u00e9sident de l\u2019Union des artistes-peintres de la F\u00e9d\u00e9ration de Russie, Laur\u00e9at de la Renaissance Fran\u00e7aise.<br \/>\nC\u2019est le cadeau du sculpteur et de la F\u00e9d\u00e9ration de Russie \u00e0 la ville de Grasse \u00e0 l\u2019initiative de la Renaissance Fran\u00e7aise en Russie.<\/p>\n<p><div id=\"attachment_209816\" style=\"width: 299px\" class=\"wp-caption alignnone\"><a href=\"http:\/\/rusoch.fr\/files\/2017\/05\/\u0410\u041a.jpg\" rel=\"attachment wp-att-209816\"><img aria-describedby=\"caption-attachment-209816\" loading=\"lazy\" class=\"wp-image-209816 size-medium\" src=\"http:\/\/rusoch.fr\/files\/2017\/05\/\u0410\u041a-289x379.jpg\" alt=\"\u0410\u041a\" width=\"289\" height=\"379\" srcset=\"https:\/\/rusoch.fr\/files\/2017\/05\/\u0410\u041a-289x379.jpg 289w, https:\/\/rusoch.fr\/files\/2017\/05\/\u0410\u041a-305x400.jpg 305w, https:\/\/rusoch.fr\/files\/2017\/05\/\u0410\u041a.jpg 400w\" sizes=\"(max-width: 289px) 100vw, 289px\" \/><\/a><p id=\"caption-attachment-209816\" class=\"wp-caption-text\">\u0410\u043d\u0434\u0440\u0435\u0439 \u041a\u043e\u0432\u0430\u043b\u044c\u0447\u0443\u043a | Andrey Kovalchuk<\/p><\/div><\/p>\n<p>&nbsp;<\/p>\n<p>Programme :<\/p>\n<p>&mdash; 11h30 : Jardin de la Villa Saint-Hilaire: Inauguration officielle de la statue d\u2019Yvan BOUNINE offerte par le sculpteur Andrey KOVALCHUK.<\/p>\n<p>Sur invitations : invitations@ville-grasse.fr<\/p>\n<p><strong>Villa Saint-Hilaire:<\/strong><\/p>\n<p>&mdash; Inauguration de l\u2019exposition des photos consacr\u00e9es aux \u0153uvres du sculpteur Andrey KOVALCHUK, Pr\u00e9sident de l\u2019Union des artistes-peintres de la F\u00e9d\u00e9ration de Russie, Laur\u00e9at de la Renaissance Fran\u00e7aise.<br \/>\nL\u2019exposition sera ouverte du 3 juin au 30 septembre 2017 (entr\u00e9e libre).<\/p>\n<p>&mdash; Inauguration de l\u2019exposition sur Yvan BOUNINE de l\u2019artiste plasticienne Olga BOLDYREFF \u00ab Dans les yeux de Bounine \u00bb.<br \/>\nL\u2019exposition sera ouverte du 3 juin au 30 septembre 2017 (entr\u00e9e libre).<\/p>\n<p>&mdash; 15h00 : Villa Saint-Hilaire : Conf\u00e9rence de Claire HAUCHARD, ma\u00eetre de conf\u00e9rence, sp\u00e9cialiste de BOUNINE \u00ab Lire et D\u00e9couvrir Yvan BOUNINE \u00bb (entr\u00e9e libre).<\/p>\n<p>Renseignements : Villa Saint-Hilaire \u2013 1 impasse Ernest Boursier-Mougenot<br \/>\n(ex. boulevard Antoine Maure)&nbsp;&mdash; Grasse T\u00e9l\u00e9phone: 04.97.05.58.53.<\/p>\n<p><a href=\"http:\/\/larenaissancefrancaise.org\/la-statue-d-Ivan-BOUNINE-a-Grasse?lang=fr\">Pr\u00e9sentation de projet:<\/a><\/p>","protected":false},"excerpt":{"rendered":"<p>Grasse&nbsp;&mdash; Samedi 3 juin 2017 Villa Saint-Hilaire (biblioth\u00e8que patrimoniale) : boulevard Antoine Maure, Grasse La ville de Grasse se\u2026<\/p>\n","protected":false},"author":2,"featured_media":209814,"comment_status":"open","ping_status":"open","sticky":false,"template":"","format":"standard","meta":[],"categories":[1],"tags":[2980,2979,1105,2978],"aioseo_notices":[],"_links":{"self":[{"href":"https:\/\/rusoch.fr\/fr\/wp-json\/wp\/v2\/posts\/209813"}],"collection":[{"href":"https:\/\/rusoch.fr\/fr\/wp-json\/wp\/v2\/posts"}],"about":[{"href":"https:\/\/rusoch.fr\/fr\/wp-json\/wp\/v2\/types\/post"}],"author":[{"embeddable":true,"href":"https:\/\/rusoch.fr\/fr\/wp-json\/wp\/v2\/users\/2"}],"replies":[{"embeddable":true,"href":"https:\/\/rusoch.fr\/fr\/wp-json\/wp\/v2\/comments?post=209813"}],"version-history":[{"count":0,"href":"https:\/\/rusoch.fr\/fr\/wp-json\/wp\/v2\/posts\/209813\/revisions"}],"wp:featuredmedia":[{"embeddable":true,"href":"https:\/\/rusoch.fr\/fr\/wp-json\/wp\/v2\/media\/209814"}],"wp:attachment":[{"href":"https:\/\/rusoch.fr\/fr\/wp-json\/wp\/v2\/media?parent=209813"}],"wp:term":[{"taxonomy":"category","embeddable":true,"href":"https:\/\/rusoch.fr\/fr\/wp-json\/wp\/v2\/categories?post=209813"},{"taxonomy":"post_tag","embeddable":true,"href":"https:\/\/rusoch.fr\/fr\/wp-json\/wp\/v2\/tags?post=209813"}],"curies":[{"name":"wp","href":"https:\/\/api.w.org\/{rel}","templated":true}]}}