{"id":209871,"date":"2017-05-05T09:34:27","date_gmt":"2017-05-05T08:34:27","guid":{"rendered":"http:\/\/rusoch.fr\/?p=209871"},"modified":"2017-06-23T20:45:12","modified_gmt":"2017-06-23T19:45:12","slug":"bessmertnyj-polk-8-maya-v-parizhe-la-marche-du-regiment-immortel-le-8-mai-a-paris","status":"publish","type":"post","link":"https:\/\/rusoch.fr\/fr\/guests\/bessmertnyj-polk-8-maya-v-parizhe-la-marche-du-regiment-immortel-le-8-mai-a-paris.html","title":{"rendered":"La marche du &laquo;R\u00e9giment immortel&raquo; le 8 mai \u00e0 Paris"},"content":{"rendered":"<p><strong>Le Conseil de coordination des Russes de France invite \u00e0 se joindre \u00e0 la marche du \u00ab R\u00e9giment immortel \u00bb \u00e0 Paris le 8 mai 2017.<\/strong><\/p>\n<p><div id=\"attachment_209872\" style=\"width: 578px\" class=\"wp-caption alignnone\"><a href=\"http:\/\/rusoch.fr\/files\/2017\/05\/IMG_2676.jpg\" rel=\"attachment wp-att-209872\"><img aria-describedby=\"caption-attachment-209872\" loading=\"lazy\" class=\"wp-image-209872 size-medium\" src=\"http:\/\/rusoch.fr\/files\/2017\/05\/IMG_2676-568x379.jpg\" alt=\"\" width=\"568\" height=\"379\" srcset=\"https:\/\/rusoch.fr\/files\/2017\/05\/IMG_2676-568x379.jpg 568w, https:\/\/rusoch.fr\/files\/2017\/05\/IMG_2676-768x512.jpg 768w, https:\/\/rusoch.fr\/files\/2017\/05\/IMG_2676-600x400.jpg 600w, https:\/\/rusoch.fr\/files\/2017\/05\/IMG_2676.jpg 1000w\" sizes=\"(max-width: 568px) 100vw, 568px\" \/><\/a><p id=\"caption-attachment-209872\" class=\"wp-caption-text\">\u0424\u043e\u0442\u043e \u0411\u043e\u0440\u0438\u0441\u0430 \u0413\u0435\u0441\u0441\u0435\u043b\u044f<\/p><\/div><\/p>\n<p>&nbsp;<\/p>\n<p>Cette initiative citoyenne qui a commenc\u00e9 en Russie en 2012, a d\u00e9sormais lieu dans plus de soixante pays.<br \/>\nElle a pour objectif de rendre hommage aux Sovi\u00e9tiques et \u00e0 leurs alli\u00e9s ayant combattu le nazisme. Pour nous, c\u00e9l\u00e9brer le jour de la Victoire, c\u2019est aussi se souvenir de toutes les victimes du nazisme et s\u2019\u00e9lever contre la x\u00e9nophobie et le militarisme qui prennent \u00e0 nouveau de l\u2019ampleur dans le monde d&#39;aujourd&#39;hui.<\/p>\n<p>Nous nous rassemblerons le 8 mai 2017 \u00e0 14h sur la place de la R\u00e9publique (l&#39;autorisation est accord\u00e9e par la Pr\u00e9fecture de Police) et irons ensuite au cimeti\u00e8re du P\u00e8re-Lachaise pour nous recueillir devant le monument aux partisans Sovi\u00e9tiques morts pour la France. Nous prendrons avec nous les photographies de nos anc\u00eatres et les drapeaux de nos pays.<\/p>\n<p>Participent \u00e0 l\u2019organisation de cette marche : des membres et des organisations de la communaut\u00e9 russophone, notamment les associations \u00ab Russie-France : m\u00e9moire commune \u00bb, \u00ab Le lien entre les g\u00e9n\u00e9rations \u00bb, le Conseil des anciens, le Conseil de coordination des Russes de France. Des associations d&#39;anciens combattants et de militants pour la paix d\u00e9fileront avec nous.<\/p>\n<p>Toute aide ou soutien sont les bienvenus.<\/p>\n<p>Gueorgui Chepelev, enseignant, pr\u00e9sident du Conseil de coordination des Russes de France<br \/>\nF. Auffret, association \u00ab Russie-France : m\u00e9moire commune \u00bb,<br \/>\nNina Leroy, collectif \u00ab Le lien entre les g\u00e9n\u00e9rations \u00bb,<br \/>\nIouri Sidorenko, Conseil des Anciens<\/p>\n<p><em>Contacts:<\/em><br \/>\n<em> T\u00e9lephone : 07.70.33.89.73.<\/em><br \/>\n<em> Mail\u202f: <a href=\"mailto:socgumkom@gmail.com\">socgumkom@gmail.com<\/a> (Commission sociale du Conseil de coordination des compatriotes russes en France)<\/em><br \/>\n<em> Groupe Facebook pour Paris : <a href=\"https:\/\/www.facebook.com\/groups\/BessmertnyiPolkParis\/\">https:\/\/www.facebook.com\/groups\/BessmertnyiPolkParis\/<\/a><\/em><\/p>\n<p><em>Contacts pour les autres villes: http:\/\/portailrusse.fr\/ru\/\u0440\u0443\u0441\u0441\u043a\u043e\u044f\u0437\u044b\u0447\u043d\u0430\u044f-\u043e\u0431\u0449\u0438\u043d\u0430-\u0444\u0440\u0430\u043d\u0446\u0438\u0438\/\u0441\u043e\u0431\u044b\u0442\u0438\u044f.html<\/em><\/p>\n<p><em>Groupe Facebook pour les autres villes : <a href=\"https:\/\/www.facebook.com\/BessmertnyipolkFrance\/\">https:\/\/www.facebook.com\/BessmertnyipolkFrance\/<\/a><\/em><\/p>","protected":false},"excerpt":{"rendered":"<p>Le Conseil de coordination des Russes de France invite \u00e0 se joindre \u00e0 la marche du \u00ab R\u00e9giment immortel \u00bb\u2026<\/p>\n","protected":false},"author":2,"featured_media":209872,"comment_status":"open","ping_status":"open","sticky":false,"template":"","format":"standard","meta":[],"categories":[3],"tags":[2969,2567,13,289],"aioseo_notices":[],"_links":{"self":[{"href":"https:\/\/rusoch.fr\/fr\/wp-json\/wp\/v2\/posts\/209871"}],"collection":[{"href":"https:\/\/rusoch.fr\/fr\/wp-json\/wp\/v2\/posts"}],"about":[{"href":"https:\/\/rusoch.fr\/fr\/wp-json\/wp\/v2\/types\/post"}],"author":[{"embeddable":true,"href":"https:\/\/rusoch.fr\/fr\/wp-json\/wp\/v2\/users\/2"}],"replies":[{"embeddable":true,"href":"https:\/\/rusoch.fr\/fr\/wp-json\/wp\/v2\/comments?post=209871"}],"version-history":[{"count":0,"href":"https:\/\/rusoch.fr\/fr\/wp-json\/wp\/v2\/posts\/209871\/revisions"}],"wp:featuredmedia":[{"embeddable":true,"href":"https:\/\/rusoch.fr\/fr\/wp-json\/wp\/v2\/media\/209872"}],"wp:attachment":[{"href":"https:\/\/rusoch.fr\/fr\/wp-json\/wp\/v2\/media?parent=209871"}],"wp:term":[{"taxonomy":"category","embeddable":true,"href":"https:\/\/rusoch.fr\/fr\/wp-json\/wp\/v2\/categories?post=209871"},{"taxonomy":"post_tag","embeddable":true,"href":"https:\/\/rusoch.fr\/fr\/wp-json\/wp\/v2\/tags?post=209871"}],"curies":[{"name":"wp","href":"https:\/\/api.w.org\/{rel}","templated":true}]}}