{"id":209972,"date":"2017-05-11T08:54:44","date_gmt":"2017-05-11T07:54:44","guid":{"rendered":"http:\/\/rusoch.fr\/?p=209972"},"modified":"2022-05-09T17:25:29","modified_gmt":"2022-05-09T15:25:29","slug":"per-lashez-normandiya-neman-nuaje-sen-marten","status":"publish","type":"post","link":"https:\/\/rusoch.fr\/fr\/events\/per-lashez-normandiya-neman-nuaje-sen-marten.html","title":{"rendered":"Russes et Fran\u00e7ais r\u00e9unis pour comm\u00e9morer l\u2019exploit de leurs anc\u00eatres"},"content":{"rendered":"<p>Du 5 au 9 mai, une s\u00e9rie d\u2019\u00e9v\u00e9nements d\u00e9di\u00e9s \u00e0 la m\u00e9moire des combattants et victimes de la Seconde Guerre mondiale ont eu lieu \u00e0 Paris et dans d\u2019autres villes de France \u00e0 l\u2019initiative de l\u2019Ambassade de la F\u00e9d\u00e9ration de Russie et d\u2019associations russes et fran\u00e7aises, r\u00e9unissant des anciens combattants et de simples citoyens qui ont tenu \u00e0 rendre hommage aux h\u00e9ros du combat commun contre l\u2019Allemagne nazie.\u00a0<!--more--><\/p>\n<p><div id=\"attachment_209973\" style=\"width: 579px\" class=\"wp-caption alignnone\"><a href=\"http:\/\/rusoch.fr\/files\/2017\/05\/IMG_3242.jpg\" rel=\"attachment wp-att-209973\"><img aria-describedby=\"caption-attachment-209973\" loading=\"lazy\" class=\"wp-image-209973 size-medium\" src=\"http:\/\/rusoch.fr\/files\/2017\/05\/IMG_3242-569x379.jpg\" alt=\"IMG_3242\" width=\"569\" height=\"379\" srcset=\"https:\/\/rusoch.fr\/files\/2017\/05\/IMG_3242-569x379.jpg 569w, https:\/\/rusoch.fr\/files\/2017\/05\/IMG_3242-768x512.jpg 768w, https:\/\/rusoch.fr\/files\/2017\/05\/IMG_3242-600x400.jpg 600w, https:\/\/rusoch.fr\/files\/2017\/05\/IMG_3242.jpg 1392w\" sizes=\"(max-width: 569px) 100vw, 569px\" \/><\/a><p id=\"caption-attachment-209973\" class=\"wp-caption-text\">Cr\u00e9dit : Maria Tchobanov<\/p><\/div><\/p>\n<p>Le 7 mai, des gerbes et des fleurs ont \u00e9t\u00e9 d\u00e9pos\u00e9es au pied du monument aux pilotes et m\u00e9caniciens du r\u00e9giment Normandie-Niemen au Bourget, pr\u00e8s du Mus\u00e9e de l&#39;Air et de l&#39;Espace, qui accueille l&#39;exposition permanente retra\u00e7ant l\u2019aventure de ce l\u00e9gendaire r\u00e9giment de chasse ayant lutt\u00e9 dans le ciel sovi\u00e9tique durant la Seconde Guerre mondiale.<\/p>\n<p><div id=\"attachment_209974\" style=\"width: 579px\" class=\"wp-caption alignnone\"><a href=\"http:\/\/rusoch.fr\/files\/2017\/05\/IMG_3232.jpg\" rel=\"attachment wp-att-209974\"><img aria-describedby=\"caption-attachment-209974\" loading=\"lazy\" class=\"wp-image-209974 size-medium\" src=\"http:\/\/rusoch.fr\/files\/2017\/05\/IMG_3232-569x379.jpg\" alt=\"IMG_3232\" width=\"569\" height=\"379\" srcset=\"https:\/\/rusoch.fr\/files\/2017\/05\/IMG_3232-569x379.jpg 569w, https:\/\/rusoch.fr\/files\/2017\/05\/IMG_3232-768x512.jpg 768w, https:\/\/rusoch.fr\/files\/2017\/05\/IMG_3232-600x400.jpg 600w, https:\/\/rusoch.fr\/files\/2017\/05\/IMG_3232.jpg 1392w\" sizes=\"(max-width: 569px) 100vw, 569px\" \/><\/a><p id=\"caption-attachment-209974\" class=\"wp-caption-text\">Cr\u00e9dit : Maria Tchobanov<\/p><\/div><\/p>\n<p>Comme l\u2019a fait remarquer le g\u00e9n\u00e9ral Vitry, directeur par int\u00e9rim du mus\u00e9e de l\u2019Air et de l\u2019Espace, la c\u00e9r\u00e9monie officielle de cette ann\u00e9e en pr\u00e9sence de diplomates et militaires russes, du nouveau pr\u00e9sident de M\u00e9morial Normandie-Niemen Pierre Roure, d\u2019une d\u00e9l\u00e9gation des anciens combattants venue de Russie et de porte-drapeaux s\u2019est d\u00e9roul\u00e9e \u00e0 l\u2019int\u00e9rieur du mus\u00e9e \u00e0 cause des contraintes de s\u00e9curit\u00e9.<\/p>\n<p><div id=\"attachment_209975\" style=\"width: 579px\" class=\"wp-caption alignnone\"><a href=\"http:\/\/rusoch.fr\/files\/2017\/05\/IMG_3268.jpg\" rel=\"attachment wp-att-209975\"><img aria-describedby=\"caption-attachment-209975\" loading=\"lazy\" class=\"wp-image-209975 size-medium\" src=\"http:\/\/rusoch.fr\/files\/2017\/05\/IMG_3268-569x379.jpg\" alt=\"IMG_3268\" width=\"569\" height=\"379\" srcset=\"https:\/\/rusoch.fr\/files\/2017\/05\/IMG_3268-569x379.jpg 569w, https:\/\/rusoch.fr\/files\/2017\/05\/IMG_3268-768x512.jpg 768w, https:\/\/rusoch.fr\/files\/2017\/05\/IMG_3268-600x400.jpg 600w, https:\/\/rusoch.fr\/files\/2017\/05\/IMG_3268.jpg 1392w\" sizes=\"(max-width: 569px) 100vw, 569px\" \/><\/a><p id=\"caption-attachment-209975\" class=\"wp-caption-text\">Cr\u00e9dit : Maria Tchobanov<\/p><\/div><\/p>\n<p>\u00c0 cette occasion, une r\u00e9plique miniature du monument aux pilotes et m\u00e9caniciens du r\u00e9giment inaugur\u00e9 il y a trois ans dans la ville d\u2019Ivanovo, o\u00f9 l\u2019escadrille fut form\u00e9e il y a 75 ans, a \u00e9t\u00e9 install\u00e9 \u00e0 l\u2019entr\u00e9e de l\u2019espace du mus\u00e9e accueillant l&#39;exposition permanente d\u00e9di\u00e9e au r\u00e9giment Normandie-Niemen.\u00a0Le monumlent repr\u00e9sente le pilote Maurice de Seynes et son m\u00e9canicien de bord russe Vladimir Belozoub, tomb\u00e9s ensemble \u00e0 l\u2019\u00e9t\u00e9 1944.<\/p>\n<p><div id=\"attachment_209976\" style=\"width: 579px\" class=\"wp-caption alignnone\"><a href=\"http:\/\/rusoch.fr\/files\/2017\/05\/IMG_3282.jpg\" rel=\"attachment wp-att-209976\"><img aria-describedby=\"caption-attachment-209976\" loading=\"lazy\" class=\"wp-image-209976 size-medium\" src=\"http:\/\/rusoch.fr\/files\/2017\/05\/IMG_3282-569x379.jpg\" alt=\"IMG_3282\" width=\"569\" height=\"379\" srcset=\"https:\/\/rusoch.fr\/files\/2017\/05\/IMG_3282-569x379.jpg 569w, https:\/\/rusoch.fr\/files\/2017\/05\/IMG_3282-768x512.jpg 768w, https:\/\/rusoch.fr\/files\/2017\/05\/IMG_3282-600x400.jpg 600w, https:\/\/rusoch.fr\/files\/2017\/05\/IMG_3282.jpg 1392w\" sizes=\"(max-width: 569px) 100vw, 569px\" \/><\/a><p id=\"caption-attachment-209976\" class=\"wp-caption-text\">Cr\u00e9dit : Maria Tchobanov<\/p><\/div><\/p>\n<p>Le 8 mai, la place de la R\u00e9publique \u00e0 Paris fut le point de d\u00e9part de la marche du \u00ab\u00a0R\u00e9giment immortel\u00a0\u00bb, une action organis\u00e9e par le collectif \u00ab\u00a0Russie-France\u00a0: m\u00e9moire commune\u00a0\u00bb.<\/p>\n<p>Ce d\u00e9fil\u00e9, cr\u00e9\u00e9 au sein de la soci\u00e9t\u00e9 civile en Russie ind\u00e9pendamment de la parade officielle du 9 mai en m\u00e9moire des anciens combattants de la Seconde Guerre mondiale, est devenu un \u00e9v\u00e9nement annuel dans de nombreux pays du monde.<\/p>\n<p><div id=\"attachment_209982\" style=\"width: 579px\" class=\"wp-caption alignnone\"><a href=\"http:\/\/rusoch.fr\/files\/2017\/05\/IMG_3308.jpg\" rel=\"attachment wp-att-209982\"><img aria-describedby=\"caption-attachment-209982\" loading=\"lazy\" class=\"wp-image-209982 size-medium\" src=\"http:\/\/rusoch.fr\/files\/2017\/05\/IMG_3308-569x379.jpg\" alt=\"IMG_3308\" width=\"569\" height=\"379\" srcset=\"https:\/\/rusoch.fr\/files\/2017\/05\/IMG_3308-569x379.jpg 569w, https:\/\/rusoch.fr\/files\/2017\/05\/IMG_3308-768x511.jpg 768w, https:\/\/rusoch.fr\/files\/2017\/05\/IMG_3308-600x399.jpg 600w, https:\/\/rusoch.fr\/files\/2017\/05\/IMG_3308.jpg 1394w\" sizes=\"(max-width: 569px) 100vw, 569px\" \/><\/a><p id=\"caption-attachment-209982\" class=\"wp-caption-text\">Cr\u00e9dit : Maria Tchobanov<\/p><\/div><\/p>\n<p>Partie de la place de la R\u00e9publique, la colonne r\u00e9unissait plusieurs centaines de personnes brandissant des portraits de membres de leur famille\u00a0: des soldats et des officiers ou tout simplement des personnes qui ont v\u00e9cu la guerre ou y ont perdu la vie.<\/p>\n<p>Cette manifestation rassemble des Russes, des ressortissants des anciennes r\u00e9publiques sovi\u00e9tiques et des repr\u00e9sentants d\u2019autres pays qui ont combattu ensemble l\u2019Allemagne nazie, pour partager la fiert\u00e9 et le deuil \u2013 sentiments qui accompagnent traditionnellement ce jour m\u00e9morable du calendrier, qui marque la fin de la Seconde Guerre mondiale.<\/p>\n<p><div id=\"attachment_209983\" style=\"width: 579px\" class=\"wp-caption alignnone\"><a href=\"http:\/\/rusoch.fr\/files\/2017\/05\/IMG_3303.jpg\" rel=\"attachment wp-att-209983\"><img aria-describedby=\"caption-attachment-209983\" loading=\"lazy\" class=\"wp-image-209983 size-medium\" src=\"http:\/\/rusoch.fr\/files\/2017\/05\/IMG_3303-569x379.jpg\" alt=\"IMG_3303\" width=\"569\" height=\"379\" srcset=\"https:\/\/rusoch.fr\/files\/2017\/05\/IMG_3303-569x379.jpg 569w, https:\/\/rusoch.fr\/files\/2017\/05\/IMG_3303-768x511.jpg 768w, https:\/\/rusoch.fr\/files\/2017\/05\/IMG_3303-600x399.jpg 600w, https:\/\/rusoch.fr\/files\/2017\/05\/IMG_3303.jpg 1394w\" sizes=\"(max-width: 569px) 100vw, 569px\" \/><\/a><p id=\"caption-attachment-209983\" class=\"wp-caption-text\">Cr\u00e9dit : Maria Tchobanov<\/p><\/div><\/p>\n<p>Le cort\u00e8ge s\u2019est dirig\u00e9 vers le cimeti\u00e8re du P\u00e8re-Lachaise o\u00f9 s\u2019est tenue une c\u00e9r\u00e9monie de d\u00e9p\u00f4t de gerbes devant le M\u00e9morial des Combattants russes et sovi\u00e9tiques de la R\u00e9sistance fran\u00e7aise. Dans la foule, on pouvait distinguer des drapeaux ukrainien,\u00a0bi\u00e9lorusse et kirghiz.<\/p>\n<p><div id=\"attachment_209984\" style=\"width: 579px\" class=\"wp-caption alignnone\"><a href=\"http:\/\/rusoch.fr\/files\/2017\/05\/IMG_3302.jpg\" rel=\"attachment wp-att-209984\"><img aria-describedby=\"caption-attachment-209984\" loading=\"lazy\" class=\"wp-image-209984 size-medium\" src=\"http:\/\/rusoch.fr\/files\/2017\/05\/IMG_3302-569x379.jpg\" alt=\"IMG_3302\" width=\"569\" height=\"379\" srcset=\"https:\/\/rusoch.fr\/files\/2017\/05\/IMG_3302-569x379.jpg 569w, https:\/\/rusoch.fr\/files\/2017\/05\/IMG_3302-768x511.jpg 768w, https:\/\/rusoch.fr\/files\/2017\/05\/IMG_3302-600x399.jpg 600w, https:\/\/rusoch.fr\/files\/2017\/05\/IMG_3302.jpg 1394w\" sizes=\"(max-width: 569px) 100vw, 569px\" \/><\/a><p id=\"caption-attachment-209984\" class=\"wp-caption-text\">Cr\u00e9dit : Maria Tchobanov<\/p><\/div><\/p>\n<p>Olga est venue sur la place de la R\u00e9publique avec son fils Daniel de 18 ans. Elle tient le portrait de ses grands-parents qui ont fait la guerre tous les deux. Le grand-p\u00e8re, Alexandre, a commenc\u00e9 son combat \u00e0 Kharkov (Ukraine) et fut d\u00e9cor\u00e9 de l&#39;Ordre de l&#39;\u00c9toile rouge pour la lib\u00e9ration de la ville d\u2019Orcha. La grand-m\u00e8re Olga a surv\u00e9cu au blocus de Leningrad et a particip\u00e9 \u00e0 la d\u00e9fense de cette ville. Ils se sont rencontr\u00e9s \u00e0 la fin de la guerre.<\/p>\n<p><em>\u00ab\u00a0Mon fils est n\u00e9 en Italie et nous vivons actuellement en France, mais pour moi c\u2019est tr\u00e8s important qu\u2019il connaisse cette histoire et qu\u2019il se souvienne de ses arri\u00e8re-grands-parents. Cette marche est une tr\u00e8s bonne chose pour qu\u2019on n\u2019oublie pas le r\u00f4le consid\u00e9rable de la Russie dans la victoire sur le nazisme\u00a0\u00bb<\/em>, est convaincue Olga.<\/p>\n<p><div id=\"attachment_209985\" style=\"width: 579px\" class=\"wp-caption alignnone\"><a href=\"http:\/\/rusoch.fr\/files\/2017\/05\/IMG_3320.jpg\" rel=\"attachment wp-att-209985\"><img aria-describedby=\"caption-attachment-209985\" loading=\"lazy\" class=\"wp-image-209985 size-medium\" src=\"http:\/\/rusoch.fr\/files\/2017\/05\/IMG_3320-569x379.jpg\" alt=\"IMG_3320\" width=\"569\" height=\"379\" srcset=\"https:\/\/rusoch.fr\/files\/2017\/05\/IMG_3320-569x379.jpg 569w, https:\/\/rusoch.fr\/files\/2017\/05\/IMG_3320-768x511.jpg 768w, https:\/\/rusoch.fr\/files\/2017\/05\/IMG_3320-600x399.jpg 600w, https:\/\/rusoch.fr\/files\/2017\/05\/IMG_3320.jpg 1394w\" sizes=\"(max-width: 569px) 100vw, 569px\" \/><\/a><p id=\"caption-attachment-209985\" class=\"wp-caption-text\">Cr\u00e9dit : Maria Tchobanov<\/p><\/div><\/p>\n<p>Iris, 9 ans, a rejoint le R\u00e9giment immortel avec le portrait de son arri\u00e8re-grand-p\u00e8re Pavel, originaire de la r\u00e9gion de Riazan. Il a particip\u00e9 aux batailles de Koursk et de Stalingrad et a \u00e9t\u00e9 tu\u00e9 lors de la bataille du Dniepr en octobre 1943.<br \/>\n<em>\u00ab\u00a0Je suis venue pour c\u00e9l\u00e9brer la fin de la Seconde Guerre mondiale et pour rendre hommage \u00e0 mon arri\u00e8re-grand-p\u00e8re qui a combattu jusqu\u2019au bout. C\u2019est ma maman qui m\u2019a parl\u00e9 de lui et l\u2019histoire de cette guerre m\u2019int\u00e9resse, parce que la Russie en a fait partie et moi, je parle russe. Il faut que je sache ce qui s\u2019est pass\u00e9 l\u00e0-bas, c\u2019est important. \u00c0 l\u2019\u00e9cole on n\u2019en parle pas et demain je vais parler de ce d\u00e9fil\u00e9 \u00e0 mes camarades de classe\u00a0\u00bb<\/em>, a confi\u00e9 Iris \u00e0 RBTH.<\/p>\n<p><div id=\"attachment_209986\" style=\"width: 579px\" class=\"wp-caption alignnone\"><a href=\"http:\/\/rusoch.fr\/files\/2017\/05\/IMG_3316.jpg\" rel=\"attachment wp-att-209986\"><img aria-describedby=\"caption-attachment-209986\" loading=\"lazy\" class=\"wp-image-209986 size-medium\" src=\"http:\/\/rusoch.fr\/files\/2017\/05\/IMG_3316-569x379.jpg\" alt=\"IMG_3316\" width=\"569\" height=\"379\" srcset=\"https:\/\/rusoch.fr\/files\/2017\/05\/IMG_3316-569x379.jpg 569w, https:\/\/rusoch.fr\/files\/2017\/05\/IMG_3316-768x511.jpg 768w, https:\/\/rusoch.fr\/files\/2017\/05\/IMG_3316-600x399.jpg 600w, https:\/\/rusoch.fr\/files\/2017\/05\/IMG_3316.jpg 1394w\" sizes=\"(max-width: 569px) 100vw, 569px\" \/><\/a><p id=\"caption-attachment-209986\" class=\"wp-caption-text\">Cr\u00e9dit : Maria Tchobanov<\/p><\/div><\/p>\n<p>Chaque ann\u00e9e, au d\u00e9but du mois de mai, dans le cadre de la c\u00e9l\u00e9bration de la Victoire sur l&#39;Allemagne nazie, les anciens combattants de la R\u00e9sistance fran\u00e7aise, des repr\u00e9sentants des autorit\u00e9s municipales de Noyers-Saint-Martin, de la sous-pr\u00e9fecture de Clermont, du d\u00e9partement de l\u2019Oise, des ambassadeurs et des repr\u00e9sentants militaires de la CEI, des \u00e9coliers russes et fran\u00e7ais et des r\u00e9sidents de la commune se ressemblent dans la n\u00e9cropole des soldats de l&#39;Arm\u00e9e rouge tu\u00e9s en France pendant la Seconde Guerre mondiale.<\/p>\n<p><div id=\"attachment_209977\" style=\"width: 579px\" class=\"wp-caption alignnone\"><a href=\"http:\/\/rusoch.fr\/files\/2017\/05\/IMG_3346.jpg\" rel=\"attachment wp-att-209977\"><img aria-describedby=\"caption-attachment-209977\" loading=\"lazy\" class=\"wp-image-209977 size-medium\" src=\"http:\/\/rusoch.fr\/files\/2017\/05\/IMG_3346-569x379.jpg\" alt=\"IMG_3346\" width=\"569\" height=\"379\" srcset=\"https:\/\/rusoch.fr\/files\/2017\/05\/IMG_3346-569x379.jpg 569w, https:\/\/rusoch.fr\/files\/2017\/05\/IMG_3346-768x511.jpg 768w, https:\/\/rusoch.fr\/files\/2017\/05\/IMG_3346-600x399.jpg 600w, https:\/\/rusoch.fr\/files\/2017\/05\/IMG_3346.jpg 1394w\" sizes=\"(max-width: 569px) 100vw, 569px\" \/><\/a><p id=\"caption-attachment-209977\" class=\"wp-caption-text\">Cr\u00e9dit : Maria Tchobanov<\/p><\/div><\/p>\n<p>Cette ann\u00e9e, la c\u00e9r\u00e9monie a eu lieu le 9 mai, le jour o\u00f9 toute la Russie comm\u00e9more la victoire sur le nazisme.<\/p>\n<p><div id=\"attachment_209978\" style=\"width: 579px\" class=\"wp-caption alignnone\"><a href=\"http:\/\/rusoch.fr\/files\/2017\/05\/IMG_3354.jpg\" rel=\"attachment wp-att-209978\"><img aria-describedby=\"caption-attachment-209978\" loading=\"lazy\" class=\"wp-image-209978 size-medium\" src=\"http:\/\/rusoch.fr\/files\/2017\/05\/IMG_3354-569x379.jpg\" alt=\"IMG_3354\" width=\"569\" height=\"379\" srcset=\"https:\/\/rusoch.fr\/files\/2017\/05\/IMG_3354-569x379.jpg 569w, https:\/\/rusoch.fr\/files\/2017\/05\/IMG_3354-768x511.jpg 768w, https:\/\/rusoch.fr\/files\/2017\/05\/IMG_3354-600x399.jpg 600w, https:\/\/rusoch.fr\/files\/2017\/05\/IMG_3354.jpg 1394w\" sizes=\"(max-width: 569px) 100vw, 569px\" \/><\/a><p id=\"caption-attachment-209978\" class=\"wp-caption-text\">Cr\u00e9dit : Maria Tchobanov<\/p><\/div><\/p>\n<p>Plus de 35 000 Russes et ressortissants des anciennes r\u00e9publiques sovi\u00e9tiques ont combattu dans les rangs de la R\u00e9sistance. 7 000 ont laiss\u00e9 leurs vies sur les champs de batailles ou ont \u00e9t\u00e9 ex\u00e9cut\u00e9s. 4 643 d\u2019entre eux sont enterr\u00e9s dans le cimeti\u00e8re militaire de Noyers-Saint-Martin. Plus de 4 000 ne sont toujours pas identifi\u00e9s.<\/p>\n<p><div id=\"attachment_209979\" style=\"width: 579px\" class=\"wp-caption alignnone\"><a href=\"http:\/\/rusoch.fr\/files\/2017\/05\/IMG_3410.jpg\" rel=\"attachment wp-att-209979\"><img aria-describedby=\"caption-attachment-209979\" loading=\"lazy\" class=\"wp-image-209979 size-medium\" src=\"http:\/\/rusoch.fr\/files\/2017\/05\/IMG_3410-569x379.jpg\" alt=\"IMG_3410\" width=\"569\" height=\"379\" srcset=\"https:\/\/rusoch.fr\/files\/2017\/05\/IMG_3410-569x379.jpg 569w, https:\/\/rusoch.fr\/files\/2017\/05\/IMG_3410-768x511.jpg 768w, https:\/\/rusoch.fr\/files\/2017\/05\/IMG_3410-600x399.jpg 600w, https:\/\/rusoch.fr\/files\/2017\/05\/IMG_3410.jpg 1394w\" sizes=\"(max-width: 569px) 100vw, 569px\" \/><\/a><p id=\"caption-attachment-209979\" class=\"wp-caption-text\">Cr\u00e9dit : Maria Tchobanov<\/p><\/div><\/p>\n<p>\u00c0 la fin des ann\u00e9es 1970, l\u2019\u00c9tat fran\u00e7ais d\u00e9cida de regrouper l\u2019ensemble des corps sovi\u00e9tiques \u00e9parpill\u00e9s en diff\u00e9rents endroits de France dans cette n\u00e9cropole. Pour l\u2019essentiel, il s\u2019agit des d\u00e9pouilles des prisonniers de guerre sovi\u00e9tiques affect\u00e9s dans l\u2019industrie lourde et pr\u00e9c\u00e9demment inhum\u00e9s en Alsace et en Lorraine. Parmi eux, pr\u00e8s de 3 000 venaient du camp de Ban-Saint-Jean, situ\u00e9 \u00e0 Denting, en Moselle.<\/p>\n<p>Il comporte \u00e9galement les s\u00e9pultures de Sovi\u00e9tiques ayant rejoint les rangs de la R\u00e9sistance morts dans la r\u00e9gion. Un monument en hommage aux victimes de plus de deux m\u00e8tres, baptis\u00e9 \u00ab\u00a0les Fleurs de Russie\u00a0\u00bb, \u0153uvre du sculpteur russe Vladimir Sourovtsev, a \u00e9t\u00e9 inaugur\u00e9 \u00e0 la n\u00e9cropole le 21 juin 2001, date du 60e anniversaire de l\u2019attaque de l\u2019Union sovi\u00e9tique par le IIIe Reich.<\/p>\n<p><a href=\"https:\/\/fr.rbth.com\/\">RBTH<\/a><\/p>","protected":false},"excerpt":{"rendered":"<p>D\u00e9sol\u00e9, cet article est seulement disponible en Russe.<\/p>\n","protected":false},"author":2,"featured_media":209973,"comment_status":"open","ping_status":"open","sticky":false,"template":"","format":"standard","meta":[],"categories":[6],"tags":[3270,580,579,1078,3197],"aioseo_notices":[],"_links":{"self":[{"href":"https:\/\/rusoch.fr\/fr\/wp-json\/wp\/v2\/posts\/209972"}],"collection":[{"href":"https:\/\/rusoch.fr\/fr\/wp-json\/wp\/v2\/posts"}],"about":[{"href":"https:\/\/rusoch.fr\/fr\/wp-json\/wp\/v2\/types\/post"}],"author":[{"embeddable":true,"href":"https:\/\/rusoch.fr\/fr\/wp-json\/wp\/v2\/users\/2"}],"replies":[{"embeddable":true,"href":"https:\/\/rusoch.fr\/fr\/wp-json\/wp\/v2\/comments?post=209972"}],"version-history":[{"count":1,"href":"https:\/\/rusoch.fr\/fr\/wp-json\/wp\/v2\/posts\/209972\/revisions"}],"predecessor-version":[{"id":223977,"href":"https:\/\/rusoch.fr\/fr\/wp-json\/wp\/v2\/posts\/209972\/revisions\/223977"}],"wp:featuredmedia":[{"embeddable":true,"href":"https:\/\/rusoch.fr\/fr\/wp-json\/wp\/v2\/media\/209973"}],"wp:attachment":[{"href":"https:\/\/rusoch.fr\/fr\/wp-json\/wp\/v2\/media?parent=209972"}],"wp:term":[{"taxonomy":"category","embeddable":true,"href":"https:\/\/rusoch.fr\/fr\/wp-json\/wp\/v2\/categories?post=209972"},{"taxonomy":"post_tag","embeddable":true,"href":"https:\/\/rusoch.fr\/fr\/wp-json\/wp\/v2\/tags?post=209972"}],"curies":[{"name":"wp","href":"https:\/\/api.w.org\/{rel}","templated":true}]}}