{"id":210213,"date":"2017-05-30T11:26:16","date_gmt":"2017-05-30T10:26:16","guid":{"rendered":"http:\/\/rusoch.fr\/?p=210213"},"modified":"2018-05-22T18:51:35","modified_gmt":"2018-05-22T17:51:35","slug":"putin-na-branli","status":"publish","type":"post","link":"https:\/\/rusoch.fr\/fr\/events\/putin-na-branli.html","title":{"rendered":"Poutine au Centre russe du quai Branly"},"content":{"rendered":"<p>Le 29 mai 2017, dans le cadre d&#39;une visite de travail en France, Vladimir Poutine a visit\u00e9 le centre culturel et spirituel russe au Quai Branly \u00e0 Paris.<\/p>\n<p><!--more--><a href=\"http:\/\/rusoch.fr\/files\/2017\/05\/Branly.jpg\" rel=\"attachment wp-att-210214\"><br \/>\n<img loading=\"lazy\" class=\"alignnone size-medium wp-image-210214\" src=\"http:\/\/rusoch.fr\/files\/2017\/05\/Branly-568x379.jpg\" alt=\"Branly&amp;\" width=\"568\" height=\"379\" srcset=\"https:\/\/rusoch.fr\/files\/2017\/05\/Branly-568x379.jpg 568w, https:\/\/rusoch.fr\/files\/2017\/05\/Branly-600x400.jpg 600w, https:\/\/rusoch.fr\/files\/2017\/05\/Branly.jpg 640w\" sizes=\"(max-width: 568px) 100vw, 568px\" \/><\/a><\/p>\n<p>Le chef d&#39;Etat russe, \u00e9taient accompagn\u00e9 du ministre de la culture <strong>V. Medinski<\/strong>, du directeur g\u00e9n\u00e9ral des affaires de l&#39;administration pr\u00e9sidentielle, A. Kolpakov, de l&#39;ambassadeur de Russie en France, A. Orlov, du maire de Paris, <strong>A. Hidalgo<\/strong> et du maire du 7e arrondissement de Paris, <strong>R. Dati<\/strong>.<\/p>\n<p>Dans le b\u00e2timent d\u00e9di\u00e9 aux expositions, la maquette des \u00e9difices du centre a \u00e9t\u00e9 pr\u00e9sent\u00e9e \u00e0 V. Poutine par Jean-Michel Wilmotte, architecte en chef du \u0421entre culturel et spirituel.<\/p>\n<p><a href=\"http:\/\/rusoch.fr\/files\/2017\/05\/14.jpg\" rel=\"attachment wp-att-210215\"><img loading=\"lazy\" class=\"alignnone size-medium wp-image-210215\" src=\"http:\/\/rusoch.fr\/files\/2017\/05\/14-569x379.jpg\" alt=\"14\" width=\"569\" height=\"379\" srcset=\"https:\/\/rusoch.fr\/files\/2017\/05\/14-569x379.jpg 569w, https:\/\/rusoch.fr\/files\/2017\/05\/14-768x512.jpg 768w, https:\/\/rusoch.fr\/files\/2017\/05\/14-600x400.jpg 600w, https:\/\/rusoch.fr\/files\/2017\/05\/14.jpg 1800w\" sizes=\"(max-width: 569px) 100vw, 569px\" \/><\/a><\/p>\n<p>L&#39;invit\u00e9 de marque et ses accompagnateurs se sont ensuite rendus \u00e0 la cath\u00e9drale de la Sainte-Trinit\u00e9, o\u00f9 ils y ont rencontr\u00e9 son recteur, <strong>Mgr Nestor, \u00e9v\u00eaque du dioc\u00e8se de Cherson\u00e8se,<\/strong> et le clerg\u00e9 de l&#39;\u00e9glise. L&#39;archev\u00eaque a parl\u00e9 \u00e0 V. Poutine des particularit\u00e9s de la d\u00e9coration de la cath\u00e9drale et lui a offert en cadeau une ic\u00f4ne de la Sainte-Trinit\u00e9. A son tour, le leader russe a offert \u00e0 l&#39;\u00e9glise une ic\u00f4ne d&#39;Andre\u00ef Roublev, \u00ab l&#39;Hospitalit\u00e9 d&#39;Abraham \u00bb.<\/p>\n<p><a href=\"http:\/\/rusoch.fr\/files\/2017\/05\/1-2.jpg\" rel=\"attachment wp-att-210216\"><img loading=\"lazy\" class=\"alignnone size-medium wp-image-210216\" src=\"http:\/\/rusoch.fr\/files\/2017\/05\/1-2-569x379.jpg\" alt=\"1\" width=\"569\" height=\"379\" srcset=\"https:\/\/rusoch.fr\/files\/2017\/05\/1-2-569x379.jpg 569w, https:\/\/rusoch.fr\/files\/2017\/05\/1-2-768x512.jpg 768w, https:\/\/rusoch.fr\/files\/2017\/05\/1-2-600x400.jpg 600w, https:\/\/rusoch.fr\/files\/2017\/05\/1-2.jpg 1800w\" sizes=\"(max-width: 569px) 100vw, 569px\" \/><\/a><\/p>\n<p>A la fin de la visite, Vladimir Poutine a fait un tour par le b\u00e2timent d\u00e9di\u00e9 \u00e0 l&#39;enseignement. Une exposition temporaire y a \u00e9t\u00e9 pr\u00e9sent\u00e9e au pr\u00e9sident. Elle mettait en avant les r\u00e9sultats des fouilles arch\u00e9ologiques sur les lieux de batailles o\u00f9 a combattu le corps exp\u00e9ditionnaire russe pendant la Premi\u00e8re Guerre Mondiale.<\/p>\n<p><a href=\"http:\/\/rusoch.fr\/files\/2017\/05\/9-1.jpg\" rel=\"attachment wp-att-210217\"><img loading=\"lazy\" class=\"alignnone size-medium wp-image-210217\" src=\"http:\/\/rusoch.fr\/files\/2017\/05\/9-1-569x379.jpg\" alt=\"9\" width=\"569\" height=\"379\" srcset=\"https:\/\/rusoch.fr\/files\/2017\/05\/9-1-569x379.jpg 569w, https:\/\/rusoch.fr\/files\/2017\/05\/9-1-768x512.jpg 768w, https:\/\/rusoch.fr\/files\/2017\/05\/9-1-600x400.jpg 600w, https:\/\/rusoch.fr\/files\/2017\/05\/9-1.jpg 1800w\" sizes=\"(max-width: 569px) 100vw, 569px\" \/><\/a><\/p>\n<p>Au cours de la visite des b\u00e2timents d\u00e9di\u00e9s \u00e0 l&#39;enseignement, le chef d&#39;Etat russe a pris connaissance des programmes de formation compl\u00e9mentaire propos\u00e9s par le centre : \u00ab l&#39;\u00e9cole classique russe \u00bb, le centre de formation de l&#39;Institut de langue russe A. Pouchkine, l&#39;\u00e9cole paroissiale du dioc\u00e8se de Cherson\u00e8se, la plus vieille en France et en activit\u00e9 depuis plus de 85 ans, et les clubs pour enfants et adultes, anim\u00e9s en fran\u00e7ais et en russe. Le pr\u00e9sident a \u00e9galement rencontr\u00e9 les professeurs et les \u00e9l\u00e8ves, et a d\u00e9couvert l&#39;exposition des archives scolaires, qui comprend d&#39;anciens livres et des manuels de p\u00e9dagogie de la diaspora russe.<\/p>\n<p><a href=\"http:\/\/rusoch.fr\/files\/2017\/05\/20-1.jpg\" rel=\"attachment wp-att-210220\"><img loading=\"lazy\" class=\"alignnone size-medium wp-image-210220\" src=\"http:\/\/rusoch.fr\/files\/2017\/05\/20-1-569x379.jpg\" alt=\"20\" width=\"569\" height=\"379\" srcset=\"https:\/\/rusoch.fr\/files\/2017\/05\/20-1-569x379.jpg 569w, https:\/\/rusoch.fr\/files\/2017\/05\/20-1-768x512.jpg 768w, https:\/\/rusoch.fr\/files\/2017\/05\/20-1-600x400.jpg 600w, https:\/\/rusoch.fr\/files\/2017\/05\/20-1.jpg 1800w\" sizes=\"(max-width: 569px) 100vw, 569px\" \/><\/a><\/p>\n<p>Le groupe de formation du Centre s&#39;est donn\u00e9e la mission de transmettre, dans des conditions modernes, une exp\u00e9rience de la p\u00e9dagogie nationale pr\u00e9-r\u00e9volutionnaire unique et soigneusement conserv\u00e9e pendant l&#39;\u00e9migration, bas\u00e9e sur le principe de fid\u00e9lit\u00e9 \u00e0 la patrie perdue et sur un amour immuable de la litt\u00e9rature russe et des traditions chr\u00e9tiennes.<\/p>\n<p><a href=\"http:\/\/rusoch.fr\/files\/2017\/05\/16.jpg\" rel=\"attachment wp-att-210218\"><img loading=\"lazy\" class=\"alignnone size-medium wp-image-210218\" src=\"http:\/\/rusoch.fr\/files\/2017\/05\/16-569x379.jpg\" alt=\"16\" width=\"569\" height=\"379\" srcset=\"https:\/\/rusoch.fr\/files\/2017\/05\/16-569x379.jpg 569w, https:\/\/rusoch.fr\/files\/2017\/05\/16-768x512.jpg 768w, https:\/\/rusoch.fr\/files\/2017\/05\/16-600x400.jpg 600w, https:\/\/rusoch.fr\/files\/2017\/05\/16.jpg 1800w\" sizes=\"(max-width: 569px) 100vw, 569px\" \/><\/a><\/p>\n<p>L&#39;histoire du travail, p\u00e9dagogiquement approuv\u00e9, de l&#39;accueil et de l&#39;\u00e9ducation des jeunes g\u00e9n\u00e9rations de Russes dans les conditions d&#39;\u00e9migration \u00e0 Paris est li\u00e9e \u00e0 des noms exceptionnels tels que I.A. Iline, V.V. Zenkovski, S.N. Boulgakov, N.A. Berdia\u00efev, V.N. Lossky, ainsi que de nombreux autres penseurs et visages de la diaspora russe.<\/p>\n<p><a href=\"http:\/\/rusoch.fr\/files\/2017\/05\/18.jpg\" rel=\"attachment wp-att-210219\"><img loading=\"lazy\" class=\"alignnone size-medium wp-image-210219\" src=\"http:\/\/rusoch.fr\/files\/2017\/05\/18-569x379.jpg\" alt=\"18\" width=\"569\" height=\"379\" srcset=\"https:\/\/rusoch.fr\/files\/2017\/05\/18-569x379.jpg 569w, https:\/\/rusoch.fr\/files\/2017\/05\/18-768x512.jpg 768w, https:\/\/rusoch.fr\/files\/2017\/05\/18-600x400.jpg 600w, https:\/\/rusoch.fr\/files\/2017\/05\/18.jpg 1800w\" sizes=\"(max-width: 569px) 100vw, 569px\" \/><\/a><\/p>\n<p>A l&#39;heure actuelle, en plus de la mission d&#39;\u00e9ducation dont s&#39;est charg\u00e9e le Centre, il propose \u00e9galement des expositions, des concerts et un travail socio-culturel. Un mouvement regroupant des dizaines de jeunes gens appartenant \u00e0 la culture russe et fran\u00e7aise se d\u00e9veloppe aussi. Le Centre poss\u00e8de \u00e9galement un p\u00f4le de la famille, de la maternit\u00e9 et de l&#39;enfance.<\/p>\n<p><a href=\"http:\/\/rusoch.fr\/files\/2017\/05\/5-1.jpg\" rel=\"attachment wp-att-210221\"><img loading=\"lazy\" class=\"alignnone size-medium wp-image-210221\" src=\"http:\/\/rusoch.fr\/files\/2017\/05\/5-1-569x379.jpg\" alt=\"5\" width=\"569\" height=\"379\" srcset=\"https:\/\/rusoch.fr\/files\/2017\/05\/5-1-569x379.jpg 569w, https:\/\/rusoch.fr\/files\/2017\/05\/5-1-768x512.jpg 768w, https:\/\/rusoch.fr\/files\/2017\/05\/5-1-600x400.jpg 600w, https:\/\/rusoch.fr\/files\/2017\/05\/5-1.jpg 1800w\" sizes=\"(max-width: 569px) 100vw, 569px\" \/><\/a><\/p>\n<p><em>Note :<\/em><br \/>\nLa cath\u00e9drale de la Sainte-Trinit\u00e9 est actuellement l&#39;un des lieux religieux les plus visit\u00e9s de Paris. Jusqu&#39;\u00e0 200 000 personnes la visitent chaque ann\u00e9e. Elle est ouverte tous les jours aux visiteurs. Durant ses heures d&#39;ouverture, on peut y trouver un pr\u00eatre en service (ce qui en soi est unique pour un temple orthodoxe en France), pr\u00eat non seulement \u00e0 apporter un soutien pastoral \u00e0 ses compatriotes vivant en France, mais aussi \u00e0 r\u00e9pondre aux questions des habitants et invit\u00e9s de la capitale fran\u00e7aise, qui visitent la cath\u00e9drale en tant que touristes.<\/p>\n<p><em><span id=\"m_-3417077076785770363yui_3_16_0_ym19_1_1496132784509_52056\" style=\"font-family: Arial; font-size: small;\">Photos: Daniel Naberejny<\/span><\/em><\/p>\n<pre><em><span style=\"font-family: Arial; font-size: small;\">D'apr\u00e8s la documentation du dioc\u00e8se de Cherson\u00e8se<\/span><\/em><\/pre>\n<p><\/p>","protected":false},"excerpt":{"rendered":"<p>D\u00e9sol\u00e9, cet article est seulement disponible en Russe.<\/p>\n","protected":false},"author":2,"featured_media":210214,"comment_status":"open","ping_status":"open","sticky":false,"template":"","format":"standard","meta":[],"categories":[6],"tags":[3040,3041,2110,13,2145,289],"aioseo_notices":[],"_links":{"self":[{"href":"https:\/\/rusoch.fr\/fr\/wp-json\/wp\/v2\/posts\/210213"}],"collection":[{"href":"https:\/\/rusoch.fr\/fr\/wp-json\/wp\/v2\/posts"}],"about":[{"href":"https:\/\/rusoch.fr\/fr\/wp-json\/wp\/v2\/types\/post"}],"author":[{"embeddable":true,"href":"https:\/\/rusoch.fr\/fr\/wp-json\/wp\/v2\/users\/2"}],"replies":[{"embeddable":true,"href":"https:\/\/rusoch.fr\/fr\/wp-json\/wp\/v2\/comments?post=210213"}],"version-history":[{"count":1,"href":"https:\/\/rusoch.fr\/fr\/wp-json\/wp\/v2\/posts\/210213\/revisions"}],"predecessor-version":[{"id":214452,"href":"https:\/\/rusoch.fr\/fr\/wp-json\/wp\/v2\/posts\/210213\/revisions\/214452"}],"wp:featuredmedia":[{"embeddable":true,"href":"https:\/\/rusoch.fr\/fr\/wp-json\/wp\/v2\/media\/210214"}],"wp:attachment":[{"href":"https:\/\/rusoch.fr\/fr\/wp-json\/wp\/v2\/media?parent=210213"}],"wp:term":[{"taxonomy":"category","embeddable":true,"href":"https:\/\/rusoch.fr\/fr\/wp-json\/wp\/v2\/categories?post=210213"},{"taxonomy":"post_tag","embeddable":true,"href":"https:\/\/rusoch.fr\/fr\/wp-json\/wp\/v2\/tags?post=210213"}],"curies":[{"name":"wp","href":"https:\/\/api.w.org\/{rel}","templated":true}]}}