{"id":210404,"date":"2017-06-12T12:07:16","date_gmt":"2017-06-12T11:07:16","guid":{"rendered":"http:\/\/rusoch.fr\/?p=210404"},"modified":"2021-01-20T18:50:16","modified_gmt":"2021-01-20T17:50:16","slug":"car-vo-francii","status":"publish","type":"post","link":"https:\/\/rusoch.fr\/fr\/events\/car-vo-francii.html","title":{"rendered":"Un Tsar en France"},"content":{"rendered":"<p>Cette ann\u00e9e-l\u00e0, la France et la Russie c\u00e9l\u00e8brent trois cent ans de relations diplomatiques. <!--more--><\/p>\n<p><div id=\"attachment_210408\" style=\"width: 510px\" class=\"wp-caption alignnone\"><a href=\"http:\/\/rusoch.fr\/files\/2017\/06\/98905-500x333.jpg\" rel=\"attachment wp-att-210408\"><img aria-describedby=\"caption-attachment-210408\" loading=\"lazy\" class=\"wp-image-210408 size-full\" src=\"http:\/\/rusoch.fr\/files\/2017\/06\/98905-500x333.jpg\" alt=\"98905-500x333\" width=\"500\" height=\"333\" \/><\/a><p id=\"caption-attachment-210408\" class=\"wp-caption-text\">&copy; ch\u00e2teau de Versailles, Didier Saulnier<\/p><\/div><\/p>\n<p>Il y a eu des guerres, il y a eu des alliances. Napol\u00e9on \u00e0 Moscou et Alexandre Ier \u00e0 Paris. La guerre de Crim\u00e9e et le corps exp\u00e9ditionnaire russe d\u00e9fendant la France des Allemands lors de la Grande Guerre. Tous ces \u00e9l\u00e9ments font partie du pass\u00e9 historique commun des deux pays. Ce sont les diff\u00e9rentes pages d&#39;une m\u00eame histoire.<\/p>\n<p>Pierre le Grand a \u00e9crit, en 1717, le premier chapitre diplomatique, gr\u00e2ce auquel, contre vents et mar\u00e9es, nos pays d\u00e9veloppent progressivement une coop\u00e9ration mutuelle.<\/p>\n<p>Le Congr\u00e8s p\u00e9trovien international, qui s&#39;est tenu cet avril \u00e0 Paris, \u00e9tait consacr\u00e9 \u00e0 cette date.<\/p>\n<p>L&#39;exposition \u00e0 Versailles est l&#39;\u00e9v\u00e9nement le plus m\u00e9diatis\u00e9 de l&#39;\u00e9t\u00e9.<\/p>\n<p><div id=\"attachment_210412\" style=\"width: 510px\" class=\"wp-caption alignnone\"><a href=\"http:\/\/rusoch.fr\/files\/2017\/06\/127692-500x299.jpg\" rel=\"attachment wp-att-210412\"><img aria-describedby=\"caption-attachment-210412\" loading=\"lazy\" class=\"wp-image-210412 size-full\" src=\"http:\/\/rusoch.fr\/files\/2017\/06\/127692-500x299.jpg\" alt=\"127692-500x299\" width=\"500\" height=\"299\" \/><\/a><p id=\"caption-attachment-210412\" class=\"wp-caption-text\">&copy; Ch\u00e2teau de Versailles, Didier Saulnier<\/p><\/div><\/p>\n<p>Pendant sa courte visite \u00e0 Versailles, le pr\u00e9sident russe, V. Poutine, a officiellement inaugur\u00e9, avec son homologue fran\u00e7ais, E. Macron, l&#39;exposition <strong>\u00ab Pierre le Grand, un tsar en France. 1717<\/strong> \u00bb au Grand Trianon.<\/p>\n<p>\u00ab Il \u00e9tait important pour nous que l&#39;exposition ne porte pas seulement sur le tsar russe, mais sur Pierre Ier en France, sur la mani\u00e8re dont il a pass\u00e9 ses deux mois dans notre pays, sur ce qu&#39;il a fait et ce qu&#39;il a ramen\u00e9 de chez nous \u00bb, d\u00e9clare <strong>Gwenola Firmin<\/strong>, curatrice principale de l&#39;exposition.<\/p>\n<p><div id=\"attachment_210410\" style=\"width: 297px\" class=\"wp-caption alignnone\"><a href=\"http:\/\/rusoch.fr\/files\/2017\/06\/708070-379x500.jpg\" rel=\"attachment wp-att-210410\"><img aria-describedby=\"caption-attachment-210410\" loading=\"lazy\" class=\"wp-image-210410 size-medium\" src=\"http:\/\/rusoch.fr\/files\/2017\/06\/708070-379x500-287x379.jpg\" alt=\"708070-379x500\" width=\"287\" height=\"379\" srcset=\"https:\/\/rusoch.fr\/files\/2017\/06\/708070-379x500-287x379.jpg 287w, https:\/\/rusoch.fr\/files\/2017\/06\/708070-379x500-303x400.jpg 303w, https:\/\/rusoch.fr\/files\/2017\/06\/708070-379x500.jpg 379w\" sizes=\"(max-width: 287px) 100vw, 287px\" \/><\/a><p id=\"caption-attachment-210410\" class=\"wp-caption-text\">Jean-Marc Nattier Pierre Ier, tsar de Russie 1717 huile sur toile Saint- P\u00e9tersbourg, mus\u00e9e d&#39;Etat de l&#39;Ermitage &copy; Mus\u00e9e de l&#39;Ermitage, Saint-P\u00e9tersbourg, 2017<\/p><\/div><\/p>\n<p>Lorsque deux grandes institutions mondiales, \u00e0 savoir, les mus\u00e9es de l&#39;Ermitage \u00e0 Saint-P\u00e9tersbourg et de Versailles \u00e0 Paris, concluent une alliance artistique, cela donne une exposition aux objets uniques, qu&#39;il serait difficile de voir ensemble ou un \u00e0 un dans d&#39;autres conditions.<\/p>\n<p>Pierre le Grand s&#39;est sinc\u00e8rement et profond\u00e9ment int\u00e9ress\u00e9 \u00e0 la France, pays avant-gardiste dans les domaines de la science et des inventions techniques, de la production industrielle et des arts.<\/p>\n<p><div id=\"attachment_210415\" style=\"width: 510px\" class=\"wp-caption alignnone\"><a href=\"http:\/\/rusoch.fr\/files\/2017\/06\/293645-500x333.jpg\" rel=\"attachment wp-att-210415\"><img aria-describedby=\"caption-attachment-210415\" loading=\"lazy\" class=\"wp-image-210415 size-full\" src=\"http:\/\/rusoch.fr\/files\/2017\/06\/293645-500x333.jpg\" alt=\"293645-500x333\" width=\"500\" height=\"333\" \/><\/a><p id=\"caption-attachment-210415\" class=\"wp-caption-text\">&copy; Ch\u00e2teau de Versailles, Didier Saulnier<\/p><\/div><\/p>\n<p>Les ateliers et manufactures, l&#39;Acad\u00e9mie des sciences, l&#39;H\u00f4tel des Invalides, l&#39;Observatoire, l&#39;H\u00f4tel de la Monnaie, le Jardin des plantes, l&#39;Acad\u00e9mie royale de peinture et de sculpture, aucune de ces institutions fran\u00e7aises importantes n&#39;a \u00e9t\u00e9 oubli\u00e9e du tsar. Il en a m\u00eame visit\u00e9 certaines plusieurs fois.<\/p>\n<p>Toujours avec un bloc-notes et un crayon sur lui, il faisait constamment des croquis et esquisses en tout lieu. Il a laiss\u00e9 ses croquis de Versailles et de Marly, entre autres, \u00e0 ses descendants. Ce crayon est la pi\u00e8ce de collection la plus pr\u00e9cieuse qu&#39;il aurait \u00e9t\u00e9 vraiment regrettable d\u2019ab\u00eemer lors du transport. En effet, \u00e0 l&#39;\u00e9poque, les mines graphites co\u00fbtaient extr\u00eamement cher et \u00e9taient le compagnon de voyage inestimable des personnes issues de la haute soci\u00e9t\u00e9. Ainsi, le crayon personnel du monarque, habituellement conserv\u00e9 \u00e0 l&#39;Ermitage, et avec lequel il a r\u00e9alis\u00e9 de nombreux dessins, est actuellement expos\u00e9 au Trianon.<\/p>\n<p>La boulimie des innovations se manifestait chez le tsar \u00e0 chaque \u00e9tape. \u00ab Il avait la capacit\u00e9 de s&#39;approprier ce qu&#39;il y avait de mieux dans chaque pays \u00bb, raconte Gwenola Firmin.<\/p>\n<p>Il recevait des cadeaux diplomatiques, comme par exemple, \u00e0 la manufacture des Gobelins. Mais Il s&#39;achetait aussi des affaires, telles que des livres sur diverses sciences ou des instruments d&#39;optique.<\/p>\n<p><div id=\"attachment_210413\" style=\"width: 510px\" class=\"wp-caption alignnone\"><a href=\"http:\/\/rusoch.fr\/files\/2017\/06\/484619-500x333.jpg\" rel=\"attachment wp-att-210413\"><img aria-describedby=\"caption-attachment-210413\" loading=\"lazy\" class=\"wp-image-210413 size-full\" src=\"http:\/\/rusoch.fr\/files\/2017\/06\/484619-500x333.jpg\" alt=\"484619-500x333\" width=\"500\" height=\"333\" \/><\/a><p id=\"caption-attachment-210413\" class=\"wp-caption-text\">&copy; Ch\u00e2teau de Versailles, Didier Saulnier<\/p><\/div><\/p>\n<p>Il touche particuli\u00e8rement les Fran\u00e7ais, non seulement parce qu&#39;il avait \u00e9tudi\u00e9 de pr\u00e8s leurs instruments m\u00e9dicaux, ou parce qu&#39;il d\u00e9pensait beaucoup d&#39;argent pour les acheter, mais parce qu&#39;il savait arracher les dents.<\/p>\n<p>Pierre le Grand n&#39;a pas seulement \u00e9crit sur papier tout ce qu\u2019il y avait d\u2019important \u00e0 retenir selon lui, mais il a faits venir des meilleurs sp\u00e9cialistes \u00e0 Saint-P\u00e9tersbourg.<\/p>\n<p><strong>Jean-Marc Nattier,<\/strong> peintre de la cour de la famille des ducs d&#39;Orl\u00e9ans, puis plus tard de Louis XV, a \u00e9t\u00e9 envoy\u00e9 par l&#39;empereur \u00e0 la Haye, o\u00f9 l&#39;attendait Catherine Ire.<\/p>\n<p>Deux ans plus t\u00f4t, un artiste inconnu avait r\u00e9alis\u00e9 un portrait sur l&#39;\u00e9mail du monarque russe. Ce m\u00e9daillon a \u00e9t\u00e9 transport\u00e9 du Louvre au Trianon.<\/p>\n<p><div id=\"attachment_210416\" style=\"width: 257px\" class=\"wp-caption alignnone\"><a href=\"http:\/\/rusoch.fr\/files\/2017\/06\/94509-326x500.jpg\" rel=\"attachment wp-att-210416\"><img aria-describedby=\"caption-attachment-210416\" loading=\"lazy\" class=\"wp-image-210416 size-medium\" src=\"http:\/\/rusoch.fr\/files\/2017\/06\/94509-326x500-247x379.jpg\" alt=\"94509-326x500\" width=\"247\" height=\"379\" srcset=\"https:\/\/rusoch.fr\/files\/2017\/06\/94509-326x500-247x379.jpg 247w, https:\/\/rusoch.fr\/files\/2017\/06\/94509-326x500-261x400.jpg 261w, https:\/\/rusoch.fr\/files\/2017\/06\/94509-326x500.jpg 326w\" sizes=\"(max-width: 247px) 100vw, 247px\" \/><\/a><p id=\"caption-attachment-210416\" class=\"wp-caption-text\">Anonyme, d&#39;apr\u00e8s Godfrey Kneller M\u00e9daillon avec le portrait de Pierre Ier Vers 1715 Peinture sur email Paris, mus\u00e9e du Louvre d\u00e9partement des Arts graphiques &copy; RMN&nbsp;&mdash; Grand Palais (Mus\u00e9e du Louvre) \/ Martine Beck-Coppola<\/p><\/div><\/p>\n<p>L&#39;exposition se termine en apoth\u00e9ose, par le <strong>chef-d\u2019\u0153uvre de Rastrelli<\/strong>, un buste en bronze de l&#39;empereur, v\u00e9ritable joyau du monde de l&#39;art du XVIIIe si\u00e8cle.<\/p>\n<p>Commenc\u00e9 pendant la vie du Tsar, ce portrait en bronze, a r\u00e9ussi \u00e0 parfaitement retranscrire cette \u00e9norme charge, qui reposait sur ses puissantes \u00e9paules.<\/p>\n<p><iframe title=\"\u0426\u0430\u0440\u044c \u0432\u043e \u0424\u0440\u0430\u043d\u0446\u0438\u0438\" width=\"640\" height=\"360\" src=\"https:\/\/www.youtube.com\/embed\/RW5Z4sDOBmo?feature=oembed\" frameborder=\"0\" allow=\"accelerometer; autoplay; clipboard-write; encrypted-media; gyroscope; picture-in-picture\" allowfullscreen><\/iframe><\/p>\n<p><em>Versailles. Grand Trianon. Jusqu&#39;au 24 septembre 2017.<\/em><\/p>\n<p><em>Plus d&#39;information: http:\/\/www.chateauversailles.fr\/actualites\/expositions\/pierre-grand-tsar-france-17<\/em>17<\/p>\n<p><strong><em>Sur le m\u00eame sujet:<\/em><\/strong><br \/>\n<a href=\"http:\/\/rusoch.fr\/lang\/fr\/rus\/evropejskie-marshruty-petra-velikogo-1701-1717.html\">Les Itineraires Europeens De Pierre Le Grand<\/a><br \/>\n<a href=\"http:\/\/rusoch.fr\/lang\/fr\/rus\/mezhdunarodnyj-petrovskij-kongress-proshel-v-parizhe.html\">Tenue du Congr\u00e8s international p\u00e9trovien \u00e0 Paris<\/a><\/p>","protected":false},"excerpt":{"rendered":"<p>D\u00e9sol\u00e9, cet article est seulement disponible en Russe.<\/p>\n","protected":false},"author":2,"featured_media":210408,"comment_status":"open","ping_status":"open","sticky":false,"template":"","format":"standard","meta":[],"categories":[6],"tags":[137,3049,1389],"aioseo_notices":[],"_links":{"self":[{"href":"https:\/\/rusoch.fr\/fr\/wp-json\/wp\/v2\/posts\/210404"}],"collection":[{"href":"https:\/\/rusoch.fr\/fr\/wp-json\/wp\/v2\/posts"}],"about":[{"href":"https:\/\/rusoch.fr\/fr\/wp-json\/wp\/v2\/types\/post"}],"author":[{"embeddable":true,"href":"https:\/\/rusoch.fr\/fr\/wp-json\/wp\/v2\/users\/2"}],"replies":[{"embeddable":true,"href":"https:\/\/rusoch.fr\/fr\/wp-json\/wp\/v2\/comments?post=210404"}],"version-history":[{"count":1,"href":"https:\/\/rusoch.fr\/fr\/wp-json\/wp\/v2\/posts\/210404\/revisions"}],"predecessor-version":[{"id":221255,"href":"https:\/\/rusoch.fr\/fr\/wp-json\/wp\/v2\/posts\/210404\/revisions\/221255"}],"wp:featuredmedia":[{"embeddable":true,"href":"https:\/\/rusoch.fr\/fr\/wp-json\/wp\/v2\/media\/210408"}],"wp:attachment":[{"href":"https:\/\/rusoch.fr\/fr\/wp-json\/wp\/v2\/media?parent=210404"}],"wp:term":[{"taxonomy":"category","embeddable":true,"href":"https:\/\/rusoch.fr\/fr\/wp-json\/wp\/v2\/categories?post=210404"},{"taxonomy":"post_tag","embeddable":true,"href":"https:\/\/rusoch.fr\/fr\/wp-json\/wp\/v2\/tags?post=210404"}],"curies":[{"name":"wp","href":"https:\/\/api.w.org\/{rel}","templated":true}]}}