{"id":210954,"date":"2017-09-02T15:41:19","date_gmt":"2017-09-02T14:41:19","guid":{"rendered":"http:\/\/rusoch.fr\/?p=210954"},"modified":"2017-09-05T12:42:33","modified_gmt":"2017-09-05T11:42:33","slug":"gran-pale-otkryvaet-sezon","status":"publish","type":"post","link":"https:\/\/rusoch.fr\/fr\/cult\/gran-pale-otkryvaet-sezon.html","title":{"rendered":"La Biennale de Paris"},"content":{"rendered":"<p>Grand Palais&nbsp;&mdash; le plus grand espace d&#39;exposition de Paris lance sa nouvelle saison culturelle en annon\u00e7ant la Biennale de Paris des antiquaires qui se d\u00e9roule du 11 au 17 septembre sous le fameux d\u00f4me en verre.<br \/>\nLes plus prestigieuses galeries fran\u00e7aises et du monde entier viendront \u00e0 Paris pour exposer des objets exceptionnels.<\/p>\n<p>&nbsp;<\/p>\n<p><!--more--><\/p>\n<p><a href=\"http:\/\/rusoch.fr\/files\/2017\/09\/Capture-d-e-cran-2017-08-09-a-11.56.00.png\"><img loading=\"lazy\" class=\"alignnone size-large wp-image-210971\" src=\"http:\/\/rusoch.fr\/files\/2017\/09\/Capture-d-e-cran-2017-08-09-a-11.56.00-275x400.png\" alt=\"\" width=\"275\" height=\"400\" srcset=\"https:\/\/rusoch.fr\/files\/2017\/09\/Capture-d-e-cran-2017-08-09-a-11.56.00-275x400.png 275w, https:\/\/rusoch.fr\/files\/2017\/09\/Capture-d-e-cran-2017-08-09-a-11.56.00-260x379.png 260w, https:\/\/rusoch.fr\/files\/2017\/09\/Capture-d-e-cran-2017-08-09-a-11.56.00.png 499w\" sizes=\"(max-width: 275px) 100vw, 275px\" \/><\/a><\/p>\n<p>Les organisateurs de l&#39;\u00e9v\u00e9nement, qui ont s\u00e9lectionn\u00e9 95 participants, sont s\u00fbrs que la Biennale de Paris est le plus beau mus\u00e9e \u00e9ph\u00e9m\u00e8re du monde, dans lequel des chefs-d&#39;\u0153uvre exceptionnels reposent dans une atmosph\u00e8re sp\u00e9cialement con\u00e7ue pour transporter les visiteurs vers le fascinant monde de la beaut\u00e9.<\/p>\n<p>Parmi les \u00e9l\u00e9ments remarquables de cette \u00e9dition 2017:<\/p>\n<p><strong>Le grand concurrent de David<\/strong><\/p>\n<p>Rival de David \u00e0 qui il ravit le prix de Rome en 1771, Joseph-Beno\u00eet Suv\u00e9e devint peintre du Roi sous Louis XVI et re\u00e7ut de nombreuses commandes prestigieuses. La galerie <strong>Jacques Leegenhoeck<\/strong> pr\u00e9sentera cette esquisse, qui pr\u00e9pare un des tableaux les plus c\u00e9l\u00e8bres de Suv\u00e9e, expos\u00e9e lors de sa premi\u00e8re participation au Salon parisien en 1779\u00a0: <em>La Naissance<\/em><em> de la Vierge. Cette \u0153uvre, actuellement conserv\u00e9e dans l\u2019\u00e9glise parisienne de l\u2019Assomption de la rue Saint-Honor\u00e9, fut admir\u00e9e par les visiteurs du Salon et lui valut d\u2019\u00eatre agr\u00e9\u00e9e \u00e0 l\u2019Acad\u00e9mie royale. En 2017, le travail pr\u00e9paratoire de ce chef-d\u2019\u0153uvre pourra \u00e0 son tour \u00eatre contempl\u00e9 \u00e0 La Biennale Paris.<\/em><\/p>\n<p><div id=\"attachment_210956\" style=\"width: 543px\" class=\"wp-caption alignnone\"><a href=\"http:\/\/rusoch.fr\/files\/2017\/09\/unnamed.png\"><img aria-describedby=\"caption-attachment-210956\" loading=\"lazy\" class=\"wp-image-210956 size-full\" src=\"http:\/\/rusoch.fr\/files\/2017\/09\/unnamed.png\" alt=\"\" width=\"533\" height=\"394\" srcset=\"https:\/\/rusoch.fr\/files\/2017\/09\/unnamed.png 533w, https:\/\/rusoch.fr\/files\/2017\/09\/unnamed-513x379.png 513w\" sizes=\"(max-width: 533px) 100vw, 533px\" \/><\/a><p id=\"caption-attachment-210956\" class=\"wp-caption-text\">Joseph Beno\u00eet Suv\u00e9e (Bruges, 1743 \u2013 Rome, 1807) Esquisse pour La Naissance de la Vierge, 1779 Huile sur toile, 50,5 x 66,5 cm<\/p><\/div><\/p>\n<p><strong>Le Corbusier sculpteur <\/strong><\/p>\n<p>Pour cette nouvelle participation \u00e0\u00a0 la Biennale, <strong>la galerie Downtown<\/strong> pre\u0301sente une sce\u0301nographie spe\u0301cifique conc\u0327ue en hommage a\u0300 l\u2019\u0153uvre de Le Corbusier. Celle-ci mettra en avant une sculpture exceptionnelle du c\u00e9l\u00e8bre architecte, <em>Ozon Opus I<\/em>, re\u0301alise\u0301e en 1947 et conserve\u0301e dans la famille de son e\u0301be\u0301niste et ami Joseph Savina. En bois polychrome, monogramme\u0301 et date\u0301, cette oeuvre majeure porte le nom du village pyre\u0301ne\u0301en : Ozon, ou\u0300 Le Corbusier s\u2019e\u0301tait replie\u0301 en 1940. Elle sera entour\u00e9e de pie\u0300ces importantes de Charlotte Perriand, Jean Prouve\u0301 et Pierre Jeanneret. Des pie\u0300ces contemporaines seront \u00e9galement expos\u00e9es, telle une sculpture d\u2019Ettore Sottsass (1917&mdash;2007) ou des luminaires de Serge Mouille (1922&mdash;1988).<\/p>\n<p><div id=\"attachment_210958\" style=\"width: 285px\" class=\"wp-caption alignnone\"><a href=\"http:\/\/rusoch.fr\/files\/2017\/09\/unnamed1.png\"><img aria-describedby=\"caption-attachment-210958\" loading=\"lazy\" class=\"wp-image-210958 size-large\" src=\"http:\/\/rusoch.fr\/files\/2017\/09\/unnamed1-275x400.png\" alt=\"\" width=\"275\" height=\"400\" srcset=\"https:\/\/rusoch.fr\/files\/2017\/09\/unnamed1-275x400.png 275w, https:\/\/rusoch.fr\/files\/2017\/09\/unnamed1-261x379.png 261w, https:\/\/rusoch.fr\/files\/2017\/09\/unnamed1.png 367w\" sizes=\"(max-width: 275px) 100vw, 275px\" \/><\/a><p id=\"caption-attachment-210958\" class=\"wp-caption-text\">Charles-Edouard Jeanneret dit Le Corbusier (1887&mdash;1965), Ozon Opus I, 1947 \u00a9 Marie-Cle\u0301rin _ Galerie Downtown-Franc\u0327ois Laffanour<\/p><\/div><\/p>\n<p>&nbsp;<\/p>\n<p><strong>Deux bustes impressionnants de r\u00e9alisme<\/strong><\/p>\n<p>Le traitement r\u00e9aliste des visages et l\u2019aspect d\u00e9coratif des deux \u0153uvres permettent d\u2019attribuer ces bustes, qui seront pr\u00e9sent\u00e9s par <strong>la galerie Sismann<\/strong>, \u00e0 Orazio Marinali (1643&mdash;1720). Ce dernier est le chef de file de la sculpture d\u00e9corative v\u00e9nitienne qui d\u00e9terminera l\u2019\u00e9volution de la sculpture \u00e0 Venise au XVIIIe si\u00e8cle. Ces deux bustes constituent un v\u00e9ritable tour de force sculptural par leur \u00e9tonnante expressivit\u00e9 et la ma\u00eetrise technique. Remarquables par la richesse des d\u00e9tails ornementaux, par l\u2019expressivit\u00e9 des visages ainsi que par le contraste soutenu entre zones d\u2019ombre et de lumi\u00e8re, ils pr\u00e9sentent un travail de la surface en <em>schiacciato<\/em>, une technique qui produit une illusion d&#39;optique par l\u2019emploi de raccourcis perspectifs successifs. \u00c0 l\u2019instar du marbre, il alterne l\u2019illusion de diff\u00e9rentes mati\u00e8res : pierres pr\u00e9cieuses, perles, m\u00e9tal, soie, cuir et organismes v\u00e9g\u00e9taux et animaux\u2026<\/p>\n<p><div id=\"attachment_210961\" style=\"width: 578px\" class=\"wp-caption alignnone\"><a href=\"http:\/\/rusoch.fr\/files\/2017\/09\/unnamed3.png\"><img aria-describedby=\"caption-attachment-210961\" loading=\"lazy\" class=\"wp-image-210961 size-full\" src=\"http:\/\/rusoch.fr\/files\/2017\/09\/unnamed3.png\" alt=\"\" width=\"568\" height=\"362\" \/><\/a><p id=\"caption-attachment-210961\" class=\"wp-caption-text\">Orazio Marinali (1643&mdash;1720), Paire de Bustes all\u00e9goriques. Pierre calcaire, Venise, Vers 1700, H. 60cm ; L. 57 cm H. 52 cm ; L. 50 cm \u00a9 J\u00e9r\u00e9mie Beylard<\/p><\/div><\/p>\n<p>&nbsp;<\/p>\n<p><strong>Un collier en hommage \u00e0 l\u2019imp\u00e9ratrice Eug\u00e9nie<\/strong><\/p>\n<p>Ce splendide collier en forme de plume, compos\u00e9 de diamants, de titane et d\u2019une magnifique tourmaline Para\u00edba en son centre de 57,21 carats, sera pr\u00e9sent\u00e9 par la <strong>maison Moussaieff. <\/strong>C\u2019est un hommage \u00e0 l\u2019imp\u00e9ratrice Eug\u00e9nie, la femme de Louis-Napol\u00e9on Bonaparte III. Il pr\u00e9sente \u00e0 la fois un aspect moderne et fantaisiste ainsi qu\u2019une lumi\u00e8re tr\u00e8s vive. La tourmaline Para\u00edba apporte un charme imp\u00e9rissable, une saturation profonde qui rappelle l\u2019\u00e9clat du ciel et de la mer.<\/p>\n<p><div id=\"attachment_210960\" style=\"width: 273px\" class=\"wp-caption alignnone\"><a href=\"http:\/\/rusoch.fr\/files\/2017\/09\/Eugenie.jpg\"><img aria-describedby=\"caption-attachment-210960\" loading=\"lazy\" class=\"wp-image-210960 size-full\" src=\"http:\/\/rusoch.fr\/files\/2017\/09\/Eugenie.jpg\" alt=\"\" width=\"263\" height=\"301\" \/><\/a><p id=\"caption-attachment-210960\" class=\"wp-caption-text\">Collier en forme de plume en titane et diamants avec une tourmaline Para\u00edba de 57,21 carats et un diamant rose en forme de poire de 3,29 carats \u00a9 Moussaieff jewellers<\/p><\/div><\/p>\n<p>&nbsp;<\/p>\n<p><em>Plus d&#39;information sur le site https:\/\/www.biennale-paris.com\/<\/em><\/p>","protected":false},"excerpt":{"rendered":"<p>D\u00e9sol\u00e9, cet article est seulement disponible en Russe.<\/p>\n","protected":false},"author":2,"featured_media":210965,"comment_status":"open","ping_status":"open","sticky":false,"template":"","format":"standard","meta":[],"categories":[5],"tags":[2416,3082],"aioseo_notices":[],"_links":{"self":[{"href":"https:\/\/rusoch.fr\/fr\/wp-json\/wp\/v2\/posts\/210954"}],"collection":[{"href":"https:\/\/rusoch.fr\/fr\/wp-json\/wp\/v2\/posts"}],"about":[{"href":"https:\/\/rusoch.fr\/fr\/wp-json\/wp\/v2\/types\/post"}],"author":[{"embeddable":true,"href":"https:\/\/rusoch.fr\/fr\/wp-json\/wp\/v2\/users\/2"}],"replies":[{"embeddable":true,"href":"https:\/\/rusoch.fr\/fr\/wp-json\/wp\/v2\/comments?post=210954"}],"version-history":[{"count":0,"href":"https:\/\/rusoch.fr\/fr\/wp-json\/wp\/v2\/posts\/210954\/revisions"}],"wp:featuredmedia":[{"embeddable":true,"href":"https:\/\/rusoch.fr\/fr\/wp-json\/wp\/v2\/media\/210965"}],"wp:attachment":[{"href":"https:\/\/rusoch.fr\/fr\/wp-json\/wp\/v2\/media?parent=210954"}],"wp:term":[{"taxonomy":"category","embeddable":true,"href":"https:\/\/rusoch.fr\/fr\/wp-json\/wp\/v2\/categories?post=210954"},{"taxonomy":"post_tag","embeddable":true,"href":"https:\/\/rusoch.fr\/fr\/wp-json\/wp\/v2\/tags?post=210954"}],"curies":[{"name":"wp","href":"https:\/\/api.w.org\/{rel}","templated":true}]}}