{"id":210984,"date":"2017-09-03T09:43:49","date_gmt":"2017-09-03T08:43:49","guid":{"rendered":"http:\/\/rusoch.fr\/?p=210984"},"modified":"2017-10-02T08:23:52","modified_gmt":"2017-10-02T07:23:52","slug":"frantsiya-pomnit-beslan","status":"publish","type":"post","link":"https:\/\/rusoch.fr\/fr\/mond\/frantsiya-pomnit-beslan.html","title":{"rendered":"La France se souvient de Beslan"},"content":{"rendered":"<p>Le 2 septembre 2017, \u00e0 Paris au Centre spirituel et culturel russe quai Branly sur l\u2019invitation des associations de soutiens des enfants victimes du terrorisme a \u00e9t\u00e9 organis\u00e9e une manifestation en m\u00e9moire des victimes de la prise d&#39;otages de Beslan (le 1er septembre 2004) et des victimes du terrorisme en g\u00e9n\u00e9ral.<\/p>\n<p><em>\u00ab L\u2019Observateur russe\"<\/em> \u00e9tait pr\u00e9sent dans la salle.<!--more--><\/p>\n<p><a href=\"http:\/\/rusoch.fr\/files\/2017\/09\/IMG_5141.jpg\"><img loading=\"lazy\" class=\"alignnone size-large wp-image-210988\" src=\"http:\/\/rusoch.fr\/files\/2017\/09\/IMG_5141-484x400.jpg\" alt=\"\" width=\"484\" height=\"400\" srcset=\"https:\/\/rusoch.fr\/files\/2017\/09\/IMG_5141-484x400.jpg 484w, https:\/\/rusoch.fr\/files\/2017\/09\/IMG_5141-458x379.jpg 458w, https:\/\/rusoch.fr\/files\/2017\/09\/IMG_5141-768x635.jpg 768w, https:\/\/rusoch.fr\/files\/2017\/09\/IMG_5141-600x496.jpg 600w\" sizes=\"(max-width: 484px) 100vw, 484px\" \/><\/a><\/p>\n<p>\u00abAttaques \u00e0 Beslan et dans les pays europ\u00e9ens&nbsp;&mdash; le terrorisme au m\u00eame visage\u00bb&nbsp;&mdash; tel \u00e9tait le th\u00e8me de la journ\u00e9e.<\/p>\n<p><a href=\"http:\/\/rusoch.fr\/files\/2017\/09\/IMG_5155.jpg\"><img loading=\"lazy\" class=\"alignnone size-large wp-image-211010\" src=\"http:\/\/rusoch.fr\/files\/2017\/09\/IMG_5155-600x318.jpg\" alt=\"\" width=\"600\" height=\"318\" srcset=\"https:\/\/rusoch.fr\/files\/2017\/09\/IMG_5155-600x318.jpg 600w, https:\/\/rusoch.fr\/files\/2017\/09\/IMG_5155-596x316.jpg 596w, https:\/\/rusoch.fr\/files\/2017\/09\/IMG_5155-768x407.jpg 768w, https:\/\/rusoch.fr\/files\/2017\/09\/IMG_5155.jpg 1000w\" sizes=\"(max-width: 600px) 100vw, 600px\" \/><\/a><\/p>\n<p><a href=\"http:\/\/rusoch.fr\/files\/2017\/09\/IMG_5166.jpg\"><img loading=\"lazy\" class=\"alignnone size-large wp-image-211011\" src=\"http:\/\/rusoch.fr\/files\/2017\/09\/IMG_5166-600x400.jpg\" alt=\"\" width=\"600\" height=\"400\" srcset=\"https:\/\/rusoch.fr\/files\/2017\/09\/IMG_5166-600x400.jpg 600w, https:\/\/rusoch.fr\/files\/2017\/09\/IMG_5166-568x379.jpg 568w, https:\/\/rusoch.fr\/files\/2017\/09\/IMG_5166-768x512.jpg 768w, https:\/\/rusoch.fr\/files\/2017\/09\/IMG_5166.jpg 1000w\" sizes=\"(max-width: 600px) 100vw, 600px\" \/><\/a><\/p>\n<p>&nbsp;<\/p>\n<p>Un film en fran\u00e7ais sur les \u00e9v\u00e9nements tragiques \u00e0 Beslan a \u00e9t\u00e9 projet\u00e9 lors des comm\u00e9morations.<\/p>\n<div id=\"metaslider-id-210773\" style=\"max-width: 600px;\" class=\"ml-slider-3-20-2 metaslider metaslider-responsive metaslider-210773 ml-slider\">\n    <div id=\"metaslider_container_210773\">\n        <ul id='metaslider_210773' class='rslides'>\n            <li><img src=\"https:\/\/rusoch.fr\/files\/2017\/09\/IMG_5151-1-600x300.jpg\" height=\"300\" width=\"600\" alt=\"\" class=\"slider-210773 slide-210991\" \/><div class=\"caption-wrap\"><div class=\"caption\">\u0411\u0435\u0441\u043b\u0430\u043d<\/div><\/div><\/li>\n            <li style='display: none;'><img src=\"https:\/\/rusoch.fr\/files\/2017\/09\/IMG_5148-600x300.jpg\" height=\"300\" width=\"600\" alt=\"\" class=\"slider-210773 slide-210993\" \/><\/li>\n            <li style='display: none;'><img src=\"https:\/\/rusoch.fr\/files\/2017\/09\/IMG_5143-600x300.jpg\" height=\"300\" width=\"600\" alt=\"\" class=\"slider-210773 slide-210995\" \/><\/li>\n        <\/ul>\n        \n    <\/div>\n<\/div>\n<p>Les associations europ\u00e9ennes <strong>\u00abSolidarit\u00e9 enfants de Beslan\u00bb<\/strong> (France) et <strong>\u00abAidez les enfants\u00bb<\/strong> (<a href=\"http:\/\/www.aasib.org\/\">Aiutateci a Salvare i Bambini<\/a> Italie) ont contribu\u00e9 \u00e0 l\u2019organisation de la Journ\u00e9e de m\u00e9moire.<\/p>\n<p>Un office des morts pour les victimes du terrorisme a \u00e9t\u00e9 c\u00e9l\u00e9br\u00e9 dans la cath\u00e9drale de la Sainte-Trinit\u00e9.<\/p>\n<div id=\"metaslider-id-210999\" style=\"max-width: 600px;\" class=\"ml-slider-3-20-2 metaslider metaslider-responsive metaslider-210999 ml-slider\">\n    <div id=\"metaslider_container_210999\">\n        <ul id='metaslider_210999' class='rslides'>\n            <li><img src=\"https:\/\/rusoch.fr\/files\/2017\/09\/IMG_5198-600x300.jpg\" height=\"300\" width=\"600\" alt=\"\" class=\"slider-210999 slide-211001\" \/><div class=\"caption-wrap\"><div class=\"caption\">\u041f\u0430\u043d\u0438\u0445\u0438\u0434\u0430<\/div><\/div><\/li>\n            <li style='display: none;'><img src=\"https:\/\/rusoch.fr\/files\/2017\/09\/IMG_5206-600x300.jpg\" height=\"300\" width=\"600\" alt=\"\" class=\"slider-210999 slide-211003\" \/><\/li>\n            <li style='display: none;'><img src=\"https:\/\/rusoch.fr\/files\/2017\/09\/IMG_5218-600x300.jpg\" height=\"300\" width=\"600\" alt=\"\" class=\"slider-210999 slide-211005\" \/><\/li>\n            <li style='display: none;'><img src=\"https:\/\/rusoch.fr\/files\/2017\/09\/IMG_5221-600x300.jpg\" height=\"300\" width=\"600\" alt=\"\" class=\"slider-210999 slide-211007\" \/><\/li>\n            <li style='display: none;'><img src=\"https:\/\/rusoch.fr\/files\/2017\/09\/IMG_5186-600x300.jpg\" height=\"300\" width=\"600\" alt=\"\" class=\"slider-210999 slide-211009\" \/><\/li>\n        <\/ul>\n        \n    <\/div>\n<\/div>\n<p>&nbsp;<\/p>\n<p><em>Toute l&#39;information est sur le site http:\/\/www.solidarite-enfantsdebeslan.com\/<\/em><\/p>","protected":false},"excerpt":{"rendered":"<p>D\u00e9sol\u00e9, cet article est seulement disponible en Russe.<\/p>\n","protected":false},"author":2,"featured_media":210985,"comment_status":"open","ping_status":"open","sticky":false,"template":"","format":"standard","meta":[],"categories":[8],"tags":[1555,2076,3088],"aioseo_notices":[],"_links":{"self":[{"href":"https:\/\/rusoch.fr\/fr\/wp-json\/wp\/v2\/posts\/210984"}],"collection":[{"href":"https:\/\/rusoch.fr\/fr\/wp-json\/wp\/v2\/posts"}],"about":[{"href":"https:\/\/rusoch.fr\/fr\/wp-json\/wp\/v2\/types\/post"}],"author":[{"embeddable":true,"href":"https:\/\/rusoch.fr\/fr\/wp-json\/wp\/v2\/users\/2"}],"replies":[{"embeddable":true,"href":"https:\/\/rusoch.fr\/fr\/wp-json\/wp\/v2\/comments?post=210984"}],"version-history":[{"count":0,"href":"https:\/\/rusoch.fr\/fr\/wp-json\/wp\/v2\/posts\/210984\/revisions"}],"wp:featuredmedia":[{"embeddable":true,"href":"https:\/\/rusoch.fr\/fr\/wp-json\/wp\/v2\/media\/210985"}],"wp:attachment":[{"href":"https:\/\/rusoch.fr\/fr\/wp-json\/wp\/v2\/media?parent=210984"}],"wp:term":[{"taxonomy":"category","embeddable":true,"href":"https:\/\/rusoch.fr\/fr\/wp-json\/wp\/v2\/categories?post=210984"},{"taxonomy":"post_tag","embeddable":true,"href":"https:\/\/rusoch.fr\/fr\/wp-json\/wp\/v2\/tags?post=210984"}],"curies":[{"name":"wp","href":"https:\/\/api.w.org\/{rel}","templated":true}]}}