{"id":211057,"date":"2017-09-07T14:19:53","date_gmt":"2017-09-07T13:19:53","guid":{"rendered":"http:\/\/rusoch.fr\/?p=211057"},"modified":"2017-09-08T09:46:38","modified_gmt":"2017-09-08T08:46:38","slug":"francais-v-chest-20-letiya-druzhby-gorodov-pobratimov-sankt-peterburga-i-nitstsy","status":"publish","type":"post","link":"https:\/\/rusoch.fr\/fr\/cult\/francais-v-chest-20-letiya-druzhby-gorodov-pobratimov-sankt-peterburga-i-nitstsy.html","title":{"rendered":"Dans le cadre du 20\u00e8me anniversaire du jumelage Nice \u2013 Saint-P\u00e9tersbourg"},"content":{"rendered":"<p><strong>Concert de l\u2019Orchestre \u00ab Symphonie du Nord \u00bb de Saint-P\u00e9tersbourg<\/strong><\/p>\n<p>Dimanche 10 septembre 2017 \u00e0 20 heures, l\u2019Op\u00e9ra Nice C\u00f4te d\u2019Azur accueille l\u2019Orchestre \u00ab Symphonie du Nord \u00bb de Saint-P\u00e9tersbourg, dirig\u00e9 par le maestro Fabio Mastrangelo.<\/p>\n<p><!--more--><\/p>\n<p><a href=\"http:\/\/rusoch.fr\/files\/2017\/09\/Nice.png\"><img loading=\"lazy\" class=\"alignnone size-large wp-image-211058\" src=\"http:\/\/rusoch.fr\/files\/2017\/09\/Nice-600x297.png\" alt=\"\" width=\"600\" height=\"297\" srcset=\"https:\/\/rusoch.fr\/files\/2017\/09\/Nice-600x297.png 600w, https:\/\/rusoch.fr\/files\/2017\/09\/Nice-596x295.png 596w, https:\/\/rusoch.fr\/files\/2017\/09\/Nice-768x380.png 768w, https:\/\/rusoch.fr\/files\/2017\/09\/Nice.png 946w\" sizes=\"(max-width: 600px) 100vw, 600px\" \/><\/a><\/p>\n<p>Ce maestro d\u2019origine italienne fut \u00e9l\u00e8ve du chef d\u2019orchestre Alexandre Kantorov, r\u00e9guli\u00e8rement invit\u00e9 \u00e0 Nice dans le cadre de la tourn\u00e9e du Festival Tcha\u00efkovski. Il pr\u00e9sentera un programme enti\u00e8rement d\u00e9di\u00e9 aux compositeurs russes, dont Igor Stravinsky, Piotr Tcha\u00efkovski, Sergue\u00ef Rachmaninov, Mikha\u00efl Glinka, Alexandre Borodine, Nikola\u00ef Rimsky-Korsakov et Sergue\u00ef Prokofiev.<\/p>\n<p>En r\u00e9ciprocit\u00e9, le Ch\u0153ur de l\u2019Op\u00e9ra de Nice s\u2019\u00e9tait illustr\u00e9 avec talent pour la premi\u00e8re fois en Russie, les 20 et 22 juillet derniers lors du Festival \u00ab Op\u00e9ra pour Tous \u00bb \u00e0 Saint-P\u00e9tersbourg.<\/p>\n<p>Pour sa 6\u00e8me \u00e9dition, le Festival s\u2019est internationalis\u00e9 en faisant la part belle au Ch\u0153ur de l\u2019Op\u00e9ra de Nice, invit\u00e9 dans le cadre du XX\u00e8me anniversaire du jumelage avec Nice, repr\u00e9sent\u00e9 par Andr\u00e9 Chauvet, Conseiller Municipal d\u00e9l\u00e9gu\u00e9 \u00e0 l\u2019Op\u00e9ra et \u00e0 la Musique.<\/p>\n<p>Les 35 artistes du Ch\u0153ur, sous la baguette du Giulio Magnanini, ont r\u00e9alis\u00e9 une prestation tr\u00e8s remarqu\u00e9e lors d\u2019un r\u00e9cital de musique sacr\u00e9e au programme riche et complexe (F. Poulenc, A. Caplet\u2026), dans l\u2019\u00e9glise anglicane tout r\u00e9cemment r\u00e9nov\u00e9e, sur les bords de la Neva.<\/p>\n<p>Le Ch\u0153ur de l\u2019Op\u00e9ra de Nice s\u2019est \u00e9galement illustr\u00e9 \u00e0 l\u2019occasion de la cl\u00f4ture du Festival r\u00e9unissant pr\u00e8s de 7000 personnes dans les jardins du Palais de Catherine \u00e0 Tsarskoe Selo, o\u00f9 il a accompagn\u00e9 l\u2019Orchestre \u00ab Symphonie du Nord \u00bb de Saint-P\u00e9tersbourg pour un formidable \u00ab Carmen \u00bb de Bizet.<\/p>\n<p><em>Concert de l\u2019Orchestre \u00ab\u00a0Symphonie du Nord\u00a0\u00bb de Saint-P\u00e9tersbourg<br \/>\n<\/em><em>Dimanche 10 septembre 2017 \u00e0 20 heures, Op\u00e9ra Nice C\u00f4te d\u2019Azur, 4-6 Rue Saint-Fran\u00e7ois de Paule \u2013 Nice<br \/>\n<\/em><em>Le spectacle est gratuit.<\/em><\/p>\n<p>&nbsp;<\/p>","protected":false},"excerpt":{"rendered":"<p>D\u00e9sol\u00e9, cet article est seulement disponible en Russe.<\/p>\n","protected":false},"author":2,"featured_media":211058,"comment_status":"open","ping_status":"open","sticky":false,"template":"","format":"standard","meta":[],"categories":[5],"tags":[],"aioseo_notices":[],"_links":{"self":[{"href":"https:\/\/rusoch.fr\/fr\/wp-json\/wp\/v2\/posts\/211057"}],"collection":[{"href":"https:\/\/rusoch.fr\/fr\/wp-json\/wp\/v2\/posts"}],"about":[{"href":"https:\/\/rusoch.fr\/fr\/wp-json\/wp\/v2\/types\/post"}],"author":[{"embeddable":true,"href":"https:\/\/rusoch.fr\/fr\/wp-json\/wp\/v2\/users\/2"}],"replies":[{"embeddable":true,"href":"https:\/\/rusoch.fr\/fr\/wp-json\/wp\/v2\/comments?post=211057"}],"version-history":[{"count":0,"href":"https:\/\/rusoch.fr\/fr\/wp-json\/wp\/v2\/posts\/211057\/revisions"}],"wp:featuredmedia":[{"embeddable":true,"href":"https:\/\/rusoch.fr\/fr\/wp-json\/wp\/v2\/media\/211058"}],"wp:attachment":[{"href":"https:\/\/rusoch.fr\/fr\/wp-json\/wp\/v2\/media?parent=211057"}],"wp:term":[{"taxonomy":"category","embeddable":true,"href":"https:\/\/rusoch.fr\/fr\/wp-json\/wp\/v2\/categories?post=211057"},{"taxonomy":"post_tag","embeddable":true,"href":"https:\/\/rusoch.fr\/fr\/wp-json\/wp\/v2\/tags?post=211057"}],"curies":[{"name":"wp","href":"https:\/\/api.w.org\/{rel}","templated":true}]}}