{"id":211098,"date":"2017-09-12T10:29:42","date_gmt":"2017-09-12T09:29:42","guid":{"rendered":"http:\/\/rusoch.fr\/?p=211098"},"modified":"2017-09-20T19:46:31","modified_gmt":"2017-09-20T18:46:31","slug":"francais-osen-prezidenta-100-dnej-pravleniya-emmanuelya-makrona","status":"publish","type":"post","link":"https:\/\/rusoch.fr\/fr\/politique\/francais-osen-prezidenta-100-dnej-pravleniya-emmanuelya-makrona.html","title":{"rendered":"\u00ab L\u2019automne du pr\u00e9sident&nbsp;&mdash; les 100 jours de r\u00e8gne d\u2019Emmanuel Macron \u00bb"},"content":{"rendered":"<p>\u00c7a y est, le mois de septembre est l\u00e0. A la veille de l\u2019automne, le pr\u00e9sident fran\u00e7ais Emmanuel Macron termine les 100 premiers jours de son mandat. <!--more--><\/p>\n<p><div id=\"attachment_211099\" style=\"width: 610px\" class=\"wp-caption alignnone\"><a href=\"http:\/\/rusoch.fr\/files\/2017\/09\/Macron.jpg\"><img aria-describedby=\"caption-attachment-211099\" loading=\"lazy\" class=\"wp-image-211099 size-large\" src=\"http:\/\/rusoch.fr\/files\/2017\/09\/Macron-600x297.jpg\" alt=\"\" width=\"600\" height=\"297\" srcset=\"https:\/\/rusoch.fr\/files\/2017\/09\/Macron-600x297.jpg 600w, https:\/\/rusoch.fr\/files\/2017\/09\/Macron-596x295.jpg 596w, https:\/\/rusoch.fr\/files\/2017\/09\/Macron-768x380.jpg 768w, https:\/\/rusoch.fr\/files\/2017\/09\/Macron.jpg 1022w\" sizes=\"(max-width: 600px) 100vw, 600px\" \/><\/a><p id=\"caption-attachment-211099\" class=\"wp-caption-text\">Photo: flickr.com<\/p><\/div><\/p>\n<p>Il est venu le temps de s\u2019int\u00e9resser \u00e0 la cote de popularit\u00e9 du chef de l\u2019Etat. Et la cote de popularit\u00e9 du nouveau pr\u00e9sident fran\u00e7ais chute inexorablement. Elle atteignait initialement 60 voire 70%, mais maintenant chute, chute et chute, et ce beaucoup plus rapidement et tangiblement que, par exemple, celle de Nicolas Sarkozy ou m\u00eame de Fran\u00e7ois Hollande apr\u00e8s leurs 100 premiers jours de pr\u00e9sidence.<\/p>\n<p>Aujourd\u2019hui, seul 36% de la population approuve l\u2019action du nouveau locataire de l\u2019Elys\u00e9e, indique France 3.<\/p>\n<p>Les premi\u00e8res mesures de la pr\u00e9sidence Macron, hausse du montant de la contribution sociale g\u00e9n\u00e9ralis\u00e9e (CSG), crise autour de la formation du budget des arm\u00e9es, r\u00e9duction de l\u2019aide \u00e9tatique au logement et au lieu de travail, ont provoqu\u00e9 la d\u00e9sapprobation d\u2019une partie significative des Fran\u00e7ais.<\/p>\n<p>Les gens se plaignent \u00e0 la fois du retard inacceptable de l\u2019aide de l\u2019Etat ainsi que de l\u2019insuffisance des mesures de polices contre les pilleurs \u00e0 la suite du terrible ouragan qui a touch\u00e9 dans les Antilles les petites \u00eeles de Saint-Martin et Saint-Barth\u00e9l\u00e9my, o\u00f9 le pr\u00e9sident fran\u00e7ais s\u2019est rendu apr\u00e8s sa visite en Gr\u00e8ce.<\/p>\n<p>Ajoutons \u00e0 ce m\u00e9contentement populaire d\u2019autres raisons, y compris le d\u00e9sir de pouvoir de Macron.<\/p>\n<p><strong>La politique \u00e9conomique de Macron<\/strong><\/p>\n<p>L\u2019aide financi\u00e8re de l\u2019Etat en faveur de la population pauvre et sans activit\u00e9 semble \u00eatre, pour Macron, une sorte de pierre d\u2019achoppement. Apr\u00e8s l\u2019\u00e9trange r\u00e9duction de 5 (!) euros de l\u2019aide personnalis\u00e9e au logement (APL), le pr\u00e9sident s\u2019est adress\u00e9 \u00e0 tous les propri\u00e9taires de France, les encourageant \u00e0 \u2026 diminuer les loyers mensuels de 5 petits euros. Dans une interview accord\u00e9e \u00e0 l\u2019hebdomadaire <em>Le Point<\/em>, Macron affirme que cela ne se limitera pas \u00e0 ces 5 euros, mais s\u2019inscrit dans une transformation profonde du secteur locatif, pr\u00e9tendument en faveur des locataires.<\/p>\n<p>Le nouveau pr\u00e9sident fran\u00e7ais est accus\u00e9 de taper sur les classes moyennes et les populations inactives, c\u2019est-\u00e0-dire les retrait\u00e9s et les rentiers. La population active paie des cotisations sociales. Mais aujourd&#39;hui le gouvernement estime que la cotisation sociale commune ne doit pas \u00eatre commune uniquement sur le papier. Quelqu\u2019un a pens\u00e9 que, m\u00eame si tu es retrait\u00e9, mais relativement ais\u00e9, c\u2019est-\u00e0-dire poss\u00e9dant une retraite sup\u00e9rieure ou \u00e9gale \u00e0 2000 euros, tu dois continuer d\u2019apporter ta contribution.<\/p>\n<p>Le pr\u00e9sident Macron a de bonnes intentions. Il souhaite mettre fin au d\u00e9ficit public, r\u00e9duire le haut taux de ch\u00f4mage en France (il est aujourd&#39;hui l\u00e9g\u00e8rement inf\u00e9rieur \u00e0 10%) et relancer une \u00e9conomie qui doit imp\u00e9rativement red\u00e9marrer.<\/p>\n<p>Emmanuel Macron est convaincu qu\u2019il r\u00e9ussira l\u00e0 o\u00f9 ses pr\u00e9d\u00e9cesseurs ont \u00e9chou\u00e9. A la fin du mois d\u2019ao\u00fbt, le pr\u00e9sident fran\u00e7ais a rendu public le projet de r\u00e9forme du march\u00e9 du travail duquel d\u00e9pendra probablement le destin de sa pr\u00e9sidence. Le plus important est n\u00e9anmoins que Macron a annonc\u00e9 qu\u2019il diminuera les cotisations sociales des travailleurs pour augmenter le niveau de vie de ces derniers.<\/p>\n<p><strong>L\u2019\u00e8re du \u00ab\u00a0macronisme\u00a0\u00bb<\/strong><\/p>\n<p>Une situation in\u00e9dite sous la Ve R\u00e9publique d\u00e9coule de ces \u00e9lections: il n\u2019y a \u00e0 l\u2019Assembl\u00e9e ni de droite ni de gauche traditionnelle. Emmanuel Macron, devenu pr\u00e9sident du fait qu\u2019il repr\u00e9sentait la seule alternative \u00e0 Marine Le Pen, montre \u00e0 tous qu\u2019il n\u2019est ni de droite ni de gauche.<\/p>\n<p>Ce faisant, le vieux syst\u00e8me part en fum\u00e9e, mais, \u00e0 ce jour, personne ne connait le programme de Macron et des \u00ab\u00a0marcheurs\u00a0\u00bb, ainsi que se pr\u00e9nomment les oisillons du nid macroniste.<\/p>\n<p>Et qui sont ces oisillons? D\u2019o\u00f9 viennent-ils et vers o\u00f9 marchent-ils? Ils repr\u00e9sentent principalement la classe moyenne, des sp\u00e9cialistes dipl\u00f4m\u00e9s dans diff\u00e9rents domaines. *<\/p>\n<p>Lors de la sa r\u00e9cente visite en Gr\u00e8ce, le pr\u00e9sident a d\u00e9clar\u00e9: \u00ab\u00a0Il y a beaucoup de jeunes autour de moi, oui, et de dipl\u00f4m\u00e9s. J&#39;assume. Napol\u00e9on aussi s\u2019\u00e9tait entour\u00e9 de jeunes mar\u00e9chaux, et ce n\u2019\u00e9taient pas des paysans\u2026\u00a0\u00bb<\/p>\n<p>Macron reproche aux Fran\u00e7ais d\u2019avoir peur des r\u00e9formes. Durant sa visite en Gr\u00e8ce en septembre, le \u00ab\u00a0serviteur du peuple fran\u00e7ais\u00a0\u00bb a d\u00e9nonc\u00e9 le fait qu\u2019il soit emp\u00each\u00e9 de gouverner \u00ab\u00a0son\u00a0\u00bb pays, par les fain\u00e9ants, les cyniques et les extr\u00e9mistes.<\/p>\n<p>Il faut ajouter qu\u2019en r\u00e9duisant les pr\u00e9rogatives du Conseil des Prud\u2019hommes, qui sert \u00e0 la r\u00e9solution de conflits entre patrons et salari\u00e9s lors de la rupture d\u2019un contrat de travail, Macron montre qu\u2019il s\u2019appr\u00eate \u00e0 surtout simplifier la vie des patrons: comme ils pourront licencier plus facilement leurs salari\u00e9s, ils seront plus enclins \u00e0 embaucher.<\/p>\n<p>Alors, restons positifs.<\/p>\n<p>&nbsp;<\/p>","protected":false},"excerpt":{"rendered":"<p>D\u00e9sol\u00e9, cet article est seulement disponible en Russe.<\/p>\n","protected":false},"author":2,"featured_media":211099,"comment_status":"open","ping_status":"open","sticky":false,"template":"","format":"standard","meta":[],"categories":[4],"tags":[],"aioseo_notices":[],"_links":{"self":[{"href":"https:\/\/rusoch.fr\/fr\/wp-json\/wp\/v2\/posts\/211098"}],"collection":[{"href":"https:\/\/rusoch.fr\/fr\/wp-json\/wp\/v2\/posts"}],"about":[{"href":"https:\/\/rusoch.fr\/fr\/wp-json\/wp\/v2\/types\/post"}],"author":[{"embeddable":true,"href":"https:\/\/rusoch.fr\/fr\/wp-json\/wp\/v2\/users\/2"}],"replies":[{"embeddable":true,"href":"https:\/\/rusoch.fr\/fr\/wp-json\/wp\/v2\/comments?post=211098"}],"version-history":[{"count":0,"href":"https:\/\/rusoch.fr\/fr\/wp-json\/wp\/v2\/posts\/211098\/revisions"}],"wp:featuredmedia":[{"embeddable":true,"href":"https:\/\/rusoch.fr\/fr\/wp-json\/wp\/v2\/media\/211099"}],"wp:attachment":[{"href":"https:\/\/rusoch.fr\/fr\/wp-json\/wp\/v2\/media?parent=211098"}],"wp:term":[{"taxonomy":"category","embeddable":true,"href":"https:\/\/rusoch.fr\/fr\/wp-json\/wp\/v2\/categories?post=211098"},{"taxonomy":"post_tag","embeddable":true,"href":"https:\/\/rusoch.fr\/fr\/wp-json\/wp\/v2\/tags?post=211098"}],"curies":[{"name":"wp","href":"https:\/\/api.w.org\/{rel}","templated":true}]}}