{"id":211633,"date":"2017-10-18T00:55:55","date_gmt":"2017-10-17T23:55:55","guid":{"rendered":"http:\/\/rusoch.fr\/?p=211633"},"modified":"2017-10-20T20:38:56","modified_gmt":"2017-10-20T19:38:56","slug":"istoriya-bez-kupyur","status":"publish","type":"post","link":"https:\/\/rusoch.fr\/fr\/temoin\/istoriya-bez-kupyur.html","title":{"rendered":"Histoire sans coupure"},"content":{"rendered":"<p><strong>L\u2019exposition pr\u00e9sente des unes de journaux dat\u00e9s de l\u2019ann\u00e9e 1917 provenant de la collection de Sergey Vengerov.<\/strong><\/p>\n<p>En compl\u00e9ment de cette collection de journaux et de magazines, l\u2019exposition inclut des documents, photographies et correspondances qui fournissent des donn\u00e9es importantes sur la R\u00e9volution et la Premi\u00e8re Guerre mondiale, en particulier sur l\u2019alliance franco-russe.<\/p>\n<p><!--more--><\/p>\n<p><a href=\"http:\/\/rusoch.fr\/files\/2017\/10\/Capture-d-e-cran-2017-10-17-a-07.13.19.png\"><img loading=\"lazy\" class=\"alignnone size-large wp-image-211634\" src=\"http:\/\/rusoch.fr\/files\/2017\/10\/Capture-d-e-cran-2017-10-17-a-07.13.19-596x400.png\" alt=\"\" width=\"596\" height=\"400\" srcset=\"https:\/\/rusoch.fr\/files\/2017\/10\/Capture-d-e-cran-2017-10-17-a-07.13.19-596x400.png 596w, https:\/\/rusoch.fr\/files\/2017\/10\/Capture-d-e-cran-2017-10-17-a-07.13.19-564x379.png 564w, https:\/\/rusoch.fr\/files\/2017\/10\/Capture-d-e-cran-2017-10-17-a-07.13.19-768x516.png 768w, https:\/\/rusoch.fr\/files\/2017\/10\/Capture-d-e-cran-2017-10-17-a-07.13.19-600x403.png 600w, https:\/\/rusoch.fr\/files\/2017\/10\/Capture-d-e-cran-2017-10-17-a-07.13.19.png 1261w\" sizes=\"(max-width: 596px) 100vw, 596px\" \/><\/a><\/p>\n<p>L\u2019exposition \u00ab\u00a01917. Histoire sans coupure\u00a0\u00bb s\u2019inscrit dans un projet plus large nomm\u00e9 \u00ab\u00a0Bibliochronique\u00a0\u00bb, men\u00e9 par Alexei et Sergey Vengerov.<\/p>\n<p>Depuis le commencement de ce projet en 2000, quatorze tomes consacr\u00e9s \u00e0 diff\u00e9rents journaux, principalement parus en Russie, ont d\u00e9j\u00e0 \u00e9t\u00e9 publi\u00e9s.<\/p>\n<p><iframe width=\"640\" height=\"360\" src=\"https:\/\/www.youtube.com\/embed\/8Xo8sb0f0yo?feature=oembed\" frameborder=\"0\" allowfullscreen><\/iframe><\/p>\n<p>L\u2019exposition \u00ab\u00a01917. Histoire sans coupure\u00a0\u00bb est ouverte au public du 17 octobre au 12 novembre 2017 au Centre spirituel et culturel orthodoxe russe situ\u00e9 au 1, quai Branly, 75007 Paris, France.<\/p>\n<p><u>Horaires<\/u>:<\/p>\n<p><em>du mardi au vendredi: 14h-19h<\/em><br \/>\n<em>le samedi et le dimanche: 10h-13h et 14h-19h<\/em><br \/>\n<em>ferm\u00e9 le lundi<\/em><br \/>\n<em>Entr\u00e9e libre<\/em><\/p>","protected":false},"excerpt":{"rendered":"<p>D\u00e9sol\u00e9, cet article est seulement disponible en Russe.<\/p>\n","protected":false},"author":2,"featured_media":211635,"comment_status":"open","ping_status":"open","sticky":false,"template":"","format":"standard","meta":[],"categories":[1899],"tags":[],"aioseo_notices":[],"_links":{"self":[{"href":"https:\/\/rusoch.fr\/fr\/wp-json\/wp\/v2\/posts\/211633"}],"collection":[{"href":"https:\/\/rusoch.fr\/fr\/wp-json\/wp\/v2\/posts"}],"about":[{"href":"https:\/\/rusoch.fr\/fr\/wp-json\/wp\/v2\/types\/post"}],"author":[{"embeddable":true,"href":"https:\/\/rusoch.fr\/fr\/wp-json\/wp\/v2\/users\/2"}],"replies":[{"embeddable":true,"href":"https:\/\/rusoch.fr\/fr\/wp-json\/wp\/v2\/comments?post=211633"}],"version-history":[{"count":0,"href":"https:\/\/rusoch.fr\/fr\/wp-json\/wp\/v2\/posts\/211633\/revisions"}],"wp:featuredmedia":[{"embeddable":true,"href":"https:\/\/rusoch.fr\/fr\/wp-json\/wp\/v2\/media\/211635"}],"wp:attachment":[{"href":"https:\/\/rusoch.fr\/fr\/wp-json\/wp\/v2\/media?parent=211633"}],"wp:term":[{"taxonomy":"category","embeddable":true,"href":"https:\/\/rusoch.fr\/fr\/wp-json\/wp\/v2\/categories?post=211633"},{"taxonomy":"post_tag","embeddable":true,"href":"https:\/\/rusoch.fr\/fr\/wp-json\/wp\/v2\/tags?post=211633"}],"curies":[{"name":"wp","href":"https:\/\/api.w.org\/{rel}","templated":true}]}}