{"id":211707,"date":"2017-10-29T00:18:39","date_gmt":"2017-10-28T23:18:39","guid":{"rendered":"http:\/\/rusoch.fr\/?p=211707"},"modified":"2021-01-20T19:05:54","modified_gmt":"2021-01-20T18:05:54","slug":"zabytye-flamandtsy","status":"publish","type":"post","link":"https:\/\/rusoch.fr\/fr\/opinions\/zabytye-flamandtsy.html","title":{"rendered":"Les Flamands oubli\u00e9s"},"content":{"rendered":"<p><strong>L&#39;exposition \u00ab\u00a0Fran\u00e7ois Ier et l&#39;art des Pays-Bas\u00a0\u00bb au Louvre.<\/strong><\/p>\n<p>Ce n&#39;est pas tant qu&#39;ils sont oubli\u00e9s mais que la m\u00e9moire historique a effac\u00e9 leur origine.<\/p>\n<p>Demandez, m\u00eame \u00e0 un amateur de peinture, d&#39;o\u00f9 vient le peintre Jean Clouet\u00a0? Il vous r\u00e9pondra sans aucun doute qu&#39;il est Fran\u00e7ais.<\/p>\n<p><!--more--><\/p>\n<p><div id=\"attachment_211708\" style=\"width: 319px\" class=\"wp-caption alignnone\"><a href=\"http:\/\/rusoch.fr\/files\/2017\/10\/7_Jean-Clouet-Fran-ois-Ier-roi-de-France.jpg\"><img aria-describedby=\"caption-attachment-211708\" loading=\"lazy\" class=\"wp-image-211708 size-large\" src=\"http:\/\/rusoch.fr\/files\/2017\/10\/7_Jean-Clouet-Fran-ois-Ier-roi-de-France-309x400.jpg\" alt=\"\" width=\"309\" height=\"400\" srcset=\"https:\/\/rusoch.fr\/files\/2017\/10\/7_Jean-Clouet-Fran-ois-Ier-roi-de-France-309x400.jpg 309w, https:\/\/rusoch.fr\/files\/2017\/10\/7_Jean-Clouet-Fran-ois-Ier-roi-de-France-293x379.jpg 293w, https:\/\/rusoch.fr\/files\/2017\/10\/7_Jean-Clouet-Fran-ois-Ier-roi-de-France-768x993.jpg 768w, https:\/\/rusoch.fr\/files\/2017\/10\/7_Jean-Clouet-Fran-ois-Ier-roi-de-France-600x776.jpg 600w, https:\/\/rusoch.fr\/files\/2017\/10\/7_Jean-Clouet-Fran-ois-Ier-roi-de-France.jpg 1000w\" sizes=\"(max-width: 309px) 100vw, 309px\" \/><\/a><p id=\"caption-attachment-211708\" class=\"wp-caption-text\">Jean Clouet, Fran\u00e7ois Ier, roi de France, d\u00e9partement des peintures, mus\u00e9e du Louvre \u00a9 RMN&nbsp;&mdash; Grand Palais (Mus\u00e9e du Louvre) _Michel Urtado<\/p><\/div><\/p>\n<p>Il est arriv\u00e9 la m\u00eame histoire \u00e0 Corneille de La Haye, devenu Corneille de Lyon. Les conservateurs du Louvre estiment qu&#39;\u00e0 leur \u00e9poque, ils n&#39;\u00e9taient pas Fran\u00e7ais et qu&#39;on les consid\u00e9rait justement comme Hollandais ou Flamands.<\/p>\n<p>D&#39;un autre c\u00f4t\u00e9, quel \u00e9tait le territoire fran\u00e7ais \u00e0 cette \u00e9poque et o\u00f9 se trouvaient ses fronti\u00e8res\u00a0? Les Pays-Bas incluaient alors la Belgique, le Luxembourg et m\u00eame des territoires aujourd&#39;hui fran\u00e7ais, notamment Arras, Valenciennes, Verdun, Metz, Bourg-en-Bresse, sans parler de Strasbourg.<\/p>\n<p>&nbsp;<\/p>\n<p><strong>Qu&#39;est-ce qui a inspir\u00e9 les conservateurs du Louvre pour l&#39;exposition des Flamands oubli\u00e9s\u00a0? <\/strong><\/p>\n<p>Les travaux de restauration du mus\u00e9e sont une des raisons. Ces derni\u00e8res ann\u00e9es, 140 salles du Louvre ont \u00e9t\u00e9 restaur\u00e9es et 1500 \u0153uvres d&#39;art examin\u00e9es en vue de leur conservation. Au cours de ce travail il est apparu que les peintres de l&#39;\u00e9poque de Fran\u00e7ois Ier venus du Nord \u00e9taient aussi importants que les invit\u00e9s italiens.<\/p>\n<p>Les commissaires de l&#39;exposition voulaient souligner que la France n&#39;est pas accueillante uniquement en ce qui concerne L\u00e9onard de Vinci et Andrea del Sarto (ce dernier f\u00fbt aussi invit\u00e9 par Fran\u00e7ois Ier mais retourna vite \u00e0 Florence).<\/p>\n<p>La France, dont l\u2019accueil s&#39;exprimait \u00e0 tous les niveaux, des actes de l&#39;Etat \u00e0 l&#39;opinion publique au sens large, \u00e9tait un pays d&#39;asile. Qui venait en France apportait avec lui son exp\u00e9rience et enrichissait ainsi ce pays.<\/p>\n<p><div id=\"attachment_211710\" style=\"width: 290px\" class=\"wp-caption alignnone\"><a href=\"http:\/\/rusoch.fr\/files\/2017\/10\/14_Joos-Van-Cleve-Lucr-ce.jpg\"><img aria-describedby=\"caption-attachment-211710\" loading=\"lazy\" class=\"wp-image-211710 size-large\" src=\"http:\/\/rusoch.fr\/files\/2017\/10\/14_Joos-Van-Cleve-Lucr-ce-280x400.jpg\" alt=\"\" width=\"280\" height=\"400\" srcset=\"https:\/\/rusoch.fr\/files\/2017\/10\/14_Joos-Van-Cleve-Lucr-ce-280x400.jpg 280w, https:\/\/rusoch.fr\/files\/2017\/10\/14_Joos-Van-Cleve-Lucr-ce-266x379.jpg 266w, https:\/\/rusoch.fr\/files\/2017\/10\/14_Joos-Van-Cleve-Lucr-ce-768x1096.jpg 768w, https:\/\/rusoch.fr\/files\/2017\/10\/14_Joos-Van-Cleve-Lucr-ce-600x856.jpg 600w, https:\/\/rusoch.fr\/files\/2017\/10\/14_Joos-Van-Cleve-Lucr-ce.jpg 1000w\" sizes=\"(max-width: 280px) 100vw, 280px\" \/><\/a><p id=\"caption-attachment-211710\" class=\"wp-caption-text\">Joos Van Cleve, Lucr\u00e8ce \u00a9 Erich Lessing, Vienne<\/p><\/div><\/p>\n<p>\u00ab\u00a0Comme s&#39;il avait fallu toute la finesse du go\u00fbt septentrional, toute sa spiritualit\u00e9, tout son sens du concert pour contrebalancer le prestige et le brio antiquisant et imp\u00e9rial de l&#39;Italie\u00a0\u00bb&nbsp;&mdash; a \u00e9crit dans le catalogue de l\u2019exposition S\u00e9bastien Allard, directeur du d\u00e9partement des Peintures.<\/p>\n<p>Quoi qu&#39;il en soit, ces Hollandais, arriv\u00e9s un jour en France, transform\u00e9s en Fran\u00e7ais, semblent maintenant redevenir Hollandais.<\/p>\n<p>Une explosion artistique s&#39;est produite au d\u00e9but du XVIe si\u00e8cle aux Pays-Bas, plus pr\u00e9cis\u00e9ment \u00e0 Anvers\u00a0; la ville est devenue le centre de gravit\u00e9 et de diffusion des nouvelles modes en peinture, sculpture et vitraux.<\/p>\n<p><div id=\"attachment_211711\" style=\"width: 357px\" class=\"wp-caption alignnone\"><a href=\"http:\/\/rusoch.fr\/files\/2017\/10\/18_Corneille-de-Lyon-Portrait-de-Pierre-Aymeric.jpg\"><img aria-describedby=\"caption-attachment-211711\" loading=\"lazy\" class=\"wp-image-211711 size-large\" src=\"http:\/\/rusoch.fr\/files\/2017\/10\/18_Corneille-de-Lyon-Portrait-de-Pierre-Aymeric-347x400.jpg\" alt=\"\" width=\"347\" height=\"400\" srcset=\"https:\/\/rusoch.fr\/files\/2017\/10\/18_Corneille-de-Lyon-Portrait-de-Pierre-Aymeric-347x400.jpg 347w, https:\/\/rusoch.fr\/files\/2017\/10\/18_Corneille-de-Lyon-Portrait-de-Pierre-Aymeric-328x379.jpg 328w, https:\/\/rusoch.fr\/files\/2017\/10\/18_Corneille-de-Lyon-Portrait-de-Pierre-Aymeric-768x886.jpg 768w, https:\/\/rusoch.fr\/files\/2017\/10\/18_Corneille-de-Lyon-Portrait-de-Pierre-Aymeric-600x692.jpg 600w, https:\/\/rusoch.fr\/files\/2017\/10\/18_Corneille-de-Lyon-Portrait-de-Pierre-Aymeric.jpg 1000w\" sizes=\"(max-width: 347px) 100vw, 347px\" \/><\/a><p id=\"caption-attachment-211711\" class=\"wp-caption-text\">Corneille de Lyon, Portrait de Pierre Aymeric \u00a9 RMN-Grand Palais (mus\u00e9e du Louvre) St\u00e9phane Mar\u00e9challe<\/p><\/div><\/p>\n<p>&nbsp;<\/p>\n<p><strong>Jean Clouet, figure centrale de l&#39;exposition <\/strong><\/p>\n<p>Natif de Valenciennes, et donc par cons\u00e9quent, \u00e0 l&#39;\u00e9poque, non Fran\u00e7ais, il mourut, selon les termes m\u00eames du roi, \u00ab\u00a0non natif de notre royaume\u00a0\u00bb. Ce faisant, il poss\u00e9dait le statut de portraitiste officiel de Fran\u00e7ois Ier.<\/p>\n<p>Jean Clouet diffusa en France le genre du m\u00e9daillon. Il r\u00e9alisa des portraits miniatures de toutes les collaborateurs du roi ayant pris part \u00e0 la c\u00e9l\u00e8bre bataille de Marignan. Malheureusement, il signait rarement ses toiles, et on ne lui reconna\u00eet ainsi aujourd&#39;hui avec assurance que douze tableaux.<\/p>\n<p>Au palais royal, Jean Clouet rencontra L\u00e9onard de Vinci et \u00e9tudia ses travaux. Les experts consid\u00e8rent que les dessins de Clouet portent la marque d&#39;une analyse en profondeur des techniques du g\u00e9nie italien.<\/p>\n<p><strong>Les Ma\u00eetres d&#39;Amiens<\/strong><\/p>\n<p>A cette \u00e9poque, tous les peintres ne laissaient pas leurs initiales dans un coin de leur toile. Les conservateurs des mus\u00e9es doivent ainsi souvent se contenter de quelques attributions telles que \u00ab\u00a0Ma\u00eetre d&#39;Amiens\u00a0\u00bb.<\/p>\n<p>Aussi, Amiens, ou plus exactement ses ma\u00eetres, \u00e9taient-ils \u00e0 la mode au d\u00e9but du XVIe si\u00e8cle. La France, tout comme les autres pays proches, achetaient fr\u00e9n\u00e9tiquement des autels d&#39;Anvers pour les cath\u00e9drales et les \u00e9glises. On peut admirer aujourd&#39;hui ces \u0153uvres au Louvre ou encore, outre-Atlantique, au mus\u00e9e de Philadelphie.<\/p>\n<p>Les vitraux ont aussi \u00e9t\u00e9 touch\u00e9s par cette participation anonyme. On a r\u00e9ussi, gr\u00e2ce aux miniatures conserv\u00e9es dans d&#39;anciens manuscrits, \u00e0 faire des parall\u00e8les et \u00e0 attribuer que ces vitrages ont \u00e9t\u00e9 r\u00e9alis\u00e9s \u00e0 partir des cartons de No\u00ebl Bellemare. Ce nom a \u00e9t\u00e9 une r\u00e9elle d\u00e9couverte de ces trente derni\u00e8res ann\u00e9es. On peut voir, \u00e0 proximit\u00e9 du Louvre, dans l&#39;\u00e9glise Saint-Germain-l&#39;Auxerrois des vitraux r\u00e9alis\u00e9s selon ses esquisses.<\/p>\n<p>Une \u00e9quipe v\u00e9ritablement internationale (Fran\u00e7ais, Italiens et Flamands) a travaill\u00e9 \u00e0 la construction du ch\u00e2teau de Fontainebleau si cher au c\u0153ur du roi. Pour la d\u00e9coration des salles, Fran\u00e7ois Ier f\u00eet venir des Pays-Bas des tapis bruxellois, brod\u00e9s de fils d&#39;ors et d&#39;argents, de la vaisselle, des chandeliers et divers ornements en m\u00e9taux pr\u00e9cieux.<\/p>\n<p>Presque rien n&#39;est parvenu jusqu&#39;\u00e0 nous. Durant la R\u00e9volution, ces objets ont \u00e9t\u00e9 br\u00fbl\u00e9s afin d&#39;en extraire l&#39;or et l&#39;argent.<\/p>\n<p>Il ne reste de ces chefs-d\u2019\u0153uvre que des inscriptions dans divers ouvrages.<\/p>\n<p>&nbsp;<\/p>\n<p><em>Mus\u00e9e du Louvre<\/em><br \/>\n<em>\u00ab\u00a0Fran\u00e7ois Ier et l&#39;art des Pays-Bas\u00a0\u00bb<\/em><br \/>\n<em>Jusqu&#39;au 15 janvier 2018<\/em><\/p>","protected":false},"excerpt":{"rendered":"<p>D\u00e9sol\u00e9, cet article est seulement disponible en Russe.<\/p>\n","protected":false},"author":2,"featured_media":211709,"comment_status":"open","ping_status":"open","sticky":false,"template":"","format":"standard","meta":[],"categories":[3063],"tags":[30,1436,3398],"aioseo_notices":[],"_links":{"self":[{"href":"https:\/\/rusoch.fr\/fr\/wp-json\/wp\/v2\/posts\/211707"}],"collection":[{"href":"https:\/\/rusoch.fr\/fr\/wp-json\/wp\/v2\/posts"}],"about":[{"href":"https:\/\/rusoch.fr\/fr\/wp-json\/wp\/v2\/types\/post"}],"author":[{"embeddable":true,"href":"https:\/\/rusoch.fr\/fr\/wp-json\/wp\/v2\/users\/2"}],"replies":[{"embeddable":true,"href":"https:\/\/rusoch.fr\/fr\/wp-json\/wp\/v2\/comments?post=211707"}],"version-history":[{"count":1,"href":"https:\/\/rusoch.fr\/fr\/wp-json\/wp\/v2\/posts\/211707\/revisions"}],"predecessor-version":[{"id":221258,"href":"https:\/\/rusoch.fr\/fr\/wp-json\/wp\/v2\/posts\/211707\/revisions\/221258"}],"wp:featuredmedia":[{"embeddable":true,"href":"https:\/\/rusoch.fr\/fr\/wp-json\/wp\/v2\/media\/211709"}],"wp:attachment":[{"href":"https:\/\/rusoch.fr\/fr\/wp-json\/wp\/v2\/media?parent=211707"}],"wp:term":[{"taxonomy":"category","embeddable":true,"href":"https:\/\/rusoch.fr\/fr\/wp-json\/wp\/v2\/categories?post=211707"},{"taxonomy":"post_tag","embeddable":true,"href":"https:\/\/rusoch.fr\/fr\/wp-json\/wp\/v2\/tags?post=211707"}],"curies":[{"name":"wp","href":"https:\/\/api.w.org\/{rel}","templated":true}]}}