{"id":211993,"date":"2017-11-14T00:44:45","date_gmt":"2017-11-13T23:44:45","guid":{"rendered":"http:\/\/rusoch.fr\/?p=211993"},"modified":"2017-11-14T13:40:13","modified_gmt":"2017-11-14T12:40:13","slug":"ulichnye-molitvy-chto-esli-my-vse-budem-delat-chto-nam-vzdumaetsya","status":"publish","type":"post","link":"https:\/\/rusoch.fr\/fr\/opinions\/ulichnye-molitvy-chto-esli-my-vse-budem-delat-chto-nam-vzdumaetsya.html","title":{"rendered":"Pri\u00e8res de rue\u00a0: et si on faisait tout ce qu\u2019on a envie dans les rues\u00a0?"},"content":{"rendered":"<p><strong>Le 10 novembre, une centaine d\u2019\u00e9lus a manifest\u00e9 \u00e0 Clichy contre les pri\u00e8res de rue musulmane. Un fait rare qui se produit en France et qui nous pousse \u00e0 r\u00e9fl\u00e9chir \u00e0 la libert\u00e9 du culte en France et \u00e0 la libert\u00e9 tout court.<\/strong><!--more--><\/p>\n<p><div id=\"attachment_211994\" style=\"width: 650px\" class=\"wp-caption alignnone\"><a href=\"http:\/\/rusoch.fr\/files\/2017\/11\/clichy-prieres-de-rue-012d43-0-1x.jpeg\"><img aria-describedby=\"caption-attachment-211994\" loading=\"lazy\" class=\"wp-image-211994 size-full\" src=\"http:\/\/rusoch.fr\/files\/2017\/11\/clichy-prieres-de-rue-012d43-0-1x.jpeg\" alt=\"\" width=\"640\" height=\"360\" srcset=\"https:\/\/rusoch.fr\/files\/2017\/11\/clichy-prieres-de-rue-012d43-0-1x.jpeg 640w, https:\/\/rusoch.fr\/files\/2017\/11\/clichy-prieres-de-rue-012d43-0-1x-596x335.jpeg 596w, https:\/\/rusoch.fr\/files\/2017\/11\/clichy-prieres-de-rue-012d43-0-1x-600x338.jpeg 600w\" sizes=\"(max-width: 640px) 100vw, 640px\" \/><\/a><p id=\"caption-attachment-211994\" class=\"wp-caption-text\">Capture d&#39;\u00e9cran LCI<\/p><\/div><\/p>\n<p>Depuis huit\u00a0mois, tous les vendredis, plusieurs dizaines, voire des centaines de fid\u00e8les musulmans font une pri\u00e8re de rue en face de la mairie de Clichy, \u00e0 Clichy-la-Garenne, dans les Hauts-de-Seine.<\/p>\n<p>En cause, le 22 mars, la police a \u00e9vacu\u00e9 la salle de pri\u00e8re d&#39;Estienne d&#39;Orves qui accueillait quotidiennement entre 3\u00a0000 et 5\u00a0000 fid\u00e8les. Cette salle avait \u00e9t\u00e9 am\u00e9nag\u00e9e sous la pr\u00e9c\u00e9dente municipalit\u00e9 PS et lou\u00e9e sous un &laquo;bail pr\u00e9caire&raquo; \u00e0 l&#39;Union des associations musulmanes de Clichy (UAMC), qui voulait la racheter. Mais une fois le bail venu \u00e0 son terme, le nouveau maire R\u00e9mi Muzeau (LR), \u00e9lu en 2015, avait d\u00e9cid\u00e9 de transformer le lieu de culte en m\u00e9diath\u00e8que.<\/p>\n<p>Les fid\u00e8les musulmans ne se sont pas retrouv\u00e9s pour autant \u00e0 la rue. En effet, en compensation, R\u00e9mi Muzeau avait inaugur\u00e9 un nouveau lieu de pri\u00e8re dans sa ville, \u00e0 1,5 km de l\u00e0. H\u00e9las, l&#39;UAMC a estim\u00e9 que cette nouvelle mosqu\u00e9e de 2\u00a0000m\u00b2 des Trois-Pavillons est trop excentr\u00e9e, mal desservie par les transports en commun et trop exigu\u00eb. Pour montrer leur m\u00e9contentement, ils ont d\u00e9cid\u00e9 de faire la pri\u00e8re dans la rue, sous les fen\u00eatres du bureau de l\u2019\u00e9dile, jusqu\u2019\u00e0 avoir un lieu de culte d\u00e9finitif et correspondant \u00e0 leurs exigences.<\/p>\n<p>Exc\u00e9d\u00e9, et apr\u00e8s avoir \u00e9crit au minist\u00e8re de l&#39;Int\u00e9rieur et \u00e0 la pr\u00e9fecture, en vain, R\u00e9mi Muzeau a d\u00e9cid\u00e9 de faire une action coup-de-poing : une manifestation avec tous les \u00e9lus qui le veulent. Ainsi, le 10 novembre dernier, la France a assist\u00e9 \u00e0 une sc\u00e8ne peu commune. A la mi-journ\u00e9e, une centaine d&#39;\u00e9lus du Conseil municipal, des villes voisines et du Conseil r\u00e9gional, \u00e9charpes tricolores autour du cou, d\u00e9filaient et chantaient la Marseillaise alors qu\u2019en face, des musulmans \u00e9taient en train de prier sur le trottoir.<\/p>\n<p>&laquo;Nous sommes dans un pays o\u00f9 l\u2019on ne prie pas dans la rue. Les r\u00e8gles de droit sont bafou\u00e9es&raquo;, avait d\u00e9clar\u00e9 Val\u00e9rie P\u00e9cresse, pr\u00e9sidente de l&#39;\u00cele-de-France, \u00e9galement pr\u00e9sente lors de la manifestation. D&#39;apr\u00e8s Th\u00e9o Maneval, journaliste \u00e0 Europe 1 pr\u00e9sent sur place, les \u00e9lus, R\u00e9mi Muzeau en t\u00eate, ont fini par bousculer les personnes en train de prier, afin de les d\u00e9loger physiquement de la rue.<\/p>\n<blockquote class=\"twitter-tweet\" data-lang=\"fr\">\n<p dir=\"ltr\" lang=\"fr\"><a href=\"https:\/\/twitter.com\/hashtag\/Clichy?src=hash&amp;ref_src=twsrc%5Etfw\">#Clichy<\/a> Sc\u00e8ne hallucinante : aucun dialogue, mais des \u00e9lus qui chantent la Marseillaise en m\u00eame temps que la pri\u00e8re d\u00e9bute. Deux groupes face \u00e0 face, mais qui ne se parlent pas.<a href=\"https:\/\/twitter.com\/hashtag\/E1midi?src=hash&amp;ref_src=twsrc%5Etfw\">#E1midi<\/a> <a href=\"https:\/\/t.co\/2tKXTj73lA\">pic.twitter.com\/2tKXTj73lA<\/a><\/p>\n<p>\u2014 Th\u00e9o Maneval (@TheoManeval) <a href=\"https:\/\/twitter.com\/TheoManeval\/status\/928958253890985984?ref_src=twsrc%5Etfw\">10 novembre 2017<\/a><\/p>\n<\/blockquote>\n<p><script async src=\"https:\/\/platform.twitter.com\/widgets.js\" charset=\"utf-8\"><\/script><\/p>\n<p><strong>&laquo;La libert\u00e9 des uns s&#39;arr\u00eate l\u00e0 o\u00f9 commence celle des autres&raquo;<\/strong><\/p>\n<p>&laquo;La libert\u00e9 des uns s&#39;arr\u00eate l\u00e0 o\u00f9 commence celle des autres&raquo;. Cette phrase d\u2019un anarchiste russe, Mikha\u00efl Bakounine, semble correspondre \u00e0 ce qui s\u2019est pass\u00e9 \u00e0 Clichy.<\/p>\n<p>En effet, sur BFMTV, les musulmans se sont montr\u00e9s m\u00e9contents par la manifestation des \u00e9lus. Ils estiment ne pas perturber l\u2019ordre public, se disent Fran\u00e7ais et font appel \u00e0 la devise fran\u00e7aise \u00e9crite notamment sur les mairies\u00a0: \u00ab\u00a0Libert\u00e9, Egalit\u00e9, Fraternit\u00e9\u00a0\u00bb.<\/p>\n<p>Tout d\u2019abord, il est difficile de croire que les pri\u00e8res dans les rues passantes, avec des micros, ne perturbent pas l\u2019ordre public<strong>. <\/strong>Puis, ce n\u2019est pas leurs origines qui sont remises en cause, donc l\u2019argument \u00ab\u00a0nous sommes Fran\u00e7ais\u00a0\u00bb n\u2019a pas lieu d\u2019\u00eatre. In fine, en parlant de la devise de la France, n\u2019oublient-ils pas la la\u00efcit\u00e9\u00a0?<\/p>\n<p>D\u2019ailleurs, c\u2019est avec ce m\u00eame argument que le Conseil d&#39;Etat a interdit l\u2019installation de cr\u00e8ches de No\u00ebl dans des H\u00f4tels de ville, comme \u00e0 B\u00e9ziers par exemple, ou encore a ordonn\u00e9 la suppression de la croix au-dessus d\u2019une statue de Jean-Paul II offerte par l&#39;artiste russe Zurab Tseerteli \u00e0 Plo\u00ebrmel (Morbihan). D\u2019ailleurs, c\u2019est assez absurde d\u2019enlever une croix sur cette statue en s\u2019appuyant sur la la\u00efcit\u00e9 et garder la statue elle-m\u00eame qui repr\u00e9sente un Saint\u00a0! En effet, l\u2019ancien pape a \u00e9t\u00e9 canonis\u00e9 en 2014. Mais c\u2019est d\u00e9j\u00e0 un autre sujet.<\/p>\n<p>Pour revenir aux pri\u00e8res de rues. Les musulmans de Clichy brandissent notamment, comme on l\u2019a d\u00e9j\u00e0 indiqu\u00e9 plus haut, l\u2019argument de la devise fran\u00e7aise. Dans celle-ci figure le mot libert\u00e9. Or, la libert\u00e9 a des limites.<\/p>\n<p>&laquo;La libert\u00e9 des uns s&#39;arr\u00eate l\u00e0 o\u00f9 commence celle des autres&raquo;. En priant dans la rue, les musulmans de Clichy enfreignent donc la libert\u00e9 des autres qu\u2019ils soient ath\u00e9istes ou croyants. Si les commerces ne peuvent pas fonctionner normalement et que les Clichois ne peuvent pas circuler librement dans leur ville, comme le t\u00e9moigne sur France 2 le maire de Clichy, alors ils sont priv\u00e9s de leur libert\u00e9. Dans ce cas, ce sont m\u00eame les principes de la d\u00e9mocratie qui sont bafou\u00e9s.<\/p>\n<p>In fine, une question se pose. Ces pri\u00e8res de rues ne sont-elles pas des provocations, voire du pros\u00e9lytisme\u00a0? Comme l\u2019indique M. Nicolas Cad\u00e8ne, rapporteur g\u00e9n\u00e9ral de l\u2019Observatoire de la la\u00efcit\u00e9, dans son interview \u00e0 RMC et Num\u00e9ro 23 en juin 2017, \u00ab\u00a0en droit, le pros\u00e9lytisme ce n\u2019est pas le signe, c\u2019est le comportement\u00a0\u00bb.\u00a0 Dans ce cas de figure, ce comportement pose-t-il probl\u00e8me\u00a0?<\/p>\n<p>&nbsp;<\/p>\n<p><strong>\u00ab\u00a0Les constitutions des pays et les droits de l&#39;homme ne peuvent pas rivaliser avec les id\u00e9aux religieux\u00a0\u00bb\u00a0<\/strong><\/p>\n<p>Par exemple, en Espagne, o\u00f9 apr\u00e8s le r\u00e9gime de Franco d&#39;autres religions et confessions, \u00e0 l&#39;exception du catholicisme, ont commenc\u00e9 \u00e0 recevoir un statut officiel (mais pas des droits \u00e9gaux, puisque l&#39;\u00c9glise catholique a un concordat avec l&#39;\u00c9tat espagnol), des orthodoxes, qui sont en minorit\u00e9, comme les musulmans en France, cherchent parfois pendant plusieurs ann\u00e9es des lieux de culte.<\/p>\n<blockquote>\n<p>Il y a trois ans, dans la ville de Saint-S\u00e9bastien, la communaut\u00e9 russe orthodoxe s&#39;est vue proposer de se d\u00e9placer du centre-ville vers la p\u00e9riph\u00e9rie, plus pr\u00e9cis\u00e9ment dans la banlieue d&#39;Errenteria. La situation est similaire \u00e0 celle des musulmans de Clichy, mais les orthodoxes n&#39;ont pas d\u00e9cid\u00e9 de faire la messe devant la mairie de la ville. Pourquoi ?<\/p>\n<\/blockquote>\n<p>Nous avons pos\u00e9 la question \u00e0 l&#39;archipr\u00eatre<strong> Georges Ashkov<\/strong>, recteur de cette communaut\u00e9. \u00ab\u00a0Tout simplement parce que nous respectons les lois et la culture du pays qui nous a adopt\u00e9. Nos croyants s&#39;int\u00e8grent dans la soci\u00e9t\u00e9, apprennent les langues. A Saint S\u00e9bastien, on ne parle pas uniquement l&#39;espagnol mais aussi le basque. Nous pr\u00e9servons soigneusement nos traditions et en m\u00eame temps respectons les traditions locales, surtout religieuses \u00bb, r\u00e9pond P\u00e8re Georges.<\/p>\n<p>En m\u00eame temps, le pr\u00eatre se dit surpris par l\u2019attitude contradictoire des autorit\u00e9s fran\u00e7aises : \u00ab Les maires protestent contre les pri\u00e8res musulmanes dans les rues et en m\u00eame temps l\u2019Etat d\u00e9cide d\u2019enlever une croix sur un monument chr\u00e9tien. Il y a une substitution de concepts. La religion est une partie spirituelle de tous les peuples car elle forme les traditions et la culture.<\/p>\n<p>Pour rappel, le mot culture, dans les langues europ\u00e9ennes, tire ses racines du mot culte. Si vous \u00e9vincez le christianisme de la vie publique, alors une autre religion avec une autre tradition et culture diff\u00e9rente viendra \u00e0 sa place. Par exemple, dans l&#39;Union sovi\u00e9tique, toutes les religions ont \u00e9t\u00e9 pers\u00e9cut\u00e9es, et l&#39;ath\u00e9isme est devenu un pilier de la nouvelle id\u00e9ologie. Cependant, une nouvelle quasi-religion avec le culte du chef a rapidement commenc\u00e9 \u00e0 se d\u00e9velopper avec ses quasi-reliques dans le mausol\u00e9e, le \u00ab bapt\u00eame \u00bb des pionniers, des d\u00e9fil\u00e9s les jours f\u00e9ri\u00e9s avec des portraits des membres du Parti du Comit\u00e9 central&nbsp;&mdash; comme une imitation des processions de l&#39;\u00e9glise avec des ic\u00f4nes et d&#39;autres attributs.<\/p>\n<p>En d\u00e9pit du fait que les normes morales religieuses avaient et ont encore aujourd\u2019hui en partie une place dans les lois des diff\u00e9rents pays, la racine du probl\u00e8me est ailleurs.<\/p>\n<p>Les constitutions des pays et les droits de l&#39;homme ne peuvent pas rivaliser avec les id\u00e9aux religieux, ils ne peuvent pas les remplacer, car ce n\u2019est pas la m\u00eame chose. Par cons\u00e9quent, il est compl\u00e8tement incorrecte pour les Fran\u00e7ais, m\u00eame ath\u00e9es, d&#39;abandonner leur histoire, car c&#39;est un rejet de leur culture, qui s\u2019est largement constitu\u00e9e gr\u00e2ce au culte chr\u00e9tien\u00a0\u00bb.<\/p>\n<p>&nbsp;<\/p>","protected":false},"excerpt":{"rendered":"<p>D\u00e9sol\u00e9, cet article est seulement disponible en Russe.<\/p>\n","protected":false},"author":2,"featured_media":211995,"comment_status":"open","ping_status":"open","sticky":false,"template":"","format":"standard","meta":[],"categories":[3063],"tags":[],"aioseo_notices":[],"_links":{"self":[{"href":"https:\/\/rusoch.fr\/fr\/wp-json\/wp\/v2\/posts\/211993"}],"collection":[{"href":"https:\/\/rusoch.fr\/fr\/wp-json\/wp\/v2\/posts"}],"about":[{"href":"https:\/\/rusoch.fr\/fr\/wp-json\/wp\/v2\/types\/post"}],"author":[{"embeddable":true,"href":"https:\/\/rusoch.fr\/fr\/wp-json\/wp\/v2\/users\/2"}],"replies":[{"embeddable":true,"href":"https:\/\/rusoch.fr\/fr\/wp-json\/wp\/v2\/comments?post=211993"}],"version-history":[{"count":0,"href":"https:\/\/rusoch.fr\/fr\/wp-json\/wp\/v2\/posts\/211993\/revisions"}],"wp:featuredmedia":[{"embeddable":true,"href":"https:\/\/rusoch.fr\/fr\/wp-json\/wp\/v2\/media\/211995"}],"wp:attachment":[{"href":"https:\/\/rusoch.fr\/fr\/wp-json\/wp\/v2\/media?parent=211993"}],"wp:term":[{"taxonomy":"category","embeddable":true,"href":"https:\/\/rusoch.fr\/fr\/wp-json\/wp\/v2\/categories?post=211993"},{"taxonomy":"post_tag","embeddable":true,"href":"https:\/\/rusoch.fr\/fr\/wp-json\/wp\/v2\/tags?post=211993"}],"curies":[{"name":"wp","href":"https:\/\/api.w.org\/{rel}","templated":true}]}}