{"id":212180,"date":"2017-11-29T00:13:38","date_gmt":"2017-11-28T23:13:38","guid":{"rendered":"http:\/\/rusoch.fr\/?p=212180"},"modified":"2017-11-29T17:35:07","modified_gmt":"2017-11-29T16:35:07","slug":"chulpan-hamatova-i-zara-priedut-v-yunesko","status":"publish","type":"post","link":"https:\/\/rusoch.fr\/fr\/tour\/chulpan-hamatova-i-zara-priedut-v-yunesko.html","title":{"rendered":"Artistes russes \u00e0 l&#39;UNESCO"},"content":{"rendered":"<p><strong>La c\u00e9l\u00e9bration de la Journ\u00e9e internationale des personnes handicap\u00e9es \u00e0 l\u2019UNESCO sera organis\u00e9e le 4 d\u00e9cembre prochain en partenariat avec la F\u00e9d\u00e9ration de Russie.<\/strong><!--more--><\/p>\n<p><div id=\"attachment_212181\" style=\"width: 610px\" class=\"wp-caption alignnone\"><a href=\"http:\/\/rusoch.fr\/files\/2017\/11\/C-l-bration-de-la-Journ-e-des-personnes-handicap-es-red.jpg\"><img aria-describedby=\"caption-attachment-212181\" loading=\"lazy\" class=\"wp-image-212181 size-large\" src=\"http:\/\/rusoch.fr\/files\/2017\/11\/C-l-bration-de-la-Journ-e-des-personnes-handicap-es-red-600x356.jpg\" alt=\"\" width=\"600\" height=\"356\" srcset=\"https:\/\/rusoch.fr\/files\/2017\/11\/C-l-bration-de-la-Journ-e-des-personnes-handicap-es-red-600x356.jpg 600w, https:\/\/rusoch.fr\/files\/2017\/11\/C-l-bration-de-la-Journ-e-des-personnes-handicap-es-red-596x353.jpg 596w, https:\/\/rusoch.fr\/files\/2017\/11\/C-l-bration-de-la-Journ-e-des-personnes-handicap-es-red.jpg 707w\" sizes=\"(max-width: 600px) 100vw, 600px\" \/><\/a><p id=\"caption-attachment-212181\" class=\"wp-caption-text\">\u00a9 Patrick Baldwin<\/p><\/div><\/p>\n<p>L\u2019\u00e9v\u00e8nement se concentrera sur le r\u00f4le des arts inclusifs dans la cr\u00e9ation de soci\u00e9t\u00e9s durables et r\u00e9silientes, o\u00f9 les personnes handicap\u00e9es seront parfaitement int\u00e9gr\u00e9es parmi les acteurs majeurs.<\/p>\n<p><strong>Le programme inclura :<\/strong><\/p>\n<p><em>\u00e0 la salle II de la Maison de l\u2019UNESCO :<\/em><\/p>\n<p>\u00e0<strong> 15h00<\/strong>&nbsp;&mdash; une table ronde sur le r\u00f4le des arts inclusifs dans la cr\u00e9ation des de soci\u00e9t\u00e9s durables et r\u00e9silientes avec des intervenants de haut niveau, des experts et artistes internationaux, parmi lesquels <strong>Chulpan KHAMATOVA,<\/strong> c\u00e9l\u00e8bre actrice russe du cin\u00e9ma et du th\u00e9\u00e2tre, Artiste du peuple de Russie, premi\u00e8re actrice du Th\u00e9\u00e2tre acad\u00e9mique de Moscou \u00ab Sovremennik \u00bb, actrice de la repr\u00e9sentation th\u00e9\u00e2trale &laquo;In Touch&raquo; et fondatrice de la Fondation caritative &laquo;The Gift of Life&raquo; (F\u00e9d\u00e9ration de Russie) ;<\/p>\n<p>\u00e0 <strong>16h50<\/strong>&nbsp;&mdash; une performance th\u00e9\u00e2trale \u00ab In Touch \u00bb par la Compagnie du Th\u00e9\u00e2tre d\u2019Inclusion et le Th\u00e9\u00e2tre des Nations (F\u00e9d\u00e9ration de Russie), version d\u00e9velopp\u00e9e de la pi\u00e8ce initiale cr\u00e9\u00e9e par <strong>Evgueny MIRONOV<\/strong>, un des plus c\u00e9l\u00e8bres artistes de Russie, directeur artistique du Th\u00e9\u00e2tre des Nations ;<\/p>\n<p>\u00e0 17h50&nbsp;&mdash; les cours de ma\u00eetre de langue des signes et<\/p>\n<p><em>\u00e0 la salle I de la Maison de l\u2019UNESCO :<\/em><\/p>\n<p><div id=\"attachment_212185\" style=\"width: 591px\" class=\"wp-caption alignnone\"><a href=\"http:\/\/rusoch.fr\/files\/2017\/11\/Zara.jpg\"><img aria-describedby=\"caption-attachment-212185\" loading=\"lazy\" class=\"wp-image-212185 size-full\" src=\"http:\/\/rusoch.fr\/files\/2017\/11\/Zara.jpg\" alt=\"\" width=\"581\" height=\"387\" srcset=\"https:\/\/rusoch.fr\/files\/2017\/11\/Zara.jpg 581w, https:\/\/rusoch.fr\/files\/2017\/11\/Zara-569x379.jpg 569w\" sizes=\"(max-width: 581px) 100vw, 581px\" \/><\/a><p id=\"caption-attachment-212185\" class=\"wp-caption-text\">\u00a9Zara<\/p><\/div><\/p>\n<p>\u00e0 19h00 \u2013 un concert de gala de Zarifa MGOYAN (<strong>ZARA)<\/strong>, Artiste de l\u2019UNESCO pour la Paix, accompagn\u00e9e de <strong>Yulia SAMOYLOVA<\/strong> (chanteuse pop en fauteuil roulant), de <strong>Valentin TKACHENKO<\/strong> (jeune chanteur aveugle, interpr\u00e8te du r\u00e9pertoire de Andrea BOCELLI) et d\u2019un ensemble de jeunes malentendants \u00ab Les Mains Chantantes \u00bb.<\/p>\n<p>Veuillez consulter la page internet sur le site officiel de l&#39;UNESCO :<\/p>\n<p>https:\/\/fr.unesco.org\/ict-pwd-2017<br \/>\nhttps:\/\/ru.unesco.org\/ict-pwd-2017<\/p>\n<p><strong>Attention:<\/strong><br \/>\nLes int\u00e9ress\u00e9s sont invit\u00e9s \u00e0 s\u2019enregistrer en ligne \u00e0 l&#39;avance https:\/\/en.unesco.org\/ict-pwd-2017\/online-registration<br \/>\nLa confirmation imprim\u00e9e sera demand\u00e9e imp\u00e9rativement \u00e0 l&#39;entr\u00e9e :<\/p>\n<p><em>Maison de l\u2019UNESCO, salles II et I<\/em><br \/>\n<em> 125, avenue de Suffren \u2013 Paris 7e<\/em><br \/>\n<em> M\u00e9tro : S\u00e9gur-UNESCO, Cambronne<\/em><\/p>\n<p>&nbsp;<\/p>\n<p><strong>Sur le m\u00eame sujet:<\/strong><\/p>\n<blockquote class=\"wp-embedded-content\" data-secret=\"iMtDvKYdEA\">\n<p><a href=\"http:\/\/rusoch.fr\/fr\/cult\/zara-stala-v-parizhe-artistom-yunesko-vo-imya-mira.html\"> Zara, artiste de l&#039;Unesco pour la paix<\/a><\/p>\n<\/blockquote>\n<p><iframe class=\"wp-embedded-content\" sandbox=\"allow-scripts\" security=\"restricted\" style=\"position: absolute; clip: rect(1px, 1px, 1px, 1px);\" src=\"http:\/\/rusoch.fr\/fr\/cult\/zara-stala-v-parizhe-artistom-yunesko-vo-imya-mira.html\/embed#?secret=iMtDvKYdEA\" data-secret=\"iMtDvKYdEA\" width=\"600\" height=\"338\" title=\"\u00ab\u00a0 Zara, artiste de l&#039;Unesco pour la paix\u00a0\u00bb &#8212; \u0420\u0443\u0441\u0441\u043a\u0438\u0439 \u043e\u0447\u0435\u0432\u0438\u0434\u0435\u0446 | L\u2019Observateur Russe\" frameborder=\"0\" marginwidth=\"0\" marginheight=\"0\" scrolling=\"no\"><\/iframe><\/p>\n<blockquote class=\"wp-embedded-content\" data-secret=\"R86DzJCTse\">\n<p><a href=\"http:\/\/rusoch.fr\/fr\/temoin\/zara-spela-s-mirej-mate-v-parizhe-zara-a-chante-avec-m-mathieu.html\"> Zara a chant\u00e9 avec Mireille Mathieu \u00e0 Paris<\/a><\/p>\n<\/blockquote>\n<p><iframe class=\"wp-embedded-content\" sandbox=\"allow-scripts\" security=\"restricted\" style=\"position: absolute; clip: rect(1px, 1px, 1px, 1px);\" src=\"http:\/\/rusoch.fr\/fr\/temoin\/zara-spela-s-mirej-mate-v-parizhe-zara-a-chante-avec-m-mathieu.html\/embed#?secret=R86DzJCTse\" data-secret=\"R86DzJCTse\" width=\"600\" height=\"338\" title=\"\u00ab\u00a0 Zara a chant\u00e9 avec Mireille Mathieu \u00e0 Paris\u00a0\u00bb &#8212; \u0420\u0443\u0441\u0441\u043a\u0438\u0439 \u043e\u0447\u0435\u0432\u0438\u0434\u0435\u0446 | L\u2019Observateur Russe\" frameborder=\"0\" marginwidth=\"0\" marginheight=\"0\" scrolling=\"no\"><\/iframe><\/p>\n<p>&nbsp;<\/p>\n<p>&nbsp;<\/p>\n<p>&nbsp;<\/p>","protected":false},"excerpt":{"rendered":"<p>D\u00e9sol\u00e9, cet article est seulement disponible en Russe.<\/p>\n","protected":false},"author":2,"featured_media":212190,"comment_status":"open","ping_status":"open","sticky":false,"template":"","format":"standard","meta":[],"categories":[7],"tags":[2751,434],"aioseo_notices":[],"_links":{"self":[{"href":"https:\/\/rusoch.fr\/fr\/wp-json\/wp\/v2\/posts\/212180"}],"collection":[{"href":"https:\/\/rusoch.fr\/fr\/wp-json\/wp\/v2\/posts"}],"about":[{"href":"https:\/\/rusoch.fr\/fr\/wp-json\/wp\/v2\/types\/post"}],"author":[{"embeddable":true,"href":"https:\/\/rusoch.fr\/fr\/wp-json\/wp\/v2\/users\/2"}],"replies":[{"embeddable":true,"href":"https:\/\/rusoch.fr\/fr\/wp-json\/wp\/v2\/comments?post=212180"}],"version-history":[{"count":0,"href":"https:\/\/rusoch.fr\/fr\/wp-json\/wp\/v2\/posts\/212180\/revisions"}],"wp:featuredmedia":[{"embeddable":true,"href":"https:\/\/rusoch.fr\/fr\/wp-json\/wp\/v2\/media\/212190"}],"wp:attachment":[{"href":"https:\/\/rusoch.fr\/fr\/wp-json\/wp\/v2\/media?parent=212180"}],"wp:term":[{"taxonomy":"category","embeddable":true,"href":"https:\/\/rusoch.fr\/fr\/wp-json\/wp\/v2\/categories?post=212180"},{"taxonomy":"post_tag","embeddable":true,"href":"https:\/\/rusoch.fr\/fr\/wp-json\/wp\/v2\/tags?post=212180"}],"curies":[{"name":"wp","href":"https:\/\/api.w.org\/{rel}","templated":true}]}}